{"id":399270,"date":"2025-09-18T06:17:10","date_gmt":"2025-09-18T06:17:10","guid":{"rendered":"https:\/\/www.europesays.com\/fr\/399270\/"},"modified":"2025-09-18T06:17:10","modified_gmt":"2025-09-18T06:17:10","slug":"la-lourde-charge-de-la-patronne-de-france-televisions-delphine-ernotte","status":"publish","type":"post","link":"https:\/\/www.europesays.com\/fr\/399270\/","title":{"rendered":"la lourde charge de la patronne de France T\u00e9l\u00e9visions Delphine Ernotte"},"content":{"rendered":"<p class=\"article-p mdl\">En plein conflit entre l&rsquo;audiovisuel public et les m\u00e9dias du groupe Bollor\u00e9, la pr\u00e9sidente de France T\u00e9l\u00e9visions charge CNews, dans une interview au\u00a0<a class=\"link\" href=\"https:\/\/www.lemonde.fr\/economie\/article\/2025\/09\/18\/delphine-ernotte-presidente-de-france-televisions-la-galaxie-mediatique-de-vincent-bollore-veut-la-peau-de-l-audiovisuel-public_6641605_3234.html\" target=\"_blank\" rel=\"noopener\">Monde<\/a>\u00a0publi\u00e9e ce jeudi 18 septembre. C&rsquo;est \u00ab\u00a0une cha\u00eene d&rsquo;extr\u00eame droite\u00a0\u00bb, a accus\u00e9 Delphine Ernotte Cunci.\u00a0<\/p>\n<p class=\"article-p mdl\">\u00ab\u00a0Il faut admettre que CNews est un m\u00e9dia d&rsquo;opinion. Qu&rsquo;ils assument d&rsquo;\u00eatre une cha\u00eene d&rsquo;extr\u00eame droite !\u00a0\u00bb, a d\u00e9clar\u00e9 la dirigeante du groupe public, qui emploie pour la premi\u00e8re fois ce qualificatif au sujet de la cha\u00eene info, premi\u00e8re de France en part d&rsquo;audience.<\/p>\n<p class=\"article-p mdl\">Cette prise de parole intervient au lendemain de l&rsquo;audition par le r\u00e9gulateur de l&rsquo;audiovisuel, l&rsquo;Arcom, de Delphine Ernotte Cunci et de son homologue de Radio France, Sibyle Veil, au sujet de l&rsquo;affaire Legrand-Cohen. Les journalistes Thomas Legrand et Patrick Cohen sont accus\u00e9s de connivence avec le PS apr\u00e8s la diffusion d\u00e9but septembre, par le magazine conservateur L&rsquo;Incorrect, d&rsquo;une vid\u00e9o les montrant en pleine conversation avec deux responsables socialistes.<\/p>\n<p>            \u00ab\u00a0\u00c0 un moment, il faut dire stop\u00a0\u00bb<\/p>\n<p class=\"article-p mdl\">Cette affaire a provoqu\u00e9 un conflit in\u00e9dit, \u00e0 un an et demi de la pr\u00e9sidentielle de 2027. D&rsquo;un c\u00f4t\u00e9, les m\u00e9dias priv\u00e9s dans le giron du milliardaire conservateur Vincent Bollor\u00e9, dont CNews et la radio Europe 1, accusent l&rsquo;audiovisuel public de parti pris pour la gauche. De l&rsquo;autre, France T\u00e9l\u00e9visions et Radio France contre-attaquent et en appellent \u00e0 l&rsquo;Arcom et aux pouvoirs publics.<\/p>\n<p class=\"article-p mdl\">\u00ab\u00a0La galaxie m\u00e9diatique de Vincent Bollor\u00e9 veut la peau de l&rsquo;audiovisuel public, r\u00e9clame sa privatisation, et l&rsquo;exprime avec violence (&#8230;).\u00a0\u00c0\u00a0un moment, il faut dire stop\u00a0\u00bb, tonne\u00a0Delphine\u00a0Ernotte Cunci dans Le Monde. \u00ab\u00a0Ce qui m&rsquo;inqui\u00e8te d\u00e9sormais, c&rsquo;est qu&rsquo;une partie du personnel politique prend pour argent comptant ce qui est affirm\u00e9, et repris sur les r\u00e9seaux sociaux, sans v\u00e9rifier ce qui s&rsquo;est vraiment pass\u00e9 ; c&rsquo;est ce qu&rsquo;on appelle la post-v\u00e9rit\u00e9\u00a0\u00bb, poursuit-elle.<\/p>\n<p class=\"article-p mdl\">Interrog\u00e9e sur le fait de savoir si l&rsquo;audiovisuel public \u00e9tait suffisamment soutenu par l&rsquo;\u00c9tat et les politiques, elle a r\u00e9pondu: \u00ab\u00a0Je pose la question\u00a0\u00bb. \u00ab\u00a0Si ce soutien consiste \u00e0 garantir l&rsquo;ind\u00e9pendance de l&rsquo;audiovisuel public, donc un financement p\u00e9renne, alors on ne l&rsquo;a pas\u00a0\u00bb, a-t-elle d\u00e9velopp\u00e9, dans un contexte de fortes restrictions budg\u00e9taires.<\/p>\n<p class=\"s-newsletter__title\">\n                L\u2019actualit\u00e9 par la r\u00e9daction de RTL dans votre bo\u00eete mail.\n            <\/p>\n<p class=\"s-newsletter__subtitle\">\n                Gr\u00e2ce \u00e0 votre compte RTL abonnez-vous \u00e0 la newsletter RTL info pour suivre toute l&rsquo;actualit\u00e9 au quotidien\n            <\/p>\n<p>\n                                    Lire la suite\n                                <\/p>\n","protected":false},"excerpt":{"rendered":"En plein conflit entre l&rsquo;audiovisuel public et les m\u00e9dias du groupe Bollor\u00e9, la pr\u00e9sidente de France T\u00e9l\u00e9visions charge&hellip;\n","protected":false},"author":2,"featured_media":399271,"comment_status":"","ping_status":"","sticky":false,"template":"","format":"standard","meta":{"footnotes":""},"categories":[4],"tags":[11,107,1011,27,2400,500,12,25],"class_list":{"0":"post-399270","1":"post","2":"type-post","3":"status-publish","4":"format-standard","5":"has-post-thumbnail","7":"category-france","8":"tag-actualites","9":"tag-fil-info","10":"tag-fr","11":"tag-france","12":"tag-france-televisions","13":"tag-medias","14":"tag-news","15":"tag-republique-francaise"},"share_on_mastodon":{"url":"https:\/\/pubeurope.com\/@fr\/115223845012356639","error":""},"_links":{"self":[{"href":"https:\/\/www.europesays.com\/fr\/wp-json\/wp\/v2\/posts\/399270","targetHints":{"allow":["GET"]}}],"collection":[{"href":"https:\/\/www.europesays.com\/fr\/wp-json\/wp\/v2\/posts"}],"about":[{"href":"https:\/\/www.europesays.com\/fr\/wp-json\/wp\/v2\/types\/post"}],"author":[{"embeddable":true,"href":"https:\/\/www.europesays.com\/fr\/wp-json\/wp\/v2\/users\/2"}],"replies":[{"embeddable":true,"href":"https:\/\/www.europesays.com\/fr\/wp-json\/wp\/v2\/comments?post=399270"}],"version-history":[{"count":0,"href":"https:\/\/www.europesays.com\/fr\/wp-json\/wp\/v2\/posts\/399270\/revisions"}],"wp:featuredmedia":[{"embeddable":true,"href":"https:\/\/www.europesays.com\/fr\/wp-json\/wp\/v2\/media\/399271"}],"wp:attachment":[{"href":"https:\/\/www.europesays.com\/fr\/wp-json\/wp\/v2\/media?parent=399270"}],"wp:term":[{"taxonomy":"category","embeddable":true,"href":"https:\/\/www.europesays.com\/fr\/wp-json\/wp\/v2\/categories?post=399270"},{"taxonomy":"post_tag","embeddable":true,"href":"https:\/\/www.europesays.com\/fr\/wp-json\/wp\/v2\/tags?post=399270"}],"curies":[{"name":"wp","href":"https:\/\/api.w.org\/{rel}","templated":true}]}}