{"id":399276,"date":"2025-09-18T06:24:15","date_gmt":"2025-09-18T06:24:15","guid":{"rendered":"https:\/\/www.europesays.com\/fr\/399276\/"},"modified":"2025-09-18T06:24:15","modified_gmt":"2025-09-18T06:24:15","slug":"alpine-f1-reculer-pour-mieux-sauter","status":"publish","type":"post","link":"https:\/\/www.europesays.com\/fr\/399276\/","title":{"rendered":"Alpine F1 &#8211; Reculer pour mieux sauter ?"},"content":{"rendered":"<p class=\"field_LQ1162C\">C\u2019est l\u2019histoire d\u2019une boussole dont l\u2019aiguille h\u00e9site \u00e0 retrouver le Nord. Depuis 2021, la m\u00e9canique semble parfois se d\u00e9r\u00e9gler, avant de laisser entrevoir des sursauts encourageants. Mais ces \u00e9claircies peinent \u00e0 s\u2019inscrire dans la dur\u00e9e. Depuis la transition de <a href=\"https:\/\/www.autohebdo.fr\/actualites\/ecurie\/renault-f1-team\" data-internallinksmanager029f6b8e52c=\"84\" title=\"Ecurie Renault F1 Team\" target=\"_blank\" rel=\"noopener\">Renault<\/a> \u00e0 <a href=\"https:\/\/www.autohebdo.fr\/actualites\/monoplace\/fr-alpine\" data-internallinksmanager029f6b8e52c=\"18\" title=\"Alpine\" target=\"_blank\" rel=\"noopener\">Alpine<\/a>, il y a un peu plus de quatre ans, l\u2019\u00e9quipe n\u2019a pas encore atteint les sommets esp\u00e9r\u00e9s : ni au c\u0153ur de la lutte pour les victoires, ni r\u00e9guli\u00e8rement install\u00e9e sur le podium. Le contraste est frappant : fin 2022, les Fran\u00e7ais parvenaient \u00e0 devancer <a href=\"https:\/\/www.autohebdo.fr\/actualites\/ecurie\/mclaren\" data-internallinksmanager029f6b8e52c=\"76\" title=\"Ecurie F1 McLaren Racing\" target=\"_blank\" rel=\"noopener\">McLaren<\/a> pour d\u00e9crocher la quatri\u00e8me place du championnat Constructeurs. Deux ans plus tard, les Britanniques enlevaient le titre mondial et s\u2019appr\u00eatent \u00e0 le reproduire en 2025, en y ajoutant celui des Pilotes<\/p>\n","protected":false},"excerpt":{"rendered":"C\u2019est l\u2019histoire d\u2019une boussole dont l\u2019aiguille h\u00e9site \u00e0 retrouver le Nord. Depuis 2021, la m\u00e9canique semble parfois se&hellip;\n","protected":false},"author":2,"featured_media":399277,"comment_status":"","ping_status":"","sticky":false,"template":"","format":"standard","meta":{"footnotes":""},"categories":[1412],"tags":[2674,1451,1452,1453,1454,1455,1011,27,60],"class_list":{"0":"post-399276","1":"post","2":"type-post","3":"status-publish","4":"format-standard","5":"has-post-thumbnail","7":"category-f1","8":"tag-alpine","9":"tag-f1","10":"tag-formula-1","11":"tag-formula1","12":"tag-formule-1","13":"tag-formule1","14":"tag-fr","15":"tag-france","16":"tag-sports"},"share_on_mastodon":{"url":"https:\/\/pubeurope.com\/@fr\/115223872380469892","error":""},"_links":{"self":[{"href":"https:\/\/www.europesays.com\/fr\/wp-json\/wp\/v2\/posts\/399276","targetHints":{"allow":["GET"]}}],"collection":[{"href":"https:\/\/www.europesays.com\/fr\/wp-json\/wp\/v2\/posts"}],"about":[{"href":"https:\/\/www.europesays.com\/fr\/wp-json\/wp\/v2\/types\/post"}],"author":[{"embeddable":true,"href":"https:\/\/www.europesays.com\/fr\/wp-json\/wp\/v2\/users\/2"}],"replies":[{"embeddable":true,"href":"https:\/\/www.europesays.com\/fr\/wp-json\/wp\/v2\/comments?post=399276"}],"version-history":[{"count":0,"href":"https:\/\/www.europesays.com\/fr\/wp-json\/wp\/v2\/posts\/399276\/revisions"}],"wp:featuredmedia":[{"embeddable":true,"href":"https:\/\/www.europesays.com\/fr\/wp-json\/wp\/v2\/media\/399277"}],"wp:attachment":[{"href":"https:\/\/www.europesays.com\/fr\/wp-json\/wp\/v2\/media?parent=399276"}],"wp:term":[{"taxonomy":"category","embeddable":true,"href":"https:\/\/www.europesays.com\/fr\/wp-json\/wp\/v2\/categories?post=399276"},{"taxonomy":"post_tag","embeddable":true,"href":"https:\/\/www.europesays.com\/fr\/wp-json\/wp\/v2\/tags?post=399276"}],"curies":[{"name":"wp","href":"https:\/\/api.w.org\/{rel}","templated":true}]}}