{"id":399284,"date":"2025-09-18T06:28:27","date_gmt":"2025-09-18T06:28:27","guid":{"rendered":"https:\/\/www.europesays.com\/fr\/399284\/"},"modified":"2025-09-18T06:28:27","modified_gmt":"2025-09-18T06:28:27","slug":"paris-un-appartement-de-collectionneur-pense-comme-un-repaire-rose-bonbon","status":"publish","type":"post","link":"https:\/\/www.europesays.com\/fr\/399284\/","title":{"rendered":"Paris : un appartement de collectionneur pens\u00e9 comme un repaire rose bonbon"},"content":{"rendered":"<p><img fetchpriority=\"high\" decoding=\"async\" width=\"1920\" height=\"1508\" src=\"https:\/\/www.europesays.com\/fr\/wp-content\/uploads\/2025\/09\/74a6384-r.jpg\" alt=\"\" class=\"wp-image-62604\"  \/>Dans la salle \u00e0 manger, tapis de Nordic Knots. La table chin\u00e9e aux puces de Saint-Ouen est entour\u00e9e de chaises d\u00e9nich\u00e9es chez un antiquaire, dans le Marais. Au mur, entre deux appliques vintage achet\u00e9es \u00e0 Bruxelles, une \u0153uvre de l\u2019artiste Michael McGregor.<\/p>\n<p class=\"has-drop-cap\">\u00ab\u00a0Je cherchais une bo\u00eete blanche pour pouvoir laisser libre cours \u00e0 ma cr\u00e9ativit\u00e9 et ma sensibilit\u00e9\u00a0\u00bb explique Guillaume Delacroix \u00e0 propos de son nouvel appartement parisien. Seul pr\u00e9requis, l\u2019espace devait \u00eatre assez vaste pour accueillir le canap\u00e9 \u201cRose\u201d de <a href=\"https:\/\/www.milkdecoration.com\/le-designer-joris-poggioli-signe-le-renouveau-de-youth-editions\/\" target=\"_blank\" rel=\"noreferrer noopener\">Joris Poggioli<\/a>, une pi\u00e8ce majestueuse form\u00e9e d\u2019un assemblage de quatre boudins en velours c\u00f4tel\u00e9. \u00c0 la t\u00eate de son agence de communication fond\u00e9e avec son associ\u00e9 Wassim Saliba \u00e0 Paris en 2015 et d\u00e9sormais implant\u00e9e \u00e0 <a href=\"https:\/\/www.milkdecoration.com\/tag\/new-york\/\" target=\"_blank\" rel=\"noreferrer noopener\">New York<\/a> et plus r\u00e9cemment \u00e0 Londres, Guillaume a aiguis\u00e9 son go\u00fbt pour le beau en parcourant les march\u00e9s aux puces avec son p\u00e8re au fil de ses mutations professionnelles \u00e0 New York, \u00e0 <a href=\"https:\/\/www.milkdecoration.com\/voici-le-nouvel-hotel-le-plus-cool-de-vienne\/\" target=\"_blank\" rel=\"noreferrer noopener\">Vienne<\/a> ou encore \u00e0 Budapest. Une habitude qu\u2019il conserve aujourd\u2019hui d\u00e8s qu\u2019il voyage. Plus qu\u2019une tradition instaur\u00e9e durant son adolescence, cette passion pour la chine le conduit \u00e0 passer plusieurs heures en ligne, sur le site 1stDibs notamment, sans forc\u00e9ment rechercher une pi\u00e8ce pr\u00e9cise mais pour le plaisir de laisser vagabonder son regard et attraper les objets qui l\u2019interpellent. Guid\u00e9 par son instinct et sa formation en histoire de l\u2019art \u00e0 la Sorbonne, le Parisien collectionne le design et l\u2019art pour am\u00e9nager son appartement dans la capitale et sa maison de campagne.<\/p>\n<p>Situ\u00e9 dans le 11e arrondissement, cet int\u00e9rieur ne repr\u00e9sente pas une d\u00e9monstration de force de son locataire. Le communicant l\u2019a am\u00e9nag\u00e9 comme un lieu de vie intimiste. Un pied-\u00e0-terre et un refuge pour celui qui voyage au rythme des Fashion Weeks et des \u00e9v\u00e9nements des marques de mode, de beaut\u00e9 et de design qu\u2019il repr\u00e9sente. V\u00e9ritable parti pris, la moquette rose permet de ne pas d\u00e9ranger la tranquillit\u00e9 du voisin de l\u2019\u00e9tage inf\u00e9rieur. Sa singularit\u00e9 permet de cr\u00e9er une atmosph\u00e8re accueillante et d\u2019\u00e9veiller diff\u00e9rents sens, le toucher lorsque l\u2019on d\u00e9ambule pieds nus et la vue avec cette teinte bonbon qui apporte un autre regard sur cet appartement. Pour composer son d\u00e9cor, Guillaume est all\u00e9 puiser dans son r\u00e9pertoire existant. Ici, il fait cohabiter des pi\u00e8ces de designers comme le canap\u00e9 \u201cBambole\u201d de Mario Bellini retapiss\u00e9 de cuir cr\u00e8me, ainsi que la table basse \u201cPetalas\u201d du Br\u00e9silien Jorge Zalszupin. Cette panoplie pointue r\u00e9pond \u00e0 des objets \u00e0 la valeur affective, comme un hippocampe jaune trouv\u00e9 pour 5 euros pr\u00e8s de Vienne. Dans son appartement, les \u00e9l\u00e9ments se r\u00e9pondent dans une harmonie chromatique, \u00e0 l\u2019image du paravent qui habille le salon et conf\u00e8re un c\u00f4t\u00e9 th\u00e9\u00e2tral \u00e0 ce double espace de r\u00e9ception.<\/p>\n<p><img loading=\"lazy\" decoding=\"async\" width=\"1920\" height=\"1279\" src=\"https:\/\/www.europesays.com\/fr\/wp-content\/uploads\/2025\/09\/74a6233-r.jpg\" alt=\"\" class=\"wp-image-62602\"  \/>Dans le salon, l\u2019\u0153uvre textile de Sylvie Selig se conjugue harmonieusement avec le canap\u00e9 \u201cRose\u201d de Joris Poggioli. Table basse \u201cPetalas\u201d de Jorge Zalszupin. Au premier plan, canap\u00e9 \u201cBambole\u201d de Mario Bellini. \u00c0 droite, sculpture en bronze de Florence Jacquesson.<\/p>\n<p>Dans la chambre, le lit plac\u00e9 \u00e0 hauteur du sol et recouvert de linge de lit immacul\u00e9 s\u2019efface pour ne retenir que ce qui l\u2019entoure. Sous la fen\u00eatre, un canap\u00e9 vintage \u00e0 fleurs trouve miraculeusement sa place entre deux rangements. Un coup de chance illustrant le mode op\u00e9ratoire de Guillaume qui habite cet appartement en suivant son intuition. Cette pi\u00e8ce d\u00e9nich\u00e9e au march\u00e9 aux puces de Vanves pour quelques centaines d\u2019euros c\u00f4toie des assiettes du c\u00e9ramiste Hylton Nel, dont les cr\u00e9ations ont r\u00e9cemment servi de d\u00e9cor au d\u00e9fil\u00e9 <a href=\"https:\/\/www.milkdecoration.com\/tag\/dior\/\" target=\"_blank\" rel=\"noreferrer noopener\">Dior<\/a> homme printemps-\u00e9t\u00e9 2025. Install\u00e9 depuis un an, le Parisien estime que la d\u00e9coration de son int\u00e9rieur est termin\u00e9e. Il signe un cabinet de curiosit\u00e9s ordonn\u00e9 o\u00f9 s\u2019exprime librement son go\u00fbt personnel. <\/p>\n<p>\n                    Au mur, dans la chambre, meuble indien rapport\u00e9 d\u2019un voyage \u00e0 Londres. La photo pos\u00e9e \u00e0 m\u00eame le sol est de Laura Jane Coulson.                <\/p>\n<p>\n                    Canap\u00e9 chin\u00e9 aux puces de Vanves. Les assiettes accroch\u00e9es au-dessus des placards ont \u00e9t\u00e9 r\u00e9alis\u00e9es par le c\u00e9ramiste Hylton Nel.                <\/p>\n<p>\n                    Dans l\u2019entr\u00e9e, console de Joris Poggioli, surmont\u00e9e d\u2019un miroir chin\u00e9 chez Barracuda Interiors, \u00e0 Lisbonne. Les ex-voto c\u0153urs viennent d\u2019un march\u00e9 \u00e0 Mexico.                <\/p>\n<p>\n                    Paravent italien des ann\u00e9es 1960. \u00c0 l\u2019arri\u00e8re-plan, dans le couloir, petites sculptures du B\u00e9nin en forme de l\u00e9opard chin\u00e9es.                <\/p>\n","protected":false},"excerpt":{"rendered":"Dans la salle \u00e0 manger, tapis de Nordic Knots. La table chin\u00e9e aux puces de Saint-Ouen est entour\u00e9e&hellip;\n","protected":false},"author":2,"featured_media":399285,"comment_status":"","ping_status":"","sticky":false,"template":"","format":"standard","meta":{"footnotes":""},"categories":[1358],"tags":[1348,1384,1385,4397,1386,58,59,1011,27,16978,53098,8886,626,18865],"class_list":{"0":"post-399284","1":"post","2":"type-post","3":"status-publish","4":"format-standard","5":"has-post-thumbnail","7":"category-arts-et-design","8":"tag-arts","9":"tag-arts-and-design","10":"tag-arts-et-design","11":"tag-decoration","12":"tag-design","13":"tag-divertissement","14":"tag-entertainment","15":"tag-fr","16":"tag-france","17":"tag-interieur","18":"tag-joris-poggioli","19":"tag-mobilier","20":"tag-paris","21":"tag-tribu"},"share_on_mastodon":{"url":"https:\/\/pubeurope.com\/@fr\/115223888712413481","error":""},"_links":{"self":[{"href":"https:\/\/www.europesays.com\/fr\/wp-json\/wp\/v2\/posts\/399284","targetHints":{"allow":["GET"]}}],"collection":[{"href":"https:\/\/www.europesays.com\/fr\/wp-json\/wp\/v2\/posts"}],"about":[{"href":"https:\/\/www.europesays.com\/fr\/wp-json\/wp\/v2\/types\/post"}],"author":[{"embeddable":true,"href":"https:\/\/www.europesays.com\/fr\/wp-json\/wp\/v2\/users\/2"}],"replies":[{"embeddable":true,"href":"https:\/\/www.europesays.com\/fr\/wp-json\/wp\/v2\/comments?post=399284"}],"version-history":[{"count":0,"href":"https:\/\/www.europesays.com\/fr\/wp-json\/wp\/v2\/posts\/399284\/revisions"}],"wp:featuredmedia":[{"embeddable":true,"href":"https:\/\/www.europesays.com\/fr\/wp-json\/wp\/v2\/media\/399285"}],"wp:attachment":[{"href":"https:\/\/www.europesays.com\/fr\/wp-json\/wp\/v2\/media?parent=399284"}],"wp:term":[{"taxonomy":"category","embeddable":true,"href":"https:\/\/www.europesays.com\/fr\/wp-json\/wp\/v2\/categories?post=399284"},{"taxonomy":"post_tag","embeddable":true,"href":"https:\/\/www.europesays.com\/fr\/wp-json\/wp\/v2\/tags?post=399284"}],"curies":[{"name":"wp","href":"https:\/\/api.w.org\/{rel}","templated":true}]}}