{"id":399288,"date":"2025-09-18T06:30:18","date_gmt":"2025-09-18T06:30:18","guid":{"rendered":"https:\/\/www.europesays.com\/fr\/399288\/"},"modified":"2025-09-18T06:30:18","modified_gmt":"2025-09-18T06:30:18","slug":"jlc-family-seule-saison-08-episode-03-du-18-septembre-2025-jlc-family","status":"publish","type":"post","link":"https:\/\/www.europesays.com\/fr\/399288\/","title":{"rendered":"JLC Family : Seule &#8211; Saison 08 Episode 03 du 18 septembre 2025 &#8211; JLC Family"},"content":{"rendered":"<p id=\"descriptionPanel\" class=\"text-secondary mr-2 line-clamp-2 pr-2.5 overflow-visible\">Jazz vit une journ\u00e9e d&rsquo;anniversaire pleine de tensions. Lors du repas, elle craque sous le poids des soucis avec Laurent et reproche \u00e0 Sandra et Olivier leur manque d&rsquo;accueil alors qu&rsquo;elle traversait des moments difficiles. Ces accusations blessent Sandra, qui estime avoir fait de son mieux, et elle quitte la table vex\u00e9e. Parall\u00e8lement, Jazz tente de r\u00e9soudre les malentendus avec Sandra, tandis qu&rsquo;Olivier cherche \u00e0 calmer les esprits. Malgr\u00e9 ces conflits, ses proches, dont Emine, s&rsquo;efforcent de lui offrir une journ\u00e9e m\u00e9morable avec des gestes attentionn\u00e9s pour marquer son anniversaire. JLC Family : Seule Saison 08 Episode 03<br \/>En savoir plus sur <a class=\"text-white hover:text-blue-500\" href=\"https:\/\/www.tf1.fr\/dossier\/les-enfants-de-la-jlc-03584105\" target=\"_blank\" rel=\"noopener\">Les enfants de la JLC<\/a>, <a class=\"text-white hover:text-blue-500\" href=\"https:\/\/www.tf1.fr\/dossier\/jazz-lcvb-2\" target=\"_blank\" rel=\"noopener\">Jazz Correia<\/a>, <a class=\"text-white hover:text-blue-500\" href=\"https:\/\/www.tf1.fr\/dossier\/olivier-68095120\" target=\"_blank\" rel=\"noopener\">Olivier Piccione<\/a>, <a class=\"text-white hover:text-blue-500\" href=\"https:\/\/www.tf1.fr\/dossier\/justine-pepos-01066412\" target=\"_blank\" rel=\"noopener\">Justine Pepos<\/a> ou <a class=\"text-white hover:text-blue-500\" href=\"https:\/\/www.tf1.fr\/dossier\/sandra-garnier-25925428\" target=\"_blank\" rel=\"noopener\">Sandra Garnier<\/a><\/p>\n<p>Afficher la version longue du r\u00e9sum\u00e9<a class=\"shrink-0\" href=\"https:\/\/www.tf1.fr\/tfx\/jlc-family-lincroyable-ete-de-jazz-et-laurent\" target=\"_blank\" rel=\"noopener\"><img decoding=\"async\" src=\"https:\/\/www.europesays.com\/fr\/wp-content\/uploads\/2025\/09\/program-card-portrait-1-jlc-family-seule-480f5c-52e2e6-0@1x.jpg\" width=\"138\" height=\"184\" alt=\"\" loading=\"eager\" fetchpriority=\"auto\" class=\"rounded-3px aspect-[3\/4] h-24 w-auto\" aria-hidden=\"true\"\/><\/a><\/p>\n","protected":false},"excerpt":{"rendered":"Jazz vit une journ\u00e9e d&rsquo;anniversaire pleine de tensions. Lors du repas, elle craque sous le poids des soucis&hellip;\n","protected":false},"author":2,"featured_media":395339,"comment_status":"","ping_status":"","sticky":false,"template":"","format":"standard","meta":{"footnotes":""},"categories":[1356],"tags":[58,59,1365,12264,52013,43632,1011,27,12266,12265,52014,52019,52023,52012,52020,52024,52017,52016,52021,52022,12268,52018,252,1364,12267,52015],"class_list":{"0":"post-399288","1":"post","2":"type-post","3":"status-publish","4":"format-standard","5":"has-post-thumbnail","7":"category-television","8":"tag-divertissement","9":"tag-entertainment","10":"tag-episode","11":"tag-episode-jlc-family","12":"tag-episode-jlc-family-tfx","13":"tag-episode-tfx","14":"tag-fr","15":"tag-france","16":"tag-jlc-family","17":"tag-jlc-family-episode","18":"tag-jlc-family-episode-tfx","19":"tag-jlc-family-streaming","20":"tag-jlc-family-streaming-gratuit","21":"tag-jlc-family-tfx","22":"tag-jlc-family-tfx-streaming","23":"tag-jlc-family-tfx-streaming-gratuit","24":"tag-jlc-family-tfx-video","25":"tag-jlc-family-video","26":"tag-streaming-gratuit-jlc-family","27":"tag-streaming-gratuit-jlc-family-tfx","28":"tag-streaming-jlc-family","29":"tag-streaming-jlc-family-tfx","30":"tag-television","31":"tag-tv","32":"tag-video-jlc-family","33":"tag-video-jlc-family-tfx"},"share_on_mastodon":{"url":"","error":"Validation failed: Text character limit of 500 exceeded"},"_links":{"self":[{"href":"https:\/\/www.europesays.com\/fr\/wp-json\/wp\/v2\/posts\/399288","targetHints":{"allow":["GET"]}}],"collection":[{"href":"https:\/\/www.europesays.com\/fr\/wp-json\/wp\/v2\/posts"}],"about":[{"href":"https:\/\/www.europesays.com\/fr\/wp-json\/wp\/v2\/types\/post"}],"author":[{"embeddable":true,"href":"https:\/\/www.europesays.com\/fr\/wp-json\/wp\/v2\/users\/2"}],"replies":[{"embeddable":true,"href":"https:\/\/www.europesays.com\/fr\/wp-json\/wp\/v2\/comments?post=399288"}],"version-history":[{"count":0,"href":"https:\/\/www.europesays.com\/fr\/wp-json\/wp\/v2\/posts\/399288\/revisions"}],"wp:featuredmedia":[{"embeddable":true,"href":"https:\/\/www.europesays.com\/fr\/wp-json\/wp\/v2\/media\/395339"}],"wp:attachment":[{"href":"https:\/\/www.europesays.com\/fr\/wp-json\/wp\/v2\/media?parent=399288"}],"wp:term":[{"taxonomy":"category","embeddable":true,"href":"https:\/\/www.europesays.com\/fr\/wp-json\/wp\/v2\/categories?post=399288"},{"taxonomy":"post_tag","embeddable":true,"href":"https:\/\/www.europesays.com\/fr\/wp-json\/wp\/v2\/tags?post=399288"}],"curies":[{"name":"wp","href":"https:\/\/api.w.org\/{rel}","templated":true}]}}