{"id":399297,"date":"2025-09-18T06:35:13","date_gmt":"2025-09-18T06:35:13","guid":{"rendered":"https:\/\/www.europesays.com\/fr\/399297\/"},"modified":"2025-09-18T06:35:13","modified_gmt":"2025-09-18T06:35:13","slug":"jean-michel-aphatie-decrypte-sa-mecanique","status":"publish","type":"post","link":"https:\/\/www.europesays.com\/fr\/399297\/","title":{"rendered":"Jean-Michel Aphatie d\u00e9crypte sa m\u00e9canique"},"content":{"rendered":"<p>        <img decoding=\"async\" loading=\"lazy\" src=\"https:\/\/www.europesays.com\/fr\/wp-content\/uploads\/2025\/09\/bfe6fbc_sirius-fs-upload-1-37zvhkh2pkyo-1741187189824-capture-da-a-cran-2025-03-05-160619.png\"  width=\"728\" height=\"409\" alt=\"Chroniqueur pour l\u2019\u00e9mission Quotidien sur TMC, Jean-Michel Aphatie publie \u00ab\u00a0T\u2019es une merde fr\u00e8re, sign\u00e9 Hanouna\u00a0\u00bb, un livre dans lequel il compare la m\u00e9canique de l\u2019animateur fran\u00e7ais \u00e0 celle de Donald Trump.\"\/>  <\/p>\n<p>Capture d\u2019\u00e9cran X<\/p>\n<p>Chroniqueur pour l\u2019\u00e9mission Quotidien sur TMC, Jean-Michel Aphatie publie \u00ab\u00a0T\u2019es une merde fr\u00e8re, sign\u00e9 Hanouna\u00a0\u00bb, un livre dans lequel il compare la m\u00e9canique de l\u2019animateur fran\u00e7ais \u00e0 celle de Donald Trump.<\/p>\n<p class=\"asset asset-text\">T\u00c9L\u00c9VISION &#8211; Jean-Michel Aphatie l\u2019a constat\u00e9 tout au long de son enqu\u00eate\u00a0: <strong>\u00ab\u00a0<\/strong><a href=\"https:\/\/www.huffingtonpost.fr\/divertissement\/article\/cyril-hanouna-commence-tout-beau-tout-neuf-sur-w9-et-recoit-les-encouragements-de-son-ancien-patron_254266.html\" target=\"_blank\" rel=\"noopener\">Cyril Hanouna<\/a> fait vraiment peur. Et \u00e0 beaucoup de gens\u00a0\u00bb. R\u00e9sultat, tr\u00e8s peu de personnes ont accept\u00e9 de t\u00e9moigner publiquement dans <a href=\"https:\/\/www.huffingtonpost.fr\/culture\/article\/jean-michel-aphatie-publie-un-livre-sur-cyril-hanouna-et-le-titre-est-tire-d-un-sms-insultant-qu-il-lui-a-envoye_254373.html\" target=\"_blank\" rel=\"noopener\">le livre T\u2019es une merde fr\u00e8re. Sign\u00e9 Hanouna<\/a> qu\u2019il publie ce jeudi 18\u00a0septembre.<\/p>\n<p class=\"asset asset-text\">Le journaliste signe une autopsie de la pr\u00e9sence de Cyril Hanouna sur C8\u00a0jusqu\u2019\u00e0 <a href=\"https:\/\/www.huffingtonpost.fr\/medias\/article\/cyril-hanouna-anti-wokisme-et-philippe-de-villiers-la-bollosphere-a-l-uvre-pour-le-grand-final-de-c8_246817.html\" target=\"_blank\" rel=\"noopener\">la disparition de cette cha\u00eene<\/a> \u00e0 la fin de l\u2019hiver dernier. \u00ab\u00a0\u00c0 partir du moment o\u00f9 <a href=\"https:\/\/www.huffingtonpost.fr\/medias\/article\/le-parisien-bientot-vendu-a-vincent-bollore-les-journalistes-du-groupe-s-y-opposent-fermement_254630.html\" target=\"_blank\" rel=\"noopener\">Vincent Bollor\u00e9<\/a> lui a procur\u00e9 un confort financier, il va se laisser aller \u00e0 des comportements jamais vus jusqu\u2019alors et qu\u2019aucun autre patron de cha\u00eene n\u2019aurait laiss\u00e9 faire, constate <a href=\"https:\/\/www.huffingtonpost.fr\/medias\/article\/jean-michel-aphatie-persiste-et-signe-sur-l-algerie-dans-une-tribune-pour-liberation_247471.html\" target=\"_blank\" rel=\"noopener\">Jean-Michel Aphatie<\/a> qui s\u2019interroge\u00a0: Ce populisme t\u00e9l\u00e9visuel qui existe, peut-il devenir un populisme politique\u00a0?\u00a0\u00bb<\/p>\n<p class=\"asset asset-text\">Dans un entretien au HuffPost, il d\u00e9crit cette m\u00e9canique dangereuse, pointe des responsables (notamment politiques) et fait m\u00eame un mea culpa. Car oui, m\u00eame pour lui, le plateau de TPMP n\u2019a pas toujours \u00e9t\u00e9 infr\u00e9quentable.<\/p>\n<p class=\"asset asset-text\"><strong>En 2021, quand vous allez une seconde fois dans TPMP, l\u2019\u00e9mission a d\u00e9j\u00e0 beaucoup fait parler d\u2019elle en mal. Pourquoi y \u00eatre retourn\u00e9\u00a0?<\/strong><\/p>\n<p class=\"asset asset-text\">J\u2019y suis all\u00e9 car je n\u2019avais pas conscience de ce qu\u2019\u00e9tait Cyril Hanouna. Je connaissais certaines de ses frasques mais je ne le prenais pas au s\u00e9rieux. C\u2019\u00e9tait une erreur. Je l\u2019ai ensuite regard\u00e9 diff\u00e9remment \u00e0 partir de l\u2019affaire Lola et ce livre est le point d\u2019aboutissement du choc que j\u2019ai ressenti \u00e0 ce moment-l\u00e0. C\u2019est en enqu\u00eatant que j\u2019ai pris conscience de l\u2019intensit\u00e9 du probl\u00e8me et de tout ce qu\u2019il avait pu instiller dans les t\u00eates\u00a0pendant ces\u00a0ann\u00e9es.<\/p>\n<p class=\"asset asset-text\"><strong>En quoi <a href=\"https:\/\/www.huffingtonpost.fr\/divertissement\/article\/mort-de-lola-c8-et-hanouna-mis-en-demeure-pour-leur-traitement_210421.html\" target=\"_blank\" rel=\"noopener\">son traitement de l\u2019affaire Lola<\/a> marque-t-il une bascule\u00a0?<\/strong><\/p>\n<p class=\"asset asset-text\">Une des id\u00e9es importantes en d\u00e9mocratie est que quel que soit le crime que l\u2019on vous reproche, vous devez pouvoir trouver un avocat pour que vos droits soient respect\u00e9s. Cela assure que les r\u00e8gles sont appliqu\u00e9es de mani\u00e8re \u00e9quitable\u00a0; c\u2019est la seule mani\u00e8re de rendre la sanction acceptable.<\/p>\n<p class=\"asset asset-text\">Alors quand, \u00e0 propos de ce meurtre singuli\u00e8rement \u00e9pouvantable, j\u2019ai entendu Cyril Hanouna dire \u00ab\u00a0pas de proc\u00e8s, pas d\u2019avocat et la perp\u00e9tuit\u00e9 direct\u00a0\u00bb, je me suis dit que nous \u00e9tions face \u00e0 un discours populiste, pratiquement barbare auquel il fallait \u00eatre plus attentif. Et comme il \u00e9tait capable de r\u00e9unir\u00a0de la sympathie autour de ce discours, j\u2019ai consid\u00e9r\u00e9 qu\u2019il devenait un objet d\u2019\u00e9tude pour le journaliste politique que je suis.<\/p>\n<p class=\"asset asset-text\"><strong>Comment la politique est-elle devenue centrale dans son \u00e9mission\u00a0?<\/strong><\/p>\n<p class=\"asset asset-text\">Le slogan initial de TPMP c\u2019est \u00ab\u00a0ce n\u2019est que de la t\u00e9l\u00e9\u00a0\u00bb. L\u2019\u00e9mission est bon enfant mais\u00a0le succ\u00e8s aidant, il va se sentir \u00e0 l\u2019\u00e9troit dans ce champ d\u2019analyse. La premi\u00e8re \u00e9tape que je rel\u00e8ve est franchie avec ce d\u00e9bat qui a eu lieu en 2018\u00a0: \u00ab\u00a0avortement, pour ou contre\u00a0?\u00a0\u00bb.<\/p>\n<p class=\"asset asset-text\">On voit\u00a0qu\u2019il est attir\u00e9 par les sujets de soci\u00e9t\u00e9 mais c\u2019est la crise des Gilets jaunes qui lui permet d\u2019entrer significativement dans le d\u00e9bat politique. Il commence en \u00e9tant le\u00a0pont entre ceux qui manifestent et ceux qui d\u00e9cident. Mais il ne reste pas longtemps un trait d\u2019union et devient un influenceur politique. On voit l\u2019\u00e9volution\u00a0: au d\u00e9but ce n\u2019est que de la t\u00e9l\u00e9vision, puis il s\u2019int\u00e9resse aux probl\u00e8mes de soci\u00e9t\u00e9, puis \u00e0 la politique, ensuite il donne son avis sur la politique et enfin, <a href=\"https:\/\/www.huffingtonpost.fr\/politique\/video\/cyril-hanouna-candidat-a-la-presidentielle-de-2027-a-gauche-comme-a-droite-l-hypothese-laisse-incredule_249397.html\" target=\"_blank\" rel=\"noopener\">il a envie d\u2019\u00eatre candidat<\/a>.<\/p>\n<p>                          <img decoding=\"async\" loading=\"lazy\" src=\"https:\/\/www.europesays.com\/fr\/wp-content\/uploads\/2025\/09\/bdaa090_sirius-fs-upload-1-grcljuxwb4b1-1740695421075-capture-d-cran-2025-02-27-232104.png\"  width=\"728\" height=\"409\" alt=\"Apr\u00e8s avoir d\u00e9nonc\u00e9 l\u2019\u00e9lection de Donald Trump en 2016, Cyril Hanouna s\u2019est f\u00e9licit\u00e9 de sa victoire en 2024.\"\/>  <\/p>\n<p>TPMP<\/p>\n<p>Apr\u00e8s avoir d\u00e9nonc\u00e9 l\u2019\u00e9lection de Donald Trump en 2016, Cyril Hanouna s\u2019est f\u00e9licit\u00e9 de sa victoire en 2024.<\/p>\n<p class=\"asset asset-text\"><strong>Est-ce\u00a0pour cela que vous\u00a0parlez de Trump \u00e0 la fran\u00e7aise\u00a0?<\/strong><\/p>\n<p class=\"asset asset-text\">Exactement. Cyril Hanouna a envie de faire comme\u00a0Donald Trump, c\u2019est-\u00e0-dire convertir sa c\u00e9l\u00e9brit\u00e9 t\u00e9l\u00e9visuelle en capital politique. Et il le fait avec les\u00a0m\u00eames armes\u00a0: virilisme, autoritarisme avec l\u2019humiliation comme marque, l\u2019insulte et la d\u00e9valorisation des gens qu\u2019il n\u2019aime pas. Derri\u00e8re cette attitude, c\u2019est une vision de la soci\u00e9t\u00e9 qu\u2019il d\u00e9veloppe. Et l\u2019avis qu\u2019il donne\u00a0nourrit la sympathie qu\u2019il a pour \u00c9ric Zemmour, l\u2019amiti\u00e9 pour Jordan Bardella et le respect qu\u2019il affiche pour Bruno Retailleau. On voit de quel c\u00f4t\u00e9 il penche.<\/p>\n<p class=\"asset asset-text\"><strong>Dans le livre, vous accusez certains politiques d\u2019\u00eatre \u00ab\u00a0des complices\u00a0\u00bb. En quoi Marl\u00e8ne Schiappa en est-elle une\u00a0?<\/strong><\/p>\n<p class=\"asset asset-text\">Marl\u00e8ne Schiappa est \u00e0 peine install\u00e9e au minist\u00e8re des Droits des femmes quand elle demande \u00e0 Cyril Hanouna de venir le voir. <a href=\"https:\/\/www.huffingtonpost.fr\/medias\/article\/homophobie-dans-tpmp-bouleverse-cyril-hanouna-publie-une-lettre-d-excuse_101093.html\" target=\"_blank\" rel=\"noopener\">Le sketch homophobe<\/a> venait de se produire et elle ne trouve pas autre chose \u00e0 lui dire qu\u2019il devrait agir en bon p\u00e8re de famille. Ce n\u2019est pas ainsi qu\u2019une ministre doit r\u00e9agir. Et pendant les Gilets jaunes, dans une confusion des genres qui n\u2019est pas souhaitable, elle se retrouve \u00e0 \u00e9galit\u00e9 avec lui <a href=\"https:\/\/www.huffingtonpost.fr\/medias\/article\/balance-ton-post-marlene-schiappa-explique-pourquoi-elle-co-animera-avec-cyril-hanouna_138942.html\" target=\"_blank\" rel=\"noopener\">en animant une \u00e9mission<\/a> pendant laquelle le pr\u00e9sident de la R\u00e9publique lui envoie des SMS en direct.<\/p>\n<p class=\"asset asset-text\">Je cite aussi <a href=\"https:\/\/www.huffingtonpost.fr\/medias\/article\/segolene-royal-rejoint-touche-pas-a-mon-poste-sur-c8_219946.html\" target=\"_blank\" rel=\"noopener\">S\u00e9gol\u00e8ne Royal<\/a> qui a accept\u00e9 d\u2019\u00eatre pay\u00e9e par Cyril Hanouna. Et elle l\u2019a fait peu apr\u00e8s qu\u2019<a href=\"https:\/\/www.huffingtonpost.fr\/justice\/article\/cyril-hanouna-condamne-dans-l-affaire-louis-boyard-pour-injures-publiques-ecope-de-4000-euros-d-amende_243674.html\" target=\"_blank\" rel=\"noopener\">il a insult\u00e9 un d\u00e9put\u00e9<\/a> et la maire de Paris. Quelqu\u2019un qui s\u2019est battu toute sa vie pour le respect des femmes en politique n\u2019aurait jamais d\u00fb accepter. Enfin G\u00e9rald Darmanin \u00e9tait\u00a0ministre de l\u2019Int\u00e9rieur au moment de l\u2019affaire Lola. Et quelques jours seulement apr\u00e8s\u00a0la sortie \u00e9pouvantable de Cyril Hanouna, il accepte\u00a0d\u2019\u00eatre\u00a0son invit\u00e9 dans Face \u00e0 Baba\u00a0; c\u2019est une mani\u00e8re de cautionner ses propos.<\/p>\n<p>         <img decoding=\"async\" loading=\"lazy\" src=\"https:\/\/www.europesays.com\/fr\/wp-content\/uploads\/2025\/09\/bcaa498_upload-1-5rqdpoexmoh5-livre-aphatie-hanouna.png\"  width=\"728\" height=\"485\" alt=\"Jean-Michel Aphatie publie \u00ab\u00a0T\u2019es une merde fr\u00e8re Sign\u00e9 Hanouna\u00a0\u00bb aux \u00e9ditions Robert Laffont.\"\/>  <\/p>\n<p>DR<\/p>\n<p>Jean-Michel Aphatie publie \u00ab\u00a0T\u2019es une merde fr\u00e8re Sign\u00e9 Hanouna\u00a0\u00bb aux \u00e9ditions Robert Laffont.<\/p>\n<p class=\"asset asset-text\"><strong>L\u2019Arcom a sanctionn\u00e9 plusieurs fois TPMP mais apr\u00e8s l\u2019arr\u00eat de C8, Cyril Hanouna a tr\u00e8s vite rebondi ailleurs. Craignez-vous qu\u2019il continue\u00a0?<\/strong><\/p>\n<p class=\"asset asset-text\">Il faut d\u2019abord une conscience partag\u00e9e que\u00a010\u00a0ans de TPMP ont produit un r\u00e9sultat \u00e9pouvantable et que sur ce plateau se sont d\u00e9roul\u00e9es des sc\u00e8nes qui sont\u00a0en rupture avec ce que l\u2019on juge important dans la soci\u00e9t\u00e9. Pour le moment, je ne suis pas s\u00fbr que ce constat soit partag\u00e9.<\/p>\n<p class=\"asset asset-text\">J\u2019aurais bien aim\u00e9 que <a href=\"https:\/\/www.huffingtonpost.fr\/medias\/article\/nous-avons-etabli-des-limites-claires-avant-l-arrivee-de-cyril-hanouna-sur-w9-le-president-du-groupe-m6-rassure_250082.html\" target=\"_blank\" rel=\"noopener\">David Larramendy<\/a> qui l\u2019a embauch\u00e9 sur M6 d\u00e9taille ce qu\u2019il a jug\u00e9 inacceptable pendant ces ann\u00e9es TPMP et qu\u2019il explique pourquoi il l\u2019a tout de m\u00eame fait venir. Mais il ne m\u2019a pas r\u00e9pondu, pas plus que Vincent Bollor\u00e9 qui l\u2019a laiss\u00e9 faire. Je note tout de m\u00eame que lorsque le groupe M6 l\u2019a fait venir, c\u2019est <a href=\"https:\/\/www.huffingtonpost.fr\/medias\/article\/tout-beau-tout-n9uf-cyril-hanouna-sort-deja-des-rails-apres-une-arrivee-digne-de-las-vegas_254279.html\" target=\"_blank\" rel=\"noopener\">en lui demandant de ne plus faire de politique<\/a>. Donc est-ce que M6 a r\u00e9gl\u00e9 le probl\u00e8me\u00a0? Peut-\u00eatre, on le verra dans les mois qui viennent.<\/p>\n","protected":false},"excerpt":{"rendered":"Capture d\u2019\u00e9cran X Chroniqueur pour l\u2019\u00e9mission Quotidien sur TMC, Jean-Michel Aphatie publie \u00ab\u00a0T\u2019es une merde fr\u00e8re, sign\u00e9 Hanouna\u00a0\u00bb,&hellip;\n","protected":false},"author":2,"featured_media":399298,"comment_status":"","ping_status":"","sticky":false,"template":"","format":"standard","meta":{"footnotes":""},"categories":[8],"tags":[251,1083,58,75,59,1011,27,45795,500,316],"class_list":{"0":"post-399297","1":"post","2":"type-post","3":"status-publish","4":"format-standard","5":"has-post-thumbnail","7":"category-divertissement","8":"tag-culture","9":"tag-cyril-hanouna","10":"tag-divertissement","11":"tag-donald-trump","12":"tag-entertainment","13":"tag-fr","14":"tag-france","15":"tag-jean-michel-aphatie","16":"tag-medias","17":"tag-politique"},"share_on_mastodon":{"url":"https:\/\/pubeurope.com\/@fr\/115223915974137713","error":""},"_links":{"self":[{"href":"https:\/\/www.europesays.com\/fr\/wp-json\/wp\/v2\/posts\/399297","targetHints":{"allow":["GET"]}}],"collection":[{"href":"https:\/\/www.europesays.com\/fr\/wp-json\/wp\/v2\/posts"}],"about":[{"href":"https:\/\/www.europesays.com\/fr\/wp-json\/wp\/v2\/types\/post"}],"author":[{"embeddable":true,"href":"https:\/\/www.europesays.com\/fr\/wp-json\/wp\/v2\/users\/2"}],"replies":[{"embeddable":true,"href":"https:\/\/www.europesays.com\/fr\/wp-json\/wp\/v2\/comments?post=399297"}],"version-history":[{"count":0,"href":"https:\/\/www.europesays.com\/fr\/wp-json\/wp\/v2\/posts\/399297\/revisions"}],"wp:featuredmedia":[{"embeddable":true,"href":"https:\/\/www.europesays.com\/fr\/wp-json\/wp\/v2\/media\/399298"}],"wp:attachment":[{"href":"https:\/\/www.europesays.com\/fr\/wp-json\/wp\/v2\/media?parent=399297"}],"wp:term":[{"taxonomy":"category","embeddable":true,"href":"https:\/\/www.europesays.com\/fr\/wp-json\/wp\/v2\/categories?post=399297"},{"taxonomy":"post_tag","embeddable":true,"href":"https:\/\/www.europesays.com\/fr\/wp-json\/wp\/v2\/tags?post=399297"}],"curies":[{"name":"wp","href":"https:\/\/api.w.org\/{rel}","templated":true}]}}