{"id":399299,"date":"2025-09-18T06:36:19","date_gmt":"2025-09-18T06:36:19","guid":{"rendered":"https:\/\/www.europesays.com\/fr\/399299\/"},"modified":"2025-09-18T06:36:19","modified_gmt":"2025-09-18T06:36:19","slug":"mark-zuckerberg-devoile-ses-premieres-lunettes-connectees-dotees-dun-ecran","status":"publish","type":"post","link":"https:\/\/www.europesays.com\/fr\/399299\/","title":{"rendered":"Mark Zuckerberg d\u00e9voile ses premi\u00e8res lunettes connect\u00e9es dot\u00e9es d\u2019un \u00e9cran"},"content":{"rendered":"<p>Le PDG du g\u00e9ant am\u00e9ricain est convaincu que ce type d\u2019appareil, dop\u00e9 \u00e0 l\u2019IA, remplacera un jour le smartphone.<\/p>\n<p class=\"fig-paragraph\">Meta fait un pas suppl\u00e9mentaire dans la r\u00e9alit\u00e9 augment\u00e9e. Et dans le futur. Le g\u00e9ant am\u00e9ricain a d\u00e9voil\u00e9 mercredi soir\u00a0<a href=\"http:\/\/www.lefigaro.fr\/secteur\/high-tech\/sans-elles-vous-serez-desavantage-a-l-avenir-comment-mark-zuckerberg-veut-faire-des-lunettes-intelligentes-le-nouveau-smartphone-20250914\" data-fig-type=\"Article\" data-gtm-custom-categorie=\"navigation\" data-gtm-custom-action=\"crossclick\" data-gtm-custom-label=\"Contextuel\" data-gtm-event=\"customEventSPE\" data-fig-domain=\"LEFIGARO\" target=\"_blank\" rel=\"noopener\">ses premi\u00e8res lunettes connect\u00e9es qui combinent intelligence artificielle et \u00e9cran int\u00e9gr\u00e9<\/a>. Mark Zuckerberg a lui-m\u00eame jou\u00e9 les VRP en pr\u00e9sentant le mod\u00e8le \u00e0 l\u2019occasion de sa grande conf\u00e9rence annuelle Meta Connect, consacr\u00e9e \u00e0 l\u2019intelligence artificielle et \u00e0 la r\u00e9alit\u00e9 mixte.<\/p>\n<p class=\"fig-paragraph\">Ce sont \u00ab nos lunettes les plus impressionnantes \u00e0 ce jour, mettant en avant des ann\u00e9es d\u2019innovation en termes de vision virtuelle et en IA\u00a0\u00bb, s\u2019est f\u00e9licit\u00e9 le PDG de Meta qui a con\u00e7u ces lunettes en partenariat avec EssilorLuxottica, convaincu que ce type d\u2019appareils remplacera \u00e0 terme le smartphone. \u00ab Cette derni\u00e8re innovation \/&#8230;\/ r\u00e9v\u00e8le un nouvel horizon et \/&#8230;\/ red\u00e9finit compl\u00e8tement le concept de \u2019mains libres\u2019\u00bb, a d\u00e9clar\u00e9 de son c\u00f4t\u00e9 Francesco Milleri, PDG du groupe italien, partenaire de Meta depuis 2019.<\/p>\n<p>                                    <a class=\"fig-a11y-skip a11y-hidden\" href=\"#fig-a11y-skip-main-inarticle\"><br \/>\n        Passer la publicit\u00e9<br \/>\n    <\/a><\/p>\n<p>\u00c0 partir de 799 dollars<\/p>\n<p class=\"fig-paragraph\">Tr\u00e8s attendues depuis plusieurs mois, ces lunettes &#8211; qui seront commercialis\u00e9es sous la marque Ray-Ban &#8211; sont dot\u00e9es d\u2019un \u00e9cran couleur, int\u00e9gr\u00e9 dans le verre droit, qui permet d\u2019afficher les messages entrants, les aper\u00e7us de photos, les appels vid\u00e9o et les indications visuelles g\u00e9n\u00e9r\u00e9es par IA comme une carte lors d\u2019un d\u00e9placement ou la traduction d\u2019un panneau. L\u2019affichage dispara\u00eet lorsqu\u2019il n\u2019est pas utilis\u00e9. \u00c9quip\u00e9es de verres Transitions (des verres photochromiques qui s\u2019adaptent automatiquement aux changements de luminosit\u00e9), l\u2019une des signatures d\u2019EssilorLuxottica, elles peuvent \u00eatre personnalis\u00e9es avec sa propre correction visuelle.<\/p>\n<p class=\"fig-paragraph\">Si l\u2019\u00e9cran, la cam\u00e9ra et les fonctions IA sont activables \u00e0 la voix, ces lunettes seront \u00e9galement pilot\u00e9es gr\u00e2ce \u00e0 un bracelet qui d\u00e9tecte les mouvements des doigts et du poignet via la technologie de l\u2019\u00e9lectromyographie. Cet accessoire a \u00e9t\u00e9 con\u00e7u par Ctrl-Labs, une start-up rachet\u00e9e en 2019 par Meta.<\/p>\n<p class=\"fig-paragraph\">Baptis\u00e9 \u00ab Ray-Ban Meta Display\u00a0\u00bb, l\u2019ensemble sera disponible dans certains magasins aux \u00c9tats-Unis d\u00e8s le 30 septembre \u00e0 partir de 799 dollars, soit pr\u00e8s de deux fois le prix des Ray-Ban Meta, d\u00e9j\u00e0 sur le march\u00e9. La commercialisation sera \u00e9tendue au Canada, \u00e0 la France, \u00e0 l\u2019Italie et au Royaume-Uni d\u00e9but 2026.<\/p>\n<p class=\"fig-paragraph\">\u00ab Notre objectif est de cr\u00e9er des lunettes \u00e9l\u00e9gantes qui offrent une superintelligence personnelle et une sensation de pr\u00e9sence gr\u00e2ce \u00e0 des hologrammes r\u00e9alistes\u00a0\u00bb, a d\u00e9clar\u00e9 le patron de Meta. Elles \u00ab offrent une nouvelle fen\u00eatre sur le monde qui nous entoure\u00a0\u00bb, s\u2019est r\u00e9joui de son c\u00f4t\u00e9 EssilorLuxottica.<\/p>\n<p>Un tournant<\/p>\n<p class=\"fig-paragraph\">Pour Meta, qui s\u2019est lanc\u00e9 dans cette aventure il y a pr\u00e8s de dix ans, il s\u2019agit d\u2019un tournant. \u00ab C\u2019est leur premier produit grand public de ce type \u00e0 combiner la r\u00e9alit\u00e9 augment\u00e9e et l\u2019intelligence artificielle dans un seul appareil \u00bb, rel\u00e8vent les analystes de Wedbush qui saluent des \u00ab progr\u00e8s encourageants\u00a0\u00bb de Meta \u00ab qui ouvrent clairement la voie \u00e0 la prochaine g\u00e9n\u00e9ration de produits et services destin\u00e9s aux consommateurs\u00a0\u00bb.<\/p>\n<p>                                    <a class=\"fig-a11y-skip a11y-hidden\" href=\"#fig-a11y-skip-main-inarticle_mtf\"><br \/>\n        Passer la publicit\u00e9<br \/>\n    <\/a><\/p>\n<p class=\"fig-paragraph\">En parall\u00e8le, Meta a d\u00e9voil\u00e9 une nouvelle g\u00e9n\u00e9ration de Ray-Ban Meta, encourag\u00e9 par le succ\u00e8s du mod\u00e8le existant (plus de deux millions de paires vendues depuis deux ans) qui a contribu\u00e9 \u00e0 d\u00e9mocratiser les lunettes connect\u00e9es aupr\u00e8s du grand public. Ce nouveau mod\u00e8le est dot\u00e9 d\u2019une capacit\u00e9 de stockage \u00e9tendue \u00e0 3000 vid\u00e9os, d\u2019une cam\u00e9ra de 12 megapixels et d\u2019une autonomie de batterie sup\u00e9rieure (8 heures). L\u2019assistant IA sera plus performant, \u00e9quip\u00e9 notamment d\u2019une nouvelle fonctionnalit\u00e9, \u00ab Conversation Focus\u00a0\u00bb, qui permet d\u2019amplifier la voix de l\u2019interlocuteur pour mieux la distinguer dans le bruit ambiant des caf\u00e9s, restaurants et autres parcs. Ces am\u00e9liorations seront int\u00e9gr\u00e9es aux mises \u00e0 jour disponibles.<\/p>\n<p class=\"fig-paragraph\">Le groupe a \u00e9galement pr\u00e9sent\u00e9 un autre mod\u00e8le, sous la marque Oakley, \u00e0 destination des sportifs. Il comprend une cam\u00e9ra de 12 megapixels (champ de vision de 122\u00b0), une batterie dot\u00e9e d\u2019une autonomie de 9 heures, et des haut-parleurs dot\u00e9s d\u2019une r\u00e9duction avanc\u00e9e du bruit permettant de courir dans un environnement bruyant ou faire du v\u00e9lo par vent fort. Gr\u00e2ce \u00e0 l\u2019int\u00e9gration des applications Garmin et Strava, elles permettent aux sportifs d\u2019acc\u00e9der en temps r\u00e9el aux informations sur leur performance. Disponibles en pr\u00e9commande, elles seront commercialis\u00e9es au prix de 549 euros \u00e0 partir du 21 octobre.<\/p>\n<p>Un co\u00fbt \u00e9lev\u00e9<\/p>\n<p class=\"fig-paragraph\">Avec ces diff\u00e9rents mod\u00e8les, Meta pose donc les jalons d\u2019un nouvel axe strat\u00e9gique. Avec EssilorLuxottica, \u00ab nous avons d\u00e9fini les lunettes avec IA comme une nouvelle cat\u00e9gorie technologique et avons introduit les premiers mod\u00e8les grand public sur le march\u00e9, a d\u00e9clar\u00e9 Mark Zuckerberg. Je suis convaincu que les lunettes sont la plateforme id\u00e9ale pour embarquer, un jour, la superintelligence\u00a0\u00bb.<\/p>\n<p class=\"fig-paragraph\">Des investissements qui co\u00fbtent cher au groupe am\u00e9ricain. Sa branche Reality Labs, charg\u00e9e du d\u00e9veloppement de casques, de lunettes et de logiciels pour le m\u00e9tavers, a creus\u00e9 ses pertes, \u00e0 4,5 milliards de dollars ce trimestre, pour seulement 370 millions de revenus.<\/p>\n<p>    Mark Zuckerberg fait un jogging en portant les nouvelles lunettes Oakley Meta Vanguard \u00e0 Menlo Park, le 17 septembre 2025.<br \/>\n                Carlos Barria \/ REUTERS<\/p>\n<p class=\"fig-paragraph\">\u00ab Il n\u2019y a aucune chance r\u00e9aliste que les ventes de lunettes connect\u00e9es rendent cette branche rentable \u00e0 court terme\u00a0\u00bb, estime Leo Gebbie, analyste chez CCS Insight pr\u00e9sent lors de l\u2019\u00e9v\u00e9nement. Pour lui, \u00ab il s\u2019agit plut\u00f4t d\u2019un pari \u00e0 long terme pour se lib\u00e9rer des smartphones, domaine dans lequel Meta a \u00e9t\u00e9 \u00e9trangl\u00e9 par ses rivaux Apple et Google, et pour contr\u00f4ler son propre destin dans le domaine des objets connect\u00e9s portables \u00bb.<\/p>\n<p>                                    <a class=\"fig-a11y-skip a11y-hidden\" href=\"#fig-a11y-skip-main-inarticle_btf\"><br \/>\n        Passer la publicit\u00e9<br \/>\n    <\/a><\/p>\n<p class=\"fig-paragraph\">Il n\u2019emp\u00eache, avec ces nouveaux mod\u00e8les, Meta prend une longueur d\u2019avance face \u00e0 ses nombreux concurrents, de Google \u00e0 Apple, qui s\u2019appr\u00eatent \u00e0 se lancer au cours des prochains mois. Le jeu en vaut la chandelle. Le march\u00e9 mondial des lunettes intelligentes, \u00e9valu\u00e9 \u00e0 pr\u00e8s de 2 milliards de dollars en 2024, pourrait atteindre 8,26 milliards par an d\u2019ici la fin de la d\u00e9cennie, selon le cabinet Grand View Research.<\/p>\n","protected":false},"excerpt":{"rendered":"Le PDG du g\u00e9ant am\u00e9ricain est convaincu que ce type d\u2019appareil, dop\u00e9 \u00e0 l\u2019IA, remplacera un jour le&hellip;\n","protected":false},"author":2,"featured_media":399300,"comment_status":"","ping_status":"","sticky":false,"template":"","format":"standard","meta":{"footnotes":""},"categories":[7],"tags":[1011,27,223,4687,1016,43,40,41,39,42,44],"class_list":{"0":"post-399299","1":"post","2":"type-post","3":"status-publish","4":"format-standard","5":"has-post-thumbnail","7":"category-sciences-et-technologies","8":"tag-fr","9":"tag-france","10":"tag-intelligence-artificielle","11":"tag-mark-zuckerberg","12":"tag-meta","13":"tag-science","14":"tag-science-and-technology","15":"tag-sciences","16":"tag-sciences-et-technologies","17":"tag-technologies","18":"tag-technology"},"share_on_mastodon":{"url":"","error":""},"_links":{"self":[{"href":"https:\/\/www.europesays.com\/fr\/wp-json\/wp\/v2\/posts\/399299","targetHints":{"allow":["GET"]}}],"collection":[{"href":"https:\/\/www.europesays.com\/fr\/wp-json\/wp\/v2\/posts"}],"about":[{"href":"https:\/\/www.europesays.com\/fr\/wp-json\/wp\/v2\/types\/post"}],"author":[{"embeddable":true,"href":"https:\/\/www.europesays.com\/fr\/wp-json\/wp\/v2\/users\/2"}],"replies":[{"embeddable":true,"href":"https:\/\/www.europesays.com\/fr\/wp-json\/wp\/v2\/comments?post=399299"}],"version-history":[{"count":0,"href":"https:\/\/www.europesays.com\/fr\/wp-json\/wp\/v2\/posts\/399299\/revisions"}],"wp:featuredmedia":[{"embeddable":true,"href":"https:\/\/www.europesays.com\/fr\/wp-json\/wp\/v2\/media\/399300"}],"wp:attachment":[{"href":"https:\/\/www.europesays.com\/fr\/wp-json\/wp\/v2\/media?parent=399299"}],"wp:term":[{"taxonomy":"category","embeddable":true,"href":"https:\/\/www.europesays.com\/fr\/wp-json\/wp\/v2\/categories?post=399299"},{"taxonomy":"post_tag","embeddable":true,"href":"https:\/\/www.europesays.com\/fr\/wp-json\/wp\/v2\/tags?post=399299"}],"curies":[{"name":"wp","href":"https:\/\/api.w.org\/{rel}","templated":true}]}}