{"id":399303,"date":"2025-09-18T06:38:10","date_gmt":"2025-09-18T06:38:10","guid":{"rendered":"https:\/\/www.europesays.com\/fr\/399303\/"},"modified":"2025-09-18T06:38:10","modified_gmt":"2025-09-18T06:38:10","slug":"aux-etats-unis-les-personnes-transgenres-erigees-en-boucs-emissaires","status":"publish","type":"post","link":"https:\/\/www.europesays.com\/fr\/399303\/","title":{"rendered":"Aux Etats-Unis, les personnes transgenres \u00ab\u00a0\u00e9rig\u00e9es en boucs \u00e9missaires\u00a0\u00bb"},"content":{"rendered":"<p> \u00abRestez aussi inform\u00e9s que possible et soyez prudents\u00a0\u00bb. Preston Pace est le fondateur de \u00ab\u00a0Trans Joy Boise\u00a0\u00bb, une association pour les personnes transgenres et non-binaires de l\u2019Idaho, aux Etats-Unis. Et sur son compte Instagram \u00ab\u00a0Pacey Speak\u00a0\u00bb, il ne cache pas son inqui\u00e9tude depuis <a href=\"https:\/\/www.20minutes.fr\/monde\/etats-unis\/4172386-20250910-charlie-kirk-influenceur-pro-trump-fait-tirer-dessus-lors-meeting\" class=\"c-link c-link--is-underlined\" rel=\"nofollow noopener\" target=\"_blank\">l\u2019assassinat de Charlie Kirk<\/a> le 10\u00a0septembre dernier. \u00ab\u00a0Peu importe ce qu\u2019ils disent, nous ne sommes pas violents\u00a0\u00bb, ajoute-t-il.<\/p>\n<p><a href=\"https:\/\/www.20minutes.fr\/monde\/etats-unis\/4173103-20250915-assassinat-charlie-kirk-maga-lancent-grande-chasse-sorcieres\" class=\"c-link c-link--is-underlined\" rel=\"nofollow noopener\" target=\"_blank\">La tension est en effet encore mont\u00e9e d\u2019un cran outre-Atlantique<\/a> depuis que l\u2019influenceur d\u2019extr\u00eame droite a \u00e9t\u00e9 abattu dans l\u2019Utah. Le principal suspect, Tyler Robinson, 22 ans, <a href=\"https:\/\/www.20minutes.fr\/monde\/etats-unis\/4173072-20250915-assassinat-charlie-kirk-suspect-relation-amoureuse-personne-transgenre\" class=\"c-link c-link--is-underlined\" rel=\"nofollow noopener\" target=\"_blank\">vivait avec une personne transgenre<\/a>, d\u2019apr\u00e8s Spencer Cox, le gouverneur r\u00e9publicain de l\u2019Etat, qui \u00e9voque une \u00ab\u00a0relation amoureuse\u00a0\u00bb. Selon le procureur, Robinson aurait notamment dit \u00e0 ses parents, \u00e0 propos de Charlie Kirk, que \u00ab\u00a0ce type diffus (ait) trop de haine\u00a0\u00bb. Sa m\u00e8re aurait aussi indiqu\u00e9 que depuis environ un an, son fils s\u2019\u00e9tait politis\u00e9 et rapproch\u00e9 de positions plus \u00e0 gauche, favorable aux droits des personnes LGBT et transgenres. Il n\u2019en fallait pas plus pour enflammer <a href=\"https:\/\/www.20minutes.fr\/politique\/maga\/\" class=\"c-link c-link--is-underlined\" rel=\"nofollow noopener\" target=\"_blank\">les sph\u00e8res MAGA<\/a>.<\/p>\n<\/p>\n<p>Changement de registre<\/p>\n<p>Sur X, <a href=\"https:\/\/www.20minutes.fr\/dossier\/elon_musk\" class=\"c-link c-link--is-underlined\" rel=\"nofollow noopener\" target=\"_blank\">Elon Musk<\/a>, ancien membre du gouvernement, a ainsi qualifi\u00e9 les personnes transgenres de \u00ab\u00a0cellule terroriste\u00a0\u00bb. Un discours repris par les partisans de Donald Trump et notamment Laura Loomer, influenceuse complotiste d\u2019extr\u00eame droite, qui a estim\u00e9 qu\u2019il fallait \u00ab\u00a0classer le mouvement trans\u00a0\u00bb comme tel. Cette id\u00e9e naus\u00e9abonde d\u2019un \u00ab\u00a0terrorisme trans\u00a0\u00bb avait pris de l\u2019ampleur fin ao\u00fbt lorsqu\u2019une tireuse, identifi\u00e9e comme une femme transgenre, avait ouvert <a href=\"https:\/\/www.20minutes.fr\/monde\/etats-unis\/4169868-20250828-tireur-victimes-ideologie-sait-fusillade-ecole-catholique-minnesota\" class=\"c-link c-link--is-underlined\" rel=\"nofollow noopener\" target=\"_blank\">le feu dans une \u00e9cole catholique du Minnesota<\/a>, tuant deux \u00e9coliers.<\/p>\n<p>\u00ab\u00a0L\u2019utilisation de la rh\u00e9torique de la p\u00e9dophilie ou de la protection des mineurs est un classique des paniques morales, explique Michael Stambolis-Ruhstorfer, ma\u00eetre de conf\u00e9rences \u00e0 l\u2019universit\u00e9 Toulouse Jean-Jaur\u00e8s. Mais l\u00e0 on est mont\u00e9 d\u2019un cran\u00a0: accuser des personnes transgenres d\u2019\u00eatre des extr\u00e9mistes \u00e0 la pointe de la violence politique, c\u2019est un changement de registre qui pourrait justifier des actes extr\u00eamement dangereux\u00a0\u00bb.<\/p>\n<p>\u00ab\u00a0L\u2019effacement de notre existence\u00a0\u00bb<\/p>\n<p>Parmi les adultes am\u00e9ricains, 0,8\u00a0% (environ 2,1\u00a0millions de personnes) s\u2019identifient comme transgenres, selon une \u00e9tude du Williams Institute, groupe de r\u00e9flexion de l\u2019universit\u00e9 de Californie \u00e0 Los Angeles (UCLA). Et leur quotidien est de plus en plus difficile. \u00ab\u00a0Etre une personne transgenre dans l\u2019Am\u00e9rique de Trump, c\u2019est effrayant, confie \u00e0 20 Minutes Sabre, femme transgenre de 24 ans originaire de Floride. Jour apr\u00e8s jour, informations apr\u00e8s informations, on nous assure lentement de l\u2019effacement de notre existence.\u00a0\u00bb<\/p>\n<p>Pour cette cr\u00e9atrice de contenus sur Internet, qui travaille aussi dans des \u00e9coles et comme assistante administrative, appara\u00eetre en public est devenu risqu\u00e9. \u00ab\u00a0Les crimes haineux contre les personnes transgenres gagnent en popularit\u00e9 et sont de moins en moins signal\u00e9s\u00a0\u00bb, d\u00e9plore-t-elle. D\u2019apr\u00e8s une autre \u00e9tude du Williams Institute bas\u00e9e sur des donn\u00e9es recueillies en\u00a02022 et\u00a02023, les personnes LGBT sont cinq fois plus susceptibles que les autres d\u2019\u00eatre victimes de crimes violents.<\/p>\n<p>Des lois stigmatisantes<\/p>\n<p>\u00ab\u00a0Les personnes transgenres sont d\u00e9j\u00e0 cibl\u00e9es depuis un moment par le mouvement conservateur\u00a0\u00bb, pr\u00e9cise Michael Stambolis-Ruhstorfer, sp\u00e9cialis\u00e9 en \u00e9tude am\u00e9ricaine et de genre. Il pointe la continuation d\u2019une strat\u00e9gie \u00ab\u00a0consciente et r\u00e9fl\u00e9chie\u00a0\u00bb des mouvements conservateurs et traditionalistes chr\u00e9tiens am\u00e9ricains. \u00ab\u00a0Elles sont \u00e9rig\u00e9es en boucs \u00e9missaires, qui repr\u00e9senteraient une menace pour les Etats-Unis, comme les immigr\u00e9s par exemple, appuie-t-il. La mort de Charlie Kirk est une occasion suppl\u00e9mentaire de justifier cette stigmatisation\u00a0\u00bb.<\/p>\n<p><a href=\"https:\/\/www.20minutes.fr\/monde\/etats-unis\/\" class=\"c-link c-btn c-btn--primary\" rel=\"nofollow noopener\" target=\"_blank\">Retrouvez tous nos articles sur l&rsquo;actualit\u00e9 aux Etats-Unis<\/a><\/p>\n<p>En\u00a02024, l\u2019Union am\u00e9ricaine pour les libert\u00e9s civiles a recens\u00e9 533 projets de loi anti-LGBT d\u00e9pos\u00e9s dans les parlements des diff\u00e9rents Etats am\u00e9ricains. Et le retour en janvier \u00e0 la Maison-Blanche de <a href=\"https:\/\/www.20minutes.fr\/monde\/etats-unis\/4130643-20241223-apres-declarations-trump-avenir-personnes-trans-etats-unis\" class=\"c-link c-link--is-underlined\" rel=\"nofollow noopener\" target=\"_blank\">Donald Trump, qui s\u2019attaque r\u00e9guli\u00e8rement au \u00ab\u00a0d\u00e9lire transgenre\u00a0\u00bb<\/a>, a contribu\u00e9 \u00e0 jeter de l\u2019huile sur le feu. D\u00e8s son investiture, il a sign\u00e9 un texte \u00e9tablissant que les Etats-Unis ne reconnaissaient que deux sexes, masculin et f\u00e9minin, d\u00e9finis \u00e0 la naissance. De nombreuses personnes, \u00e0 l\u2019instar de <a href=\"https:\/\/www.20minutes.fr\/arts-stars\/people\/4085051-20240407-hunter-schafer-veut-plus-incarner-personnages-transgenres\" class=\"c-link c-link--is-underlined\" rel=\"nofollow noopener\" target=\"_blank\">l\u2019actrice am\u00e9ricaine Hunter Schafer<\/a>, se sont ainsi retrouv\u00e9es m\u00e9genr\u00e9es sur leurs documents administratifs. Le milliardaire a aussi interdit aux personnes transgenres de servir dans l\u2019arm\u00e9e et supprim\u00e9 les aides publiques pour les traitements de transition de genre des mineurs, chimiques comme chirurgicaux.<\/p>\n<p>\u00ab\u00a0J\u2019envisage de fuir mon pays\u00a0\u00bb<\/p>\n<p>\u00ab\u00a0Mon acc\u00e8s imm\u00e9diat aux m\u00e9dicaments et aux soins de sant\u00e9, qui me sont essentiels, a \u00e9t\u00e9 soit priv\u00e9 de financement, soit rendu ill\u00e9gal. Comme beaucoup d\u2019autres, j\u2019ai \u00e9t\u00e9 oblig\u00e9e d\u2019avoir recours \u00e0 des m\u00e9thodes plus opaques pour me procurer des m\u00e9dicaments\u00a0\u00bb, reprend Sabre.<\/p>\n<p>D\u00e9sireuse d\u2019aider sa communaut\u00e9, la jeune femme avoue \u00ab\u00a0avoir peur d\u2019en arriver \u00e0 un point o\u00f9 j\u2019envisage s\u00e9rieusement de fuir mon pays\u00a0\u00bb. Alors pour rester \u00ab\u00a0saine d\u2019esprit\u00a0\u00bb, elle fait son possible pour \u00ab\u00a0d\u00e9noncer le fascisme\u00a0\u00bb et passer du temps avec ses proches. Mais, conclut-elle, \u00ab\u00a0c\u2019est en train de devenir un jeu impossible \u00e0 gagner\u00a0\u00bb. Preuve en est\u00a0: par s\u00e9curit\u00e9, nous ne saurons pas son lieu de r\u00e9sidence actuel.<\/p>\n","protected":false},"excerpt":{"rendered":"\u00abRestez aussi inform\u00e9s que possible et soyez prudents\u00a0\u00bb. Preston Pace est le fondateur de \u00ab\u00a0Trans Joy Boise\u00a0\u00bb, une&hellip;\n","protected":false},"author":2,"featured_media":399304,"comment_status":"","ping_status":"","sticky":false,"template":"","format":"standard","meta":{"footnotes":""},"categories":[5],"tags":[47,11,35451,75,73,1011,27,14,51817,74,12,10657,12707,809,28],"class_list":{"0":"post-399303","1":"post","2":"type-post","3":"status-publish","4":"format-standard","5":"has-post-thumbnail","7":"category-international","8":"tag-actualite","9":"tag-actualites","10":"tag-armes-a-feu-aux-etats-unis","11":"tag-donald-trump","12":"tag-etats-unis","13":"tag-fr","14":"tag-france","15":"tag-international","16":"tag-maga","17":"tag-monde","18":"tag-news","19":"tag-transgenre","20":"tag-transphobie","21":"tag-violence","22":"tag-world"},"share_on_mastodon":{"url":"https:\/\/pubeurope.com\/@fr\/115223927427582042","error":""},"_links":{"self":[{"href":"https:\/\/www.europesays.com\/fr\/wp-json\/wp\/v2\/posts\/399303","targetHints":{"allow":["GET"]}}],"collection":[{"href":"https:\/\/www.europesays.com\/fr\/wp-json\/wp\/v2\/posts"}],"about":[{"href":"https:\/\/www.europesays.com\/fr\/wp-json\/wp\/v2\/types\/post"}],"author":[{"embeddable":true,"href":"https:\/\/www.europesays.com\/fr\/wp-json\/wp\/v2\/users\/2"}],"replies":[{"embeddable":true,"href":"https:\/\/www.europesays.com\/fr\/wp-json\/wp\/v2\/comments?post=399303"}],"version-history":[{"count":0,"href":"https:\/\/www.europesays.com\/fr\/wp-json\/wp\/v2\/posts\/399303\/revisions"}],"wp:featuredmedia":[{"embeddable":true,"href":"https:\/\/www.europesays.com\/fr\/wp-json\/wp\/v2\/media\/399304"}],"wp:attachment":[{"href":"https:\/\/www.europesays.com\/fr\/wp-json\/wp\/v2\/media?parent=399303"}],"wp:term":[{"taxonomy":"category","embeddable":true,"href":"https:\/\/www.europesays.com\/fr\/wp-json\/wp\/v2\/categories?post=399303"},{"taxonomy":"post_tag","embeddable":true,"href":"https:\/\/www.europesays.com\/fr\/wp-json\/wp\/v2\/tags?post=399303"}],"curies":[{"name":"wp","href":"https:\/\/api.w.org\/{rel}","templated":true}]}}