{"id":399305,"date":"2025-09-18T06:39:11","date_gmt":"2025-09-18T06:39:11","guid":{"rendered":"https:\/\/www.europesays.com\/fr\/399305\/"},"modified":"2025-09-18T06:39:11","modified_gmt":"2025-09-18T06:39:11","slug":"direct-manifestation-perturbations-suivez-la-greve-du-18-septembre-a-quimper-et-sa-region","status":"publish","type":"post","link":"https:\/\/www.europesays.com\/fr\/399305\/","title":{"rendered":"DIRECT &#8211; Manifestation, perturbations&#8230; : suivez la gr\u00e8ve du 18 septembre \u00e0 Quimper et sa r\u00e9gion"},"content":{"rendered":"<p>C&rsquo;est particuli\u00e8rement calme \u00e0 Douarnenez, Pont-l&rsquo;Abb\u00e9 et Quimper pour l&rsquo;instant\u00a0<\/p>\n<p>Au rond-point de Ludugris (Quimper), \u00e0 la sortie de la Transbigoud\u00e8ne, les bouchons quotidiens n\u2019ont pas commenc\u00e9 \u00e0 se former, la circulation est extr\u00eamement fluide.. Seule une banderole, alt\u00e9r\u00e9e par la m\u00e9t\u00e9o de ces derniers jours, t\u00e9moigne du mouvement du 10 septembre. Le trafic routier est normal \u00e0 la sortie de Troyalac&rsquo;h (RN 165) et au rond-point de l&rsquo;Eau Blanche. C&rsquo;est tout aussi calme du c\u00f4t\u00e9 de Pont-l&rsquo;Abb\u00e9 et Douarnenez aux alentours de 7 h.<\/p>\n<p><img decoding=\"async\" src=\"https:\/\/www.europesays.com\/fr\/wp-content\/uploads\/2025\/09\/68cb9528ca707421020be943.1.webp\" width=\"480\" height=\"300\" class=\"web_golden_m\" loading=\"lazy\" alt=\"Le calme au rond-point de Ludugris ce jeudi matin \u00e0 Quimper.\"\/>Le calme au rond-point de Ludugris ce jeudi matin \u00e0 Quimper. (Photo Samuel Uguen)<\/p>\n","protected":false},"excerpt":{"rendered":"C&rsquo;est particuli\u00e8rement calme \u00e0 Douarnenez, Pont-l&rsquo;Abb\u00e9 et Quimper pour l&rsquo;instant\u00a0 Au rond-point de Ludugris (Quimper), \u00e0 la sortie&hellip;\n","protected":false},"author":2,"featured_media":399306,"comment_status":"","ping_status":"","sticky":false,"template":"","format":"standard","meta":{"footnotes":""},"categories":[4],"tags":[11,29014,829,43271,3322,3320,765,3321,5127,1011,27,11639,12,22629,29015,3323,3319,25,21358],"class_list":{"0":"post-399305","1":"post","2":"type-post","3":"status-publish","4":"format-standard","5":"has-post-thumbnail","7":"category-france","8":"tag-actualites","9":"tag-audierne","10":"tag-bretagne","11":"tag-briec","12":"tag-concarneau","13":"tag-douarnenez","14":"tag-en-continu","15":"tag-finistere","16":"tag-fouesnant","17":"tag-fr","18":"tag-france","19":"tag-mouvement-social","20":"tag-news","21":"tag-penmarch","22":"tag-ploneour-lanvern","23":"tag-pont-labbe","24":"tag-quimper","25":"tag-republique-francaise","26":"tag-rosporden"},"share_on_mastodon":{"url":"https:\/\/pubeurope.com\/@fr\/115223931405296204","error":""},"_links":{"self":[{"href":"https:\/\/www.europesays.com\/fr\/wp-json\/wp\/v2\/posts\/399305","targetHints":{"allow":["GET"]}}],"collection":[{"href":"https:\/\/www.europesays.com\/fr\/wp-json\/wp\/v2\/posts"}],"about":[{"href":"https:\/\/www.europesays.com\/fr\/wp-json\/wp\/v2\/types\/post"}],"author":[{"embeddable":true,"href":"https:\/\/www.europesays.com\/fr\/wp-json\/wp\/v2\/users\/2"}],"replies":[{"embeddable":true,"href":"https:\/\/www.europesays.com\/fr\/wp-json\/wp\/v2\/comments?post=399305"}],"version-history":[{"count":0,"href":"https:\/\/www.europesays.com\/fr\/wp-json\/wp\/v2\/posts\/399305\/revisions"}],"wp:featuredmedia":[{"embeddable":true,"href":"https:\/\/www.europesays.com\/fr\/wp-json\/wp\/v2\/media\/399306"}],"wp:attachment":[{"href":"https:\/\/www.europesays.com\/fr\/wp-json\/wp\/v2\/media?parent=399305"}],"wp:term":[{"taxonomy":"category","embeddable":true,"href":"https:\/\/www.europesays.com\/fr\/wp-json\/wp\/v2\/categories?post=399305"},{"taxonomy":"post_tag","embeddable":true,"href":"https:\/\/www.europesays.com\/fr\/wp-json\/wp\/v2\/tags?post=399305"}],"curies":[{"name":"wp","href":"https:\/\/api.w.org\/{rel}","templated":true}]}}