{"id":399307,"date":"2025-09-18T06:40:11","date_gmt":"2025-09-18T06:40:11","guid":{"rendered":"https:\/\/www.europesays.com\/fr\/399307\/"},"modified":"2025-09-18T06:40:11","modified_gmt":"2025-09-18T06:40:11","slug":"en-direct-greves-et-manifestations-du-18-septembre-contre-le-budget-une-forte-mobilisation-attendue-ce-jeudi-en-france-liberation","status":"publish","type":"post","link":"https:\/\/www.europesays.com\/fr\/399307\/","title":{"rendered":"EN DIRECT &#8211; Gr\u00e8ves et manifestations du 18\u00a0septembre\u00a0: contre le budget, une forte mobilisation attendue ce jeudi en France \u2013 Lib\u00e9ration"},"content":{"rendered":"<p class=\"sc-cPiKLX AiZTS text-element\">En Ile-de-France, seules les lignes de m\u00e9tro automatis\u00e9es 1, 4 et 14 devraient fonctionner normalement. Sur les autres lignes, la RATP ne pr\u00e9voit de n\u2019assurer le trafic qu\u2019aux \u00abheures de pointe\u00bb, a indiqu\u00e9 la r\u00e9gie sur son site internet. Dix stations seront en outre compl\u00e8tement ferm\u00e9es aujourd\u2019hui\u00a0: Bastille, Concorde, Arts et M\u00e9tiers, Villiers, Op\u00e9ra, R\u00e9publique, Trocad\u00e9ro, S\u00e8vres-Babylone, Invalides, Place de Clichy. Du c\u00f4t\u00e9 des RER, le trafic sera \u00abfortement perturb\u00e9\u00bb sur les lignes D et E et \u00abperturb\u00e9\u00bb sur les lignes A, B et C. <a href=\"https:\/\/www.liberation.fr\/economie\/transports\/greves-du-18-septembre-un-jeudi-noir-dans-les-transports-20250916_CLDAR7ERGVGSPI7WOHZX4GGC4I\/\" target=\"_blank\" rel=\"noreferrer noopener\" title=\"https:\/\/www.liberation.fr\/economie\/transports\/greves-du-18-septembre-un-jeudi-noir-dans-les-transports-20250916_CLDAR7ERGVGSPI7WOHZX4GGC4I\/\">Retrouvez ici<\/a> le d\u00e9tail de la mobilisation dans les transports franciliens. <\/p>\n","protected":false},"excerpt":{"rendered":"En Ile-de-France, seules les lignes de m\u00e9tro automatis\u00e9es 1, 4 et 14 devraient fonctionner normalement. Sur les autres&hellip;\n","protected":false},"author":2,"featured_media":399308,"comment_status":"","ping_status":"","sticky":false,"template":"","format":"standard","meta":{"footnotes":""},"categories":[2],"tags":[11,25548,1270,32577,32578,1271,1073,13919,1011,27,14712,18677,2088,12,11067,1269],"class_list":{"0":"post-399307","1":"post","2":"type-post","3":"status-publish","4":"format-standard","5":"has-post-thumbnail","7":"category-actualites","8":"tag-actualites","9":"tag-budget-public","10":"tag-cfdt","11":"tag-cfe-cgc","12":"tag-cftc","13":"tag-cgt","14":"tag-emmanuel-macron","15":"tag-fo","16":"tag-fr","17":"tag-france","18":"tag-fsu","19":"tag-greves","20":"tag-manifestation","21":"tag-news","22":"tag-sebastien-lecornu","23":"tag-unsa"},"share_on_mastodon":{"url":"https:\/\/pubeurope.com\/@fr\/115223935261260985","error":""},"_links":{"self":[{"href":"https:\/\/www.europesays.com\/fr\/wp-json\/wp\/v2\/posts\/399307","targetHints":{"allow":["GET"]}}],"collection":[{"href":"https:\/\/www.europesays.com\/fr\/wp-json\/wp\/v2\/posts"}],"about":[{"href":"https:\/\/www.europesays.com\/fr\/wp-json\/wp\/v2\/types\/post"}],"author":[{"embeddable":true,"href":"https:\/\/www.europesays.com\/fr\/wp-json\/wp\/v2\/users\/2"}],"replies":[{"embeddable":true,"href":"https:\/\/www.europesays.com\/fr\/wp-json\/wp\/v2\/comments?post=399307"}],"version-history":[{"count":0,"href":"https:\/\/www.europesays.com\/fr\/wp-json\/wp\/v2\/posts\/399307\/revisions"}],"wp:featuredmedia":[{"embeddable":true,"href":"https:\/\/www.europesays.com\/fr\/wp-json\/wp\/v2\/media\/399308"}],"wp:attachment":[{"href":"https:\/\/www.europesays.com\/fr\/wp-json\/wp\/v2\/media?parent=399307"}],"wp:term":[{"taxonomy":"category","embeddable":true,"href":"https:\/\/www.europesays.com\/fr\/wp-json\/wp\/v2\/categories?post=399307"},{"taxonomy":"post_tag","embeddable":true,"href":"https:\/\/www.europesays.com\/fr\/wp-json\/wp\/v2\/tags?post=399307"}],"curies":[{"name":"wp","href":"https:\/\/api.w.org\/{rel}","templated":true}]}}