{"id":399309,"date":"2025-09-18T06:41:09","date_gmt":"2025-09-18T06:41:09","guid":{"rendered":"https:\/\/www.europesays.com\/fr\/399309\/"},"modified":"2025-09-18T06:41:09","modified_gmt":"2025-09-18T06:41:09","slug":"le-pole-commercial-steel-fete-son-5e-anniversaire","status":"publish","type":"post","link":"https:\/\/www.europesays.com\/fr\/399309\/","title":{"rendered":"Le p\u00f4le commercial Steel f\u00eate son 5e anniversaire"},"content":{"rendered":"\n<p>Un lieu de vie et de divertissement qui a 5 ans d\u00e9j\u00e0. Le 16 septembre 2020, le centre commercial Steel ouvrait ses portes \u00e0 Saint-\u00c9tienne. Aujourd\u2019hui, il compte plus de 80 enseignes vari\u00e9es (magasins de pr\u00eat-\u00e0-porter, loisirs, restaurants), soit 50 000m\u00b2 de vente, accompagn\u00e9s de 1700 places de parking. Alors pour marquer le coup, le centre commercial organise ce Samedi, un apr\u00e8s-midi et une soir\u00e9e de divertissements. Au programme\u00a0: une initiation \u00e0 la danse d\u00e8s 14h30 avec le chor\u00e9graphe de Danse avec les Stars, Christophe Licata, un DJ set, un showcase ainsi qu\u2019un grand feu d\u2019artifice tir\u00e9 \u00e0 365 degr\u00e9s tir\u00e9s au niveau des fontaines de Steel \u00e0 20h30 pour finir en beaut\u00e9.<\/p>\n<blockquote>\n<p>\u00ab\u00a0La fr\u00e9quentation de Steel s\u2019\u00e9tablit non pas sur Saint-Etienne, non pas sur le d\u00e9partement, mais vraiment sur une bonne partie de la r\u00e9gion. \u00bb rappelle Josselin Durand, directeur de Steel.\u00a0\u00bb Il ajoute : \u00ab\u00a0De plus en plus, on voit des personnes venir de Lyon, de Roanne, mais aussi de toute la Haute-Loire, Yssingeaux, Monistrol, le Puy-en-Velay. Donc les visiteurs viennent de loin pour profiter de Steel et de ses infrastructures.\u00a0\u00bb<\/p>\n<\/blockquote>\n<p>Et face aux grands p\u00f4les commerciaux que sont Confluence ou La Part Dieu, la concurrence ne fait pas peur, bien au contraire. \u00ab\u00a0Je pense qu&rsquo;il y a une compl\u00e9mentarit\u00e9 de tous les acteurs du commerce. Chacun \u00e0 ses sp\u00e9cificit\u00e9s. Nous, \u00e0 Saint-Etienne, on est tr\u00e8s verts.\u00a0\u00bb affirme Josselin Durand. Le tout jeune Steel peut effectivement compter sur son parc ouvert de 16 hectares d\u2019espace vert pour faire la diff\u00e9rence dans la r\u00e9gion. Le site pr\u00e9voit d\u2019ici quelques mois d\u2019agrandir son parking pour r\u00e9pondre aux d\u00e9fis pos\u00e9s par sa forte croissance.<\/p>\n","protected":false},"excerpt":{"rendered":"Un lieu de vie et de divertissement qui a 5 ans d\u00e9j\u00e0. Le 16 septembre 2020, le centre&hellip;\n","protected":false},"author":2,"featured_media":399310,"comment_status":"","ping_status":"","sticky":false,"template":"","format":"standard","meta":{"footnotes":""},"categories":[9653],"tags":[1111,11,3581,2430,7230,215,1777,674,1011,27,12,25,4001],"class_list":{"0":"post-399309","1":"post","2":"type-post","3":"status-publish","4":"format-standard","5":"has-post-thumbnail","7":"category-saint-etienne","8":"tag-actu","9":"tag-actualites","10":"tag-anniversaire","11":"tag-auvergne-rhone-alpes","12":"tag-commercants","13":"tag-commerce","14":"tag-eu","15":"tag-europe","16":"tag-fr","17":"tag-france","18":"tag-news","19":"tag-republique-francaise","20":"tag-saint-etienne"},"share_on_mastodon":{"url":"https:\/\/pubeurope.com\/@fr\/115223939209753872","error":""},"_links":{"self":[{"href":"https:\/\/www.europesays.com\/fr\/wp-json\/wp\/v2\/posts\/399309","targetHints":{"allow":["GET"]}}],"collection":[{"href":"https:\/\/www.europesays.com\/fr\/wp-json\/wp\/v2\/posts"}],"about":[{"href":"https:\/\/www.europesays.com\/fr\/wp-json\/wp\/v2\/types\/post"}],"author":[{"embeddable":true,"href":"https:\/\/www.europesays.com\/fr\/wp-json\/wp\/v2\/users\/2"}],"replies":[{"embeddable":true,"href":"https:\/\/www.europesays.com\/fr\/wp-json\/wp\/v2\/comments?post=399309"}],"version-history":[{"count":0,"href":"https:\/\/www.europesays.com\/fr\/wp-json\/wp\/v2\/posts\/399309\/revisions"}],"wp:featuredmedia":[{"embeddable":true,"href":"https:\/\/www.europesays.com\/fr\/wp-json\/wp\/v2\/media\/399310"}],"wp:attachment":[{"href":"https:\/\/www.europesays.com\/fr\/wp-json\/wp\/v2\/media?parent=399309"}],"wp:term":[{"taxonomy":"category","embeddable":true,"href":"https:\/\/www.europesays.com\/fr\/wp-json\/wp\/v2\/categories?post=399309"},{"taxonomy":"post_tag","embeddable":true,"href":"https:\/\/www.europesays.com\/fr\/wp-json\/wp\/v2\/tags?post=399309"}],"curies":[{"name":"wp","href":"https:\/\/api.w.org\/{rel}","templated":true}]}}