{"id":39931,"date":"2025-04-20T22:07:22","date_gmt":"2025-04-20T22:07:22","guid":{"rendered":"https:\/\/www.europesays.com\/fr\/39931\/"},"modified":"2025-04-20T22:07:22","modified_gmt":"2025-04-20T22:07:22","slug":"a-strasbourg-petit-tour-en-cuisine-avec-lasso-les-marmites-du-turfu","status":"publish","type":"post","link":"https:\/\/www.europesays.com\/fr\/39931\/","title":{"rendered":"\u00e0 Strasbourg, petit tour en cuisine avec l&rsquo;asso Les Marmites du Turfu"},"content":{"rendered":"<p><strong>Derri\u00e8re leurs fourneaux, ils et elles mijotent bien plus que des recettes : une vision joyeuse, gourmande et engag\u00e9e de l\u2019alimentation v\u00e9g\u00e9tale. Huit membres passionn\u00e9(e)s, entour\u00e9(e)s de b\u00e9n\u00e9voles, portent Les Marmites du Turfu, une jeune association strasbourgeoise qui multiplie les \u00e9v\u00e9nements pour faire d\u00e9couvrir au public une autre fa\u00e7on de cuisiner.\u00a0<\/strong><\/p>\n<p>Inaugur\u00e9e en janvier dernier, l\u2019association strasbourgeoise <strong>Les Marmites du Turfu<\/strong> organise des \u00e9v\u00e9nements autour de la cuisine v\u00e9g\u00e9tale. Ses membres ont en commun l\u2019engagement pour une <strong>alimentation durable, sans l\u00e9siner sur les saveurs<\/strong>. Des valeurs au c\u0153ur de leur projet. Rencontre.<\/p>\n<p>                <img width=\"750\" height=\"500\" src=\"https:\/\/www.europesays.com\/fr\/wp-content\/uploads\/2025\/04\/marmites-du-turfu-4-750x500.jpg\" class=\"attachment-gallery size-gallery\" alt=\"tarte-flamb\u00e9e-vegan\" data-full-url=\"https:\/\/pokaa.fr\/wp-content\/uploads\/2025\/04\/07\/marmites-du-turfu-4-1500x1000.jpg\" decoding=\"async\" loading=\"lazy\"  \/>            <\/p>\n<p>                <img width=\"750\" height=\"500\" src=\"https:\/\/www.europesays.com\/fr\/wp-content\/uploads\/2025\/04\/atelier-ecofiction-festin-750x500.jpg\" class=\"attachment-gallery size-gallery\" alt=\"Atelier e\u0301cofiction Festin turfu\" data-full-url=\"https:\/\/pokaa.fr\/wp-content\/uploads\/2025\/04\/07\/atelier-ecofiction-festin-1500x1000.jpg\" decoding=\"async\" loading=\"lazy\"  \/>            <\/p>\n<p>                    \u00a9 Lucie Dubois R\u00e9sigraphie \/ Document remis<\/p>\n<p>Le festin originel et un cr\u00e9neau \u00e0 prendre<\/p>\n<p>Avant les Marmites, il y a eu <strong>le Festin<\/strong>, du Turfu aussi. Une grande f\u00eate organis\u00e9e en juin 2024, port\u00e9e par la <a href=\"https:\/\/www.lestuck.eu\/guildes\/\" target=\"_blank\" rel=\"noopener\">Guilde v\u00e9g\u00e9tale du St\u00fcck<\/a> (la monnaie locale). L\u2019\u00e9v\u00e9nement \u2013 in\u00e9dit \u00e0 Strasbourg \u2013 s\u2019est tenu au Phare Citadelle, dans le cadre des rendez-vous de l\u2019alimentation. <strong>Food-trucks, tables rondes, conf\u00e9rences, ateliers\u2026 de nombreuses animations \u00e9taient pr\u00e9vues autour du v\u00e9g\u00e9talisme<\/strong>. Un atelier cookies v\u00e9gans \u00e9tait m\u00eame propos\u00e9 aux enfants, anim\u00e9 par Denitsa Wagner, traiteur v\u00e9gane, animatrice d\u2019ateliers culinaires et l\u2019une des huit membres fondateurs\/rices de l\u2019association.<\/p>\n<p>\u00ab <strong>Avec plus de 600 visiteurs au Festin du Turfu, on s\u2019est dit qu\u2019il y avait de la demande \u00e0 Strasbourg.<\/strong> J\u2019ai eu envie d\u2019aller plus loin\u00a0\u00bb, relate Justine Rist, cofondatrice des Marmites du Turfu, aussi cheffe, formatrice et consultante en cuisine v\u00e9g\u00e9tale. Une ambition partag\u00e9e par six autres b\u00e9n\u00e9voles : Tom Baumert, Shani Chevalier, Corinne Ferrand, Salom\u00e9 Hethener, Houyam Lahsibi et Muriel Schiffmann.<\/p>\n<p>    <img width=\"400\" height=\"600\" src=\"https:\/\/www.europesays.com\/fr\/wp-content\/uploads\/2025\/04\/marmites-du-turfu-5-400x600.jpg\" class=\"attachment-image-size-M size-image-size-M\" alt=\"festin-du-turfu\" decoding=\"async\" loading=\"lazy\"  \/>         \u00a9 Valentine Zeler \/ Document remis <\/p>\n<p>Pour Justine, \u00ab plusieurs asso font du militantisme autour de la question animale et environnementale \u00e0 Strasbourg, mais il manquait ce c\u00f4t\u00e9 un peu plus pratico-pratique \u00bb. \u00ab\u00a0<strong>On sait qu\u2019il faut manger moins de viande, mais concr\u00e8tement, comment on fait\u00a0?\u00a0<\/strong>\u00bb, continue Salom\u00e9 Hethener, \u00e9tudiante en g\u00e9ographie.<\/p>\n<p>L\u2019association entend ainsi <strong>faire d\u00e9couvrir l\u2019alimentation v\u00e9g\u00e9tale<\/strong> au plus grand nombre. \u00ab\u00a0On veut montrer comment r\u00e9duire les repas \u00e0 base de produits d\u2019origine animale\u00a0\u00bb, explique Muriel Schiffmann, \u00e0 la t\u00eate de l\u2019\u00e9cole culinaire v\u00e9g\u00e9tale \u00ab The vegan foodie project \u00bb.<\/p>\n<p>Pour d\u00e9mocratiser cette fa\u00e7on de s\u2019alimenter, les Marmites du Turfu continuent dans la lanc\u00e9e du Festin, en organisant <strong>un \u00e9v\u00e9nement par mois<\/strong>, au moins.<\/p>\n<p>La main \u00e0 la p\u00e2te, sans sacrifier le plaisir<\/p>\n<p>En novembre 2024, un premier <strong>d\u00eener participatif<\/strong> s\u2019est d\u00e9roul\u00e9 aux Petites Cantines. L\u2019occasion pour les participant(e)s de passer \u00e0 la casserole, avant de passer \u00e0 table. L\u2019association \u00e9tait aussi pr\u00e9sente au March\u00e9 OFF de No\u00ebl,\u00a0pour proposer des faux-gras (alternative v\u00e9g\u00e9tale au foie gras) \u00e0 d\u00e9guster.<\/p>\n<p>Cette ann\u00e9e, en f\u00e9vrier, les Marmites ont invit\u00e9 la cheffe Natasha Tourabi\u00a0pour animer <strong>un atelier de cuisine v\u00e9g\u00e9tale indienne<\/strong>. En mars, un deuxi\u00e8me d\u00eener participatif a eu lieu aux Petites Cantines, avec tapas et churros.<\/p>\n<p>Les Marmites ne se limitent pas \u00e0 la cuisine : \u00ab <strong>on s\u2019ouvre aussi \u00e0 la p\u00e9dagogie<\/strong> \u00bb, explique Justine, \u00e0 propos d\u2019un cin\u00e9-buffet organis\u00e9 le 14 avril dernier au Cosmos, avec la projection du documentaire De l\u2019assiette \u00e0 l\u2019oc\u00e9an, de l\u2019association <a href=\"https:\/\/blutopia.org\/\" target=\"_blank\" rel=\"noopener\">Blutopia<\/a>.<\/p>\n<p>    <img width=\"800\" height=\"533\" src=\"https:\/\/www.europesays.com\/fr\/wp-content\/uploads\/2025\/04\/photo-bartosch-salmanski-128db-marche-off-e1668701598761-800x533.jpg\" class=\"attachment-image-size-L size-image-size-L\" alt=\"march\u00e9 off 2021\" decoding=\"async\" loading=\"lazy\"  \/>         March\u00e9 OFF 2021. \u00a9 Bartosch Salmanski 128db \/ Document remis <\/p>\n<p>Le fil conducteur de ces actions reste <strong>la nourriture, celle qui r\u00e9gale<\/strong>. \u00ab\u00a0On veut montrer que le v\u00e9g\u00e9tal, c\u2019est pas que du houmous\u00a0\u00bb, plaisante Justine. Les plats concoct\u00e9s lors de ces \u00e9v\u00e9nements \u2013 vari\u00e9s, originaux et gourmands \u2013 illustrent cette id\u00e9e.<\/p>\n<p>Ces rendez-vous ne s\u2019adressent pas qu\u2019aux v\u00e9g\u00e9tarien(ne)s et v\u00e9g\u00e9talien(ne)s, mais visent \u00e0 <strong>r\u00e9unir un large public autour d\u2019une cuisine plaisir<\/strong>, d\u00e9veloppe Justine : \u00ab Notre id\u00e9e est aussi de faire venir des gens pas forc\u00e9ment acquis \u00e0 notre cause. \u00bb Encore trop clivante selon Salom\u00e9, <strong>l\u2019\u00ab\u00a0\u00e9tiquette v\u00e9gane \u00bb a \u00e9t\u00e9 volontairement exclue<\/strong> pour le choix du nom de l\u2019association, pour embarquer un maximum de monde.<\/p>\n<p>                <img width=\"750\" height=\"500\" src=\"https:\/\/www.europesays.com\/fr\/wp-content\/uploads\/2025\/04\/marmites-du-turfu-1-1-750x500.jpg\" class=\"attachment-gallery size-gallery\" alt=\"ap\u00e9ritif-marmites-du-turfu\" data-full-url=\"https:\/\/pokaa.fr\/wp-content\/uploads\/2025\/04\/07\/marmites-du-turfu-1-1-1500x1000.jpg\" decoding=\"async\" loading=\"lazy\"  \/>            <\/p>\n<p>                <img width=\"750\" height=\"500\" src=\"https:\/\/www.europesays.com\/fr\/wp-content\/uploads\/2025\/04\/marmites-du-turfu-3-750x500.jpg\" class=\"attachment-gallery size-gallery\" alt=\"ap\u00e9ritif-marmites-du-turfu\" data-full-url=\"https:\/\/pokaa.fr\/wp-content\/uploads\/2025\/04\/07\/marmites-du-turfu-3-1500x1000.jpg\" decoding=\"async\" loading=\"lazy\"  \/>            <\/p>\n<p>                <img width=\"750\" height=\"500\" src=\"https:\/\/www.europesays.com\/fr\/wp-content\/uploads\/2025\/04\/marmites-du-turfu-2-750x500.jpg\" class=\"attachment-gallery size-gallery\" alt=\"marmites-du-turfu-2\" data-full-url=\"https:\/\/pokaa.fr\/wp-content\/uploads\/2025\/04\/07\/marmites-du-turfu-2-1500x1000.jpg\" decoding=\"async\" loading=\"lazy\"  \/>            <\/p>\n<p>                    \u00a9 Elliott Boss\u00e9 \/ Documents remis<\/p>\n<p>La part belle au local et le Festin remet le couvert<\/p>\n<p><strong>L\u2019association travaille avec des partenaires locaux\/les<\/strong>, engag\u00e9(e)s dans la cuisine v\u00e9g\u00e9tale, mais pas que. Pour n\u2019en citer que quelques-uns : les food-trucks L\u2019essentiel chez Rapha\u00ebl\u00a0et Veg\u2019Anne, ou encore Graines d\u2019Alsace, la fili\u00e8re l\u00e9gumineuses locale. \u00ab\u00a0\u00c7a permet de briser des images toutes faites sur les v\u00e9gans \u00bb, soul\u00e8ve Salom\u00e9.<\/p>\n<p>Pour Muriel, \u00e0 l\u2019\u00e9chelle locale, <strong>\u00ab\u00a0beaucoup de gens font des choses extraordinaires, qui ont leur marque, leur entreprise ou font du b\u00e9n\u00e9volat \u00bb<\/strong>. Les Marmites du Turfu mettent un point d\u2019honneur \u00e0 les valoriser. \u00ab On est un pont entre ces acteurs-l\u00e0 et le grand public\u00a0\u00bb, r\u00e9sume Justine.<\/p>\n<p>    <img width=\"597\" height=\"600\" src=\"https:\/\/www.europesays.com\/fr\/wp-content\/uploads\/2025\/04\/capture-decran-2025-04-16-a-113814-597x600.png\" class=\"attachment-image-size-M size-image-size-M\" alt=\"graines d\u2019Alsace\" decoding=\"async\" loading=\"lazy\"  \/>         \u00a9 Site web des Graines d&rsquo;Alsace \/ Capture d&rsquo;\u00e9cran <\/p>\n<p>Pour continuer de cr\u00e9er ce lien, <strong>Les Marmites organisent leur deuxi\u00e8me Festin du Turfu le 25 mai<\/strong> <strong>prochain<\/strong>, toujours <strong>au Phare Citadelle<\/strong>. Les organisateurs\/rices esp\u00e8rent le m\u00eame succ\u00e8s, si ce n\u2019est plus, que l\u2019an pass\u00e9.<\/p>\n<p>Pour le bon d\u00e9roul\u00e9 de cette journ\u00e9e, l\u2019association cherche des volontaires. <strong>Des ap\u00e9ro-b\u00e9n\u00e9voles sont propos\u00e9s<\/strong>, afin de constituer les \u00e9quipes pour le Festin, mais aussi de pr\u00e9senter les autres projets des Marmites.<\/p>\n<p>    <img width=\"800\" height=\"587\" src=\"https:\/\/www.europesays.com\/fr\/wp-content\/uploads\/2025\/04\/marmites-du-turfu-6-800x587.jpg\" class=\"attachment-image-size-L size-image-size-L\" alt=\"festin-du-turfu phare citadelle\" decoding=\"async\" loading=\"lazy\"  \/>         \u00a9 Kevin Witz \/ Document remis <\/p>\n<p>Au four et au moulin<\/p>\n<p>Les Marmites du Turfu ne s\u2019arr\u00eatent pas l\u00e0. En plus de ces \u00e9v\u00e9nements, l\u2019association lance <strong><a href=\"https:\/\/veganstrasbourg.gogocarto.fr\/map#\/carte\/@48.585,7.727,13z?cat=all\" target=\"_blank\" rel=\"noopener\">une cartographie collaborative<\/a> de la restauration v\u00e9g\u00e9tale \u00e0 Strasbourg<\/strong>, avec Laura Diebold, form\u00e9e en alimentation v\u00e9g\u00e9tale.<\/p>\n<p>Avis aux Strasbourgeois(es) :<strong> si vous connaissez des restaurants proposant des options v\u00e9ganes, vos suggestions sont les bienvenues<\/strong>. \u00ab\u00a0C\u2019est un travail qui se veut collectif\u00a0\u00bb, annonce Justine.<\/p>\n<p>    <img width=\"800\" height=\"394\" src=\"https:\/\/www.europesays.com\/fr\/wp-content\/uploads\/2025\/04\/capture-decran-2025-04-16-a-114011-800x394.png\" class=\"attachment-image-size-L size-image-size-L\" alt=\"carte vegan\" decoding=\"async\" loading=\"lazy\"  \/>         \u00a9 Les Marmites du Turfu &#8211; Gogocarto \/ Capture d&rsquo;\u00e9cran <\/p>\n<p>De plus, pour d\u00e9mocratiser l\u2019alimentation v\u00e9g\u00e9tale, <strong>l\u2019association s\u2019engage \u00e0 proposer des tarifs accessibles<\/strong>. L\u2019entr\u00e9e au Festin du Turfu \u00e9tait gratuite l\u2019an pass\u00e9. Et pour le cin\u00e9-buffet au Cosmos, une participation de 10\u20ac \u00e9tait demand\u00e9e, \u00ab moins cher qu\u2019une place dans certains cin\u00e9\u00a0\u00bb, avance Justine.<\/p>\n<p><strong>Mais ces projets engendrent des co\u00fbts<\/strong>. \u00ab\u00a0Pour cette nouvelle \u00e9dition du Festin, on a des pointures qui vont venir\u00a0\u00bb, tease la cheffe. La participation aux frais de d\u00e9placement des intervenant(e)s (de Paris et Marseille notamment) <strong>pose la question du financement<\/strong>. \u00ab\u00a0Le gros point de tension\u00a0\u00bb de l\u2019association, confie-t-elle.<\/p>\n<p>Alors pour mettre du beurre (v\u00e9g\u00e9tal) dans les \u00e9pinards, l\u2019organisation a mont\u00e9 des <strong>dossiers de demande de subventions<\/strong>, aupr\u00e8s de la R\u00e9gion, mais aussi d\u2019organismes internationaux de promotion du v\u00e9g\u00e9talisme. En attendant, <strong>elle compte sur les <a href=\"https:\/\/www.helloasso.com\/associations\/les-marmites-du-turfu\" target=\"_blank\" rel=\"noopener\">dons des particuliers<\/a><\/strong>.<\/p>\n<p style=\"text-align: center;\"><strong>Pour suivre les Marmites du Turfu sur les r\u00e9seaux sociaux :\u00a0<\/strong><\/p>\n<p style=\"text-align: center;\"><a href=\"https:\/\/www.facebook.com\/marmitesduturfu\" target=\"_blank\" rel=\"noopener\">Leur page Facebook<\/a><br \/><a href=\"https:\/\/www.instagram.com\/les_marmites_du_turfu\/\" target=\"_blank\" rel=\"noopener\">Leur page Instagram<\/a><\/p>\n<p><script async src=\"\/\/www.instagram.com\/embed.js\"><\/script><\/p>\n","protected":false},"excerpt":{"rendered":"Derri\u00e8re leurs fourneaux, ils et elles mijotent bien plus que des recettes : une vision joyeuse, gourmande et&hellip;\n","protected":false},"author":2,"featured_media":39932,"comment_status":"","ping_status":"","sticky":false,"template":"","format":"standard","meta":{"footnotes":""},"categories":[2820],"tags":[1111,11,12365,902,1777,674,1011,27,775,12366,12,25,640,12367],"class_list":{"0":"post-39931","1":"post","2":"type-post","3":"status-publish","4":"format-standard","5":"has-post-thumbnail","7":"category-strasbourg","8":"tag-actu","9":"tag-actualites","10":"tag-associatif","11":"tag-cuisine","12":"tag-eu","13":"tag-europe","14":"tag-fr","15":"tag-france","16":"tag-grand-est","17":"tag-les-marmites-du-turfu","18":"tag-news","19":"tag-republique-francaise","20":"tag-strasbourg","21":"tag-vegan"},"share_on_mastodon":{"url":"https:\/\/pubeurope.com\/@fr\/114372571763987060","error":""},"_links":{"self":[{"href":"https:\/\/www.europesays.com\/fr\/wp-json\/wp\/v2\/posts\/39931","targetHints":{"allow":["GET"]}}],"collection":[{"href":"https:\/\/www.europesays.com\/fr\/wp-json\/wp\/v2\/posts"}],"about":[{"href":"https:\/\/www.europesays.com\/fr\/wp-json\/wp\/v2\/types\/post"}],"author":[{"embeddable":true,"href":"https:\/\/www.europesays.com\/fr\/wp-json\/wp\/v2\/users\/2"}],"replies":[{"embeddable":true,"href":"https:\/\/www.europesays.com\/fr\/wp-json\/wp\/v2\/comments?post=39931"}],"version-history":[{"count":0,"href":"https:\/\/www.europesays.com\/fr\/wp-json\/wp\/v2\/posts\/39931\/revisions"}],"wp:featuredmedia":[{"embeddable":true,"href":"https:\/\/www.europesays.com\/fr\/wp-json\/wp\/v2\/media\/39932"}],"wp:attachment":[{"href":"https:\/\/www.europesays.com\/fr\/wp-json\/wp\/v2\/media?parent=39931"}],"wp:term":[{"taxonomy":"category","embeddable":true,"href":"https:\/\/www.europesays.com\/fr\/wp-json\/wp\/v2\/categories?post=39931"},{"taxonomy":"post_tag","embeddable":true,"href":"https:\/\/www.europesays.com\/fr\/wp-json\/wp\/v2\/tags?post=39931"}],"curies":[{"name":"wp","href":"https:\/\/api.w.org\/{rel}","templated":true}]}}