{"id":399311,"date":"2025-09-18T06:42:10","date_gmt":"2025-09-18T06:42:10","guid":{"rendered":"https:\/\/www.europesays.com\/fr\/399311\/"},"modified":"2025-09-18T06:42:10","modified_gmt":"2025-09-18T06:42:10","slug":"un-depistage-gratuit-de-plusieurs-cancers-ce-jeudi","status":"publish","type":"post","link":"https:\/\/www.europesays.com\/fr\/399311\/","title":{"rendered":"un d\u00e9pistage gratuit de plusieurs cancers ce jeudi"},"content":{"rendered":"\n<p>Cancer du sein, du c\u00f4lon ou du col de l&rsquo;ut\u00e9rus, mieux vaut d\u00e9pister t\u00f4t pour am\u00e9liorer les chances de gu\u00e9rison. C&rsquo;est en tout cas le message que souhaite faire passer la Ville de Saint-\u00c9tienne dans le cadre du plan cancer st\u00e9phanois, en partenariat avec plusieurs acteurs du monde m\u00e9dical du d\u00e9patement. Une journ\u00e9e de d\u00e9pistage est donc organis\u00e9e ce jeudi 18 septembre sur la place du march\u00e9 du Grand Clos, rue Benoit Frachon.\u00a0Des kits de d\u00e9pistages et des bons gratuits pour des mammographies seront notamment distribu\u00e9s pour le cancer du c\u00f4lon et du sein. Le d\u00e9pistage est gratuit pour tous, d\u00e8s 8 heures ce jeudi et jusqu&rsquo;\u00e0 13 heures.<\/p>\n","protected":false},"excerpt":{"rendered":"Cancer du sein, du c\u00f4lon ou du col de l&rsquo;ut\u00e9rus, mieux vaut d\u00e9pister t\u00f4t pour am\u00e9liorer les chances&hellip;\n","protected":false},"author":2,"featured_media":399312,"comment_status":"","ping_status":"","sticky":false,"template":"","format":"standard","meta":{"footnotes":""},"categories":[9653],"tags":[1111,11,2430,101,53101,32849,14754,1777,674,1011,27,3367,12,25,4001],"class_list":{"0":"post-399311","1":"post","2":"type-post","3":"status-publish","4":"format-standard","5":"has-post-thumbnail","7":"category-saint-etienne","8":"tag-actu","9":"tag-actualites","10":"tag-auvergne-rhone-alpes","11":"tag-cancer","12":"tag-col_de_luterus","13":"tag-colon","14":"tag-depistage","15":"tag-eu","16":"tag-europe","17":"tag-fr","18":"tag-france","19":"tag-loire","20":"tag-news","21":"tag-republique-francaise","22":"tag-saint-etienne"},"share_on_mastodon":{"url":"https:\/\/pubeurope.com\/@fr\/115223943203687628","error":""},"_links":{"self":[{"href":"https:\/\/www.europesays.com\/fr\/wp-json\/wp\/v2\/posts\/399311","targetHints":{"allow":["GET"]}}],"collection":[{"href":"https:\/\/www.europesays.com\/fr\/wp-json\/wp\/v2\/posts"}],"about":[{"href":"https:\/\/www.europesays.com\/fr\/wp-json\/wp\/v2\/types\/post"}],"author":[{"embeddable":true,"href":"https:\/\/www.europesays.com\/fr\/wp-json\/wp\/v2\/users\/2"}],"replies":[{"embeddable":true,"href":"https:\/\/www.europesays.com\/fr\/wp-json\/wp\/v2\/comments?post=399311"}],"version-history":[{"count":0,"href":"https:\/\/www.europesays.com\/fr\/wp-json\/wp\/v2\/posts\/399311\/revisions"}],"wp:featuredmedia":[{"embeddable":true,"href":"https:\/\/www.europesays.com\/fr\/wp-json\/wp\/v2\/media\/399312"}],"wp:attachment":[{"href":"https:\/\/www.europesays.com\/fr\/wp-json\/wp\/v2\/media?parent=399311"}],"wp:term":[{"taxonomy":"category","embeddable":true,"href":"https:\/\/www.europesays.com\/fr\/wp-json\/wp\/v2\/categories?post=399311"},{"taxonomy":"post_tag","embeddable":true,"href":"https:\/\/www.europesays.com\/fr\/wp-json\/wp\/v2\/tags?post=399311"}],"curies":[{"name":"wp","href":"https:\/\/api.w.org\/{rel}","templated":true}]}}