{"id":399317,"date":"2025-09-18T06:45:13","date_gmt":"2025-09-18T06:45:13","guid":{"rendered":"https:\/\/www.europesays.com\/fr\/399317\/"},"modified":"2025-09-18T06:45:13","modified_gmt":"2025-09-18T06:45:13","slug":"le-pointu-fait-partie-de-ma-vie-depuis-lenfance-daniel-valora-prend-la-presidence-des-pointus-de-sanary","status":"publish","type":"post","link":"https:\/\/www.europesays.com\/fr\/399317\/","title":{"rendered":"\u00ab\u00a0Le pointu fait partie de ma vie depuis l\u2019enfance\u00a0\u00bb: Daniel Valora prend la pr\u00e9sidence des Pointus de Sanary"},"content":{"rendered":"<p>C\u2019est un adh\u00e9rent de la premi\u00e8re heure, Daniel Valora, qui vient d\u2019\u00eatre \u00e9lu pr\u00e9sident de l\u2019Association des pointus de Sanary (APS), suite \u00e0 la d\u00e9mission d\u2019Olivier Magnin, candidat aux prochaines \u00e9lections municipales. Il nous pr\u00e9sente sa feuille de route.<\/p>\n<p><strong>Vous et les pointus, c\u2019est une longue histoire?<\/strong><\/p>\n<p>Le pointu fait partie de ma vie depuis l\u2019enfance, quand je venais naviguer avec mon parrain p\u00eacheur \u00e0 bord de La Pauline, encore amarr\u00e9 \u00e0 Sanary! J\u2019ai eu ensuite mes propres bateaux, le Sainte Lucie puis le Saint Nicolas, achet\u00e9 en 2006 \u00e0 un p\u00eacheur toulonnais.<\/p>\n<p>Vivant entre Aix et Sanary, je le sors d\u00e8s que possible pour la baignade ou la p\u00eache aux poissons de roche, un plaisir que je partage avec mes enfants et petits-enfants&#8230; Il fait partie de la centaine de pointus en premi\u00e8re ligne sur le port, devenus le symbole de Sanary!<\/p>\n<p>Nous venons m\u00eame d\u2019embarquer le jury de l\u2019\u00e9mission Le meilleur boulanger de M6, en tournage, pour un tour dans la baie! J\u2019ai connu l\u2019association \u00e0 sa cr\u00e9ation il y a vingt ans et \u00e9t\u00e9 l\u2019un des premiers membres, j\u2019ai donc v\u00e9cu toutes ses \u00e9volutions! Et comme imprimeur, j\u2019ai pris en charge le graphisme de notre newsletter, Lou Messagi\u00e9.<\/p>\n<p><strong>Quelles sont vos priorit\u00e9s?<\/strong><\/p>\n<p>Pour l\u2019instant je prends mes marques, mais notre priorit\u00e9 est la sauvegarde de ce patrimoine! Je suis aussi tr\u00e8s attach\u00e9 \u00e0 la convivialit\u00e9 qui r\u00e8gne entre nos 250 adh\u00e9rents, et souhaite cultiver cet esprit associatif&#8230;<\/p>\n<p>Cette ann\u00e9e a \u00e9t\u00e9 intense avec la c\u00e9l\u00e9bration de nos vingt ans et notamment une Vir\u00e9e de Saint-Nazaire tr\u00e8s riche et une belle exposition photo dans les rues&#8230;<\/p>\n<p>Et elle n\u2019est pas termin\u00e9e avec les derniers Embarquements Imm\u00e9diats 2025 ce week-end, avant les illuminations de fin d\u2019ann\u00e9e. M\u00eame si ces manifestations sont contraignantes pour les propri\u00e9taires, ils sont remerci\u00e9s par les t\u00e9moignages enchant\u00e9s des touristes et locaux!<\/p>\n<p><strong>Avez-vous des projets?<\/strong><\/p>\n<p>Nous r\u00e9fl\u00e9chissons \u00e0 de possibles am\u00e9liorations comme l\u2019am\u00e9nagement des horaires estivaux des Embarquements imm\u00e9diats, ou \u00e0 la cr\u00e9ation de nouvelles manifestations, peut-\u00eatre une autre r\u00e9gate \u00e0 la voile en plus de la Vir\u00e9e de Saint-Nazaire?<\/p>\n<p>Ou bien encore organiser \u00e0 Sanary des cours de voile latine&#8230; Toutes ces id\u00e9es sont en d\u00e9bat pour faire \u00e9voluer l\u2019association tout en restant centr\u00e9s sur le patrimoine!<\/p>\n<p>Embarquements imm\u00e9diats les 20 et 21 septembre de 10h \u00e0 12h et de 14h30\u00e0 17h sur le stand de l\u2019association face \u00e0 la Tour, gratuit et sans r\u00e9servation, si la m\u00e9t\u00e9o le permet. <a href=\"http:\/\/www.lespointusdesanary.com\" target=\"_blank\" rel=\"noopener\">www.lespointusdesanary.com<\/a><\/p>\n","protected":false},"excerpt":{"rendered":"C\u2019est un adh\u00e9rent de la premi\u00e8re heure, Daniel Valora, qui vient d\u2019\u00eatre \u00e9lu pr\u00e9sident de l\u2019Association des pointus&hellip;\n","protected":false},"author":2,"featured_media":399318,"comment_status":"","ping_status":"","sticky":false,"template":"","format":"standard","meta":{"footnotes":""},"categories":[9619],"tags":[1111,11,1777,674,1011,27,12,882,25,2310,3366],"class_list":{"0":"post-399317","1":"post","2":"type-post","3":"status-publish","4":"format-standard","5":"has-post-thumbnail","7":"category-toulon","8":"tag-actu","9":"tag-actualites","10":"tag-eu","11":"tag-europe","12":"tag-fr","13":"tag-france","14":"tag-news","15":"tag-provence-alpes-cote-dazur","16":"tag-republique-francaise","17":"tag-toulon","18":"tag-vie-locale"},"share_on_mastodon":{"url":"https:\/\/pubeurope.com\/@fr\/115223955051768555","error":""},"_links":{"self":[{"href":"https:\/\/www.europesays.com\/fr\/wp-json\/wp\/v2\/posts\/399317","targetHints":{"allow":["GET"]}}],"collection":[{"href":"https:\/\/www.europesays.com\/fr\/wp-json\/wp\/v2\/posts"}],"about":[{"href":"https:\/\/www.europesays.com\/fr\/wp-json\/wp\/v2\/types\/post"}],"author":[{"embeddable":true,"href":"https:\/\/www.europesays.com\/fr\/wp-json\/wp\/v2\/users\/2"}],"replies":[{"embeddable":true,"href":"https:\/\/www.europesays.com\/fr\/wp-json\/wp\/v2\/comments?post=399317"}],"version-history":[{"count":0,"href":"https:\/\/www.europesays.com\/fr\/wp-json\/wp\/v2\/posts\/399317\/revisions"}],"wp:featuredmedia":[{"embeddable":true,"href":"https:\/\/www.europesays.com\/fr\/wp-json\/wp\/v2\/media\/399318"}],"wp:attachment":[{"href":"https:\/\/www.europesays.com\/fr\/wp-json\/wp\/v2\/media?parent=399317"}],"wp:term":[{"taxonomy":"category","embeddable":true,"href":"https:\/\/www.europesays.com\/fr\/wp-json\/wp\/v2\/categories?post=399317"},{"taxonomy":"post_tag","embeddable":true,"href":"https:\/\/www.europesays.com\/fr\/wp-json\/wp\/v2\/tags?post=399317"}],"curies":[{"name":"wp","href":"https:\/\/api.w.org\/{rel}","templated":true}]}}