{"id":399329,"date":"2025-09-18T06:51:14","date_gmt":"2025-09-18T06:51:14","guid":{"rendered":"https:\/\/www.europesays.com\/fr\/399329\/"},"modified":"2025-09-18T06:51:14","modified_gmt":"2025-09-18T06:51:14","slug":"pres-de-grenoble-la-police-fait-une-decouverte-etonnante-chez-le-voisin-dun-airbnb","status":"publish","type":"post","link":"https:\/\/www.europesays.com\/fr\/399329\/","title":{"rendered":"Pr\u00e8s de Grenoble. La police fait une d\u00e9couverte \u00e9tonnante chez le voisin d&rsquo;un Airbnb"},"content":{"rendered":"<p>            Par<br \/>\n        <strong><br \/>\n            <a href=\"https:\/\/actu.fr\/auteur\/lisa-rodrigues\" title=\"Consulter tous les articles de Lisa Rodrigues\" target=\"_blank\" rel=\"noopener\">Lisa Rodrigues<\/a><br \/>\n        <\/strong><\/p>\n<p>        Publi\u00e9 le<\/p>\n<p>            18 sept. 2025 \u00e0 8h13        <\/p>\n<p>Les faits remontent en d\u00e9but de semaine. Peu avant 3 heures du matin, lundi 15 septembre, l\u2019occupant d\u2019un logement Airbnb \u00e0 <strong>Saint-Martin-d\u2019H\u00e8res<\/strong> rue du Taillefer, pr\u00e8s de <a href=\"https:\/\/actu.fr\/auvergne-rhone-alpes\/grenoble_38185\" target=\"_blank\" rel=\"noopener\">Grenoble<\/a>, alerte la police : <strong>une munition<\/strong>, provenant vraisemblablement d\u2019une arme \u00e0 feu, a \u00e9t\u00e9 d\u00e9couverte dans l\u2019appartement, indique le parquet de Grenoble.<\/p>\n<p>    <a href=\"https:\/\/www.google.com\/maps\/embed?pb=!1m18!1m12!1m3!1d2812.606267676079!2d5.752670775023102!3d45.174822371070654!2m3!1f0!2f0!3f0!3m2!1i1024!2i768!4f13.1!3m3!1m2!1s0x478af51f15b20c71%3A0x40dce2b7c331d4b2!2sRue%20du%20Taillefer%2C%2038400%20Saint-Martin-d%27H%C3%A8res!5e0!3m2!1sfr!2sfr!4v1758174933371!5m2!1sfr!2sfr\" title=\"Ouvrie le lien\" target=\"_blank\" rel=\"noopener\">Cliquez ici pour visualiser le contenu<\/a><\/p>\n<p class=\" wall-content\">Les forces de l\u2019ordre arrivent sur les lieux et comprennent rapidement que cette munition provient de l\u2019appartement voisin.<\/p>\n<p>Armes, stup\u00e9fiants et argent liquide<\/p>\n<p class=\" wall-content\">Les policiers se rendent donc dans le logement suspect, o\u00f9 ils trouvent son occupant, un <strong>jeune homme \u00e2g\u00e9 de 19 ans<\/strong>, qui est interpell\u00e9.<\/p>\n<p class=\" wall-content\">Surtout, c\u2019est une fois \u00e0 l\u2019int\u00e9rieur de l\u2019appartement que les forces de l\u2019ordre font une sacr\u00e9 d\u00e9couverte : un fusil mitrailleur, 2 500 euros en liquide, ainsi que 2,5 kilos de r\u00e9sine de cannabis et 1,3 kilos de coca\u00efne pour une valeur \u00e0 la revente estim\u00e9e \u00e0 <strong>au moins 80 000 euros<\/strong>, d\u2019apr\u00e8s le parquet de Grenoble.<\/p>\n<p class=\" wall-content\">Le jeune homme interpell\u00e9 doit \u00eatre jug\u00e9 en comparution imm\u00e9diate vendredi 19 septembre.<\/p>\n<p class=\" wall-content\">Personnalisez votre actualit\u00e9 en ajoutant vos villes et m\u00e9dias en favori avec <a href=\"https:\/\/moncompte.actu.fr\" title=\"D\u00e9couvez Mon Actu\" rel=\"nofollow noopener\" data-trk=\"{&quot;cta&quot;:{&quot;action&quot;:&quot;https:\\\/\\\/moncompte.actu.fr&quot;,&quot;category&quot;:&quot;mon compte&quot;,&quot;from&quot;:&quot;article footer&quot;,&quot;name&quot;:&quot;Mon actu&quot;,&quot;type&quot;:&quot;cta&quot;}}\" target=\"_blank\">Mon Actu<\/a>.<\/p>\n","protected":false},"excerpt":{"rendered":"Par Lisa Rodrigues Publi\u00e9 le 18 sept. 2025 \u00e0 8h13 Les faits remontent en d\u00e9but de semaine. Peu&hellip;\n","protected":false},"author":2,"featured_media":399330,"comment_status":"","ping_status":"","sticky":false,"template":"","format":"standard","meta":{"footnotes":""},"categories":[9566],"tags":[1111,11,7345,2430,1777,674,118,1011,27,2731,303,12,1072,25],"class_list":{"0":"post-399329","1":"post","2":"type-post","3":"status-publish","4":"format-standard","5":"has-post-thumbnail","7":"category-grenoble","8":"tag-actu","9":"tag-actualites","10":"tag-airbnb","11":"tag-auvergne-rhone-alpes","12":"tag-eu","13":"tag-europe","14":"tag-faits-divers","15":"tag-fr","16":"tag-france","17":"tag-grenoble","18":"tag-justice","19":"tag-news","20":"tag-police","21":"tag-republique-francaise"},"share_on_mastodon":{"url":"https:\/\/pubeurope.com\/@fr\/115223978756443941","error":""},"_links":{"self":[{"href":"https:\/\/www.europesays.com\/fr\/wp-json\/wp\/v2\/posts\/399329","targetHints":{"allow":["GET"]}}],"collection":[{"href":"https:\/\/www.europesays.com\/fr\/wp-json\/wp\/v2\/posts"}],"about":[{"href":"https:\/\/www.europesays.com\/fr\/wp-json\/wp\/v2\/types\/post"}],"author":[{"embeddable":true,"href":"https:\/\/www.europesays.com\/fr\/wp-json\/wp\/v2\/users\/2"}],"replies":[{"embeddable":true,"href":"https:\/\/www.europesays.com\/fr\/wp-json\/wp\/v2\/comments?post=399329"}],"version-history":[{"count":0,"href":"https:\/\/www.europesays.com\/fr\/wp-json\/wp\/v2\/posts\/399329\/revisions"}],"wp:featuredmedia":[{"embeddable":true,"href":"https:\/\/www.europesays.com\/fr\/wp-json\/wp\/v2\/media\/399330"}],"wp:attachment":[{"href":"https:\/\/www.europesays.com\/fr\/wp-json\/wp\/v2\/media?parent=399329"}],"wp:term":[{"taxonomy":"category","embeddable":true,"href":"https:\/\/www.europesays.com\/fr\/wp-json\/wp\/v2\/categories?post=399329"},{"taxonomy":"post_tag","embeddable":true,"href":"https:\/\/www.europesays.com\/fr\/wp-json\/wp\/v2\/tags?post=399329"}],"curies":[{"name":"wp","href":"https:\/\/api.w.org\/{rel}","templated":true}]}}