{"id":399334,"date":"2025-09-18T06:54:09","date_gmt":"2025-09-18T06:54:09","guid":{"rendered":"https:\/\/www.europesays.com\/fr\/399334\/"},"modified":"2025-09-18T06:54:09","modified_gmt":"2025-09-18T06:54:09","slug":"video-a-rennes-les-ventes-genomic-elite-au-space-cest-du-business-et-du-spectacle","status":"publish","type":"post","link":"https:\/\/www.europesays.com\/fr\/399334\/","title":{"rendered":"VIDEO. \u00c0 Rennes, les ventes Genomic \u00c9lite au Space, c\u2019est du business\u2026 et du spectacle"},"content":{"rendered":"<p>            Par<br \/>\n        <strong><br \/>\n            <a href=\"https:\/\/actu.fr\/auteur\/bertrand-dumarche\" title=\"Consulter tous les articles de Bertrand Dumarch\u00e9\" target=\"_blank\" rel=\"noopener\">Bertrand Dumarch\u00e9<\/a><br \/>\n        <\/strong><\/p>\n<p>        Publi\u00e9 le<\/p>\n<p>            18 sept. 2025 \u00e0 8h00        <\/p>\n<p>Les ventes <b>G\u00e9nomic \u00c9lite<\/b> ont rassembl\u00e9 un public nombreux autour du ring du <b>Space<\/b>. Ici, d\u00e8s l\u2019embryon, on a la valeur g\u00e9n\u00e9tique de l\u2019animal. \u00ab\u2009On a ses qualit\u00e9s poste par poste sur 40 crit\u00e8res, ce qui fait que l\u2019\u00e9leveur conna\u00eet la valeur de son animal\u2009\u00bb, explique <b>Jean-Yves Rissel<\/b>, responsable des pr\u00e9sentations animales du <b>SPACE<\/b>.<\/p>\n<p>Potentiel g\u00e9n\u00e9tique<\/p>\n<p class=\" wall-content\">Cette pr\u00e9cision scientifique permet de s\u00e9lectionner les reproducteurs non plus seulement sur leur morphologie ou leurs performances constat\u00e9es, mais sur leur potentiel g\u00e9n\u00e9tique complet et objectif.<\/p>\n<p class=\" wall-content\">Alors si pour les \u00e9leveurs, l\u2019enjeu est de taille (investir dans une g\u00e9nisse ou un embryon, c\u2019est miser sur plusieurs g\u00e9n\u00e9rations de progr\u00e8s g\u00e9n\u00e9tique et sur la comp\u00e9titivit\u00e9 future de leur troupeau), cette vente, c\u2019est aussi un show.<\/p>\n<p class=\" wall-content\">La preuve en vid\u00e9o\u2026<\/p>\n<p class=\" wall-content\">Personnalisez votre actualit\u00e9 en ajoutant vos villes et m\u00e9dias en favori avec <a href=\"https:\/\/moncompte.actu.fr\" title=\"D\u00e9couvez Mon Actu\" rel=\"nofollow noopener\" data-trk=\"{&quot;cta&quot;:{&quot;action&quot;:&quot;https:\\\/\\\/moncompte.actu.fr&quot;,&quot;category&quot;:&quot;mon compte&quot;,&quot;from&quot;:&quot;article footer&quot;,&quot;name&quot;:&quot;Mon actu&quot;,&quot;type&quot;:&quot;cta&quot;}}\" target=\"_blank\">Mon Actu<\/a>.<\/p>\n","protected":false},"excerpt":{"rendered":"Par Bertrand Dumarch\u00e9 Publi\u00e9 le 18 sept. 2025 \u00e0 8h00 Les ventes G\u00e9nomic \u00c9lite ont rassembl\u00e9 un public&hellip;\n","protected":false},"author":2,"featured_media":399335,"comment_status":"","ping_status":"","sticky":false,"template":"","format":"standard","meta":{"footnotes":""},"categories":[2821],"tags":[1111,11,327,829,33,1777,674,1011,27,12,584,25,49243],"class_list":{"0":"post-399334","1":"post","2":"type-post","3":"status-publish","4":"format-standard","5":"has-post-thumbnail","7":"category-rennes","8":"tag-actu","9":"tag-actualites","10":"tag-agriculture","11":"tag-bretagne","12":"tag-economie","13":"tag-eu","14":"tag-europe","15":"tag-fr","16":"tag-france","17":"tag-news","18":"tag-rennes","19":"tag-republique-francaise","20":"tag-space-rennes"},"share_on_mastodon":{"url":"https:\/\/pubeurope.com\/@fr\/115223990339618267","error":""},"_links":{"self":[{"href":"https:\/\/www.europesays.com\/fr\/wp-json\/wp\/v2\/posts\/399334","targetHints":{"allow":["GET"]}}],"collection":[{"href":"https:\/\/www.europesays.com\/fr\/wp-json\/wp\/v2\/posts"}],"about":[{"href":"https:\/\/www.europesays.com\/fr\/wp-json\/wp\/v2\/types\/post"}],"author":[{"embeddable":true,"href":"https:\/\/www.europesays.com\/fr\/wp-json\/wp\/v2\/users\/2"}],"replies":[{"embeddable":true,"href":"https:\/\/www.europesays.com\/fr\/wp-json\/wp\/v2\/comments?post=399334"}],"version-history":[{"count":0,"href":"https:\/\/www.europesays.com\/fr\/wp-json\/wp\/v2\/posts\/399334\/revisions"}],"wp:featuredmedia":[{"embeddable":true,"href":"https:\/\/www.europesays.com\/fr\/wp-json\/wp\/v2\/media\/399335"}],"wp:attachment":[{"href":"https:\/\/www.europesays.com\/fr\/wp-json\/wp\/v2\/media?parent=399334"}],"wp:term":[{"taxonomy":"category","embeddable":true,"href":"https:\/\/www.europesays.com\/fr\/wp-json\/wp\/v2\/categories?post=399334"},{"taxonomy":"post_tag","embeddable":true,"href":"https:\/\/www.europesays.com\/fr\/wp-json\/wp\/v2\/tags?post=399334"}],"curies":[{"name":"wp","href":"https:\/\/api.w.org\/{rel}","templated":true}]}}