{"id":399346,"date":"2025-09-18T07:00:25","date_gmt":"2025-09-18T07:00:25","guid":{"rendered":"https:\/\/www.europesays.com\/fr\/399346\/"},"modified":"2025-09-18T07:00:25","modified_gmt":"2025-09-18T07:00:25","slug":"les-fausses-notes-financieres-du-pape-de-la-folle-journee","status":"publish","type":"post","link":"https:\/\/www.europesays.com\/fr\/399346\/","title":{"rendered":"Les fausses notes financi\u00e8res du pape de la Folle Journ\u00e9e"},"content":{"rendered":"<p class=\"single__lede\"><b>Depuis des d\u00e9cennies, Ren\u00e9 Martin fl\u00e8che via ses 14 festivals ou saisons de concerts, des millions d\u2019euros d\u2019argent public et fait vivre des milliers d\u2019artistes et techniciens. Un syst\u00e8me centralis\u00e9 autour du directeur artistique o\u00f9 la porosit\u00e9 entre ses d\u00e9penses personnelles et professionnelles est grande. Premier volet d\u2019une enqu\u00eate men\u00e9e par La Lettre du Musicien et Mediacit\u00e9s.<\/b><\/p>\n<p>\t\t<img width=\"2560\" height=\"1707\" src=\"https:\/\/www.europesays.com\/fr\/wp-content\/uploads\/2025\/09\/Finances-4-1.jpg\" class=\"position-center wp-post-image\" alt=\"\" decoding=\"async\" fetchpriority=\"high\"  \/>\t\t\t\t\tLe Nantais Ren\u00e9 Martin, directeur du Cr\u00e9a Folles journ\u00e9es. Montage : Jade Bourgery \/ La Lettre du musicien<\/p>\n<p>Les spectateurs en sont ressortis, une nouvelle fois, \u00ab\u202f\u00e9merveill\u00e9s\u202f\u00bb. Pr\u00e8s de 60 000 personnes ont assist\u00e9 cet \u00e9t\u00e9 \u00e0 la 45e \u00e9dition du Festival international de piano de La Roque d\u2019Anth\u00e9ron. Pendant ces quatre semaines, Ren\u00e9 Martin, co\u2010fondateur du grand \u00e9v\u00e8nement pianistique comme de la Folle Journ\u00e9e de Nantes, loge avec femme, enfants et nounou, dans une jolie villa avec piscine du village proven\u00e7al.<\/p>\n<p>Nous vous offrons l\u2019acc\u00e8s \u00e0 cet article<\/p>\n<p>Et \u00e0 toutes nos enqu\u00eates pendant deux jours\u00a0\u00a0! <br \/>Oui, on est g\u00e9n\u00e9reux \ud83d\ude09 Mais pensez aussi \u00e0 <a href=\"https:\/\/www.mediacites.fr\/sabonner\/\" target=\"_blank\" style=\"color:#fff\" rel=\"noopener\">vous abonner<\/a>\u00a0\u00a0!<\/p>\n<p>\t\tEn renseignant votre adresse, vous acceptez nos <a href=\"https:\/\/www.mediacites.fr\/conditions-generales-d-utilisation\/\" target=\"_blank\" rel=\"noopener\">conditions g\u00e9n\u00e9rales d\u2019utilisation<\/a>. <br \/>Mediacit\u00e9s s\u2019engage \u00e0 ne pas c\u00e9der votre adresse \u00e0 des tiers. En cas d\u2019\u00e9chec, \u00e9crivez \u00e0 <a href=\"https:\/\/www.mediacites.fr\/enquete\/nantes\/2025\/09\/18\/rene-martin-les-fausses-notes-financieres-du-pape-de-la-folle-journee\/mailto:contact@mediacites.fr\" target=\"_blank\" rel=\"noopener\">contact@mediacites.fr<\/a><\/p>\n<ul>\n<li>J\u2019acc\u00e8de aux 4 \u00e9ditions de Mediacit\u00e9s (Lille, Lyon, Nantes et Toulouse)<\/li>\n<li>Je d\u00e9couvre un m\u00e9dia 100 % ind\u00e9pendant, avec 0 % de publicit\u00e9<\/li>\n<\/ul>\n<p>Envie de lire la\u00a0suite\u202f?<\/p>\n<p class=\"price\">1\u20ac le premier mois<\/p>\n<p class=\"description\">Puis 7,90\u20ac par\u00a0mois<\/p>\n<p><a class=\"button button--green\" href=\"https:\/\/www.mediacites.fr\/sabonner\/?sub=55\" style=\"margin-top:22px;font-size:13px;\" target=\"_blank\" rel=\"noopener\">Je teste\u202f! <\/a><\/p>\n<ul>\n<li>Acc\u00e8s aux 4 \u00e9ditions de Mediacit\u00e9s (Lille, Lyon, Nantes et Toulouse)<\/li>\n<li>100 % ind\u00e9pendant, avec 0 % de publicit\u00e9<\/li>\n<li>R\u00e9siliation facile \u00e0 tout moment<\/li>\n<\/ul>\n<p>Mediacit\u00e9s offre l\u2019acc\u00e8s \u00e0 cet article aux lecteurs de News2Com<\/p>\n<p>Et \u00e0 toutes nos enqu\u00eates pendant deux jours\u00a0\u00a0! <br \/>Oui, on est g\u00e9n\u00e9reux \ud83d\ude09 Mais pensez aussi \u00e0 <a href=\"https:\/\/www.mediacites.fr\/sabonner\/\" target=\"_blank\" style=\"color:#fff\" rel=\"noopener\">vous abonner<\/a>\u00a0\u00a0!<\/p>\n<p>\t\tEn renseignant votre adresse, vous acceptez nos <a href=\"https:\/\/www.mediacites.fr\/conditions-generales-d-utilisation\/\" target=\"_blank\" rel=\"noopener\">conditions g\u00e9n\u00e9rales d\u2019utilisation<\/a>. <br \/>Mediacit\u00e9s s\u2019engage \u00e0 ne pas c\u00e9der votre adresse \u00e0 des tiers. En cas d\u2019\u00e9chec, \u00e9crivez \u00e0 <a href=\"https:\/\/www.mediacites.fr\/enquete\/nantes\/2025\/09\/18\/rene-martin-les-fausses-notes-financieres-du-pape-de-la-folle-journee\/mailto:contact@mediacites.fr\" target=\"_blank\" rel=\"noopener\">contact@mediacites.fr<\/a><\/p>\n<ul>\n<li>J\u2019acc\u00e8de aux 4 \u00e9ditions de Mediacit\u00e9s (Lille, Lyon, Nantes et Toulouse)<\/li>\n<li>Je d\u00e9couvre un m\u00e9dia 100 % ind\u00e9pendant, avec 0 % de publicit\u00e9<\/li>\n<\/ul>\n<p>\tD\u00e9couvrez aussi <strong>nos derni\u00e8res enqu\u00eates<\/strong><\/p>\n","protected":false},"excerpt":{"rendered":"Depuis des d\u00e9cennies, Ren\u00e9 Martin fl\u00e8che via ses 14 festivals ou saisons de concerts, des millions d\u2019euros d\u2019argent&hellip;\n","protected":false},"author":2,"featured_media":399347,"comment_status":"","ping_status":"","sticky":false,"template":"","format":"standard","meta":{"footnotes":""},"categories":[2818],"tags":[53102,53103,1111,11,28457,3526,1067,1777,674,849,20814,526,53104,1011,27,6945,53105,53106,53107,2936,766,12,2636,53108,25,304,53109],"class_list":{"0":"post-399346","1":"post","2":"type-post","3":"status-publish","4":"format-standard","5":"has-post-thumbnail","7":"category-nantes","8":"tag-abbaye-royale-de-fontevraud","9":"tag-abus-de-bien-sociaux","10":"tag-actu","11":"tag-actualites","12":"tag-christelle-morancais","13":"tag-classique","14":"tag-enquete","15":"tag-eu","16":"tag-europe","17":"tag-festival","18":"tag-fisc","19":"tag-fiscalite","20":"tag-folle-journee","21":"tag-fr","22":"tag-france","23":"tag-johanna-rolland","24":"tag-la-folle-journee-de-nantes","25":"tag-la-roque-dantheron","26":"tag-ma-region-virtuose","27":"tag-musique-classique","28":"tag-nantes","29":"tag-news","30":"tag-pays-de-la-loire","31":"tag-rene-martin","32":"tag-republique-francaise","33":"tag-violences-sexistes-et-sexuelles","34":"tag-vss"},"share_on_mastodon":{"url":"https:\/\/pubeurope.com\/@fr\/115224014074117658","error":""},"_links":{"self":[{"href":"https:\/\/www.europesays.com\/fr\/wp-json\/wp\/v2\/posts\/399346","targetHints":{"allow":["GET"]}}],"collection":[{"href":"https:\/\/www.europesays.com\/fr\/wp-json\/wp\/v2\/posts"}],"about":[{"href":"https:\/\/www.europesays.com\/fr\/wp-json\/wp\/v2\/types\/post"}],"author":[{"embeddable":true,"href":"https:\/\/www.europesays.com\/fr\/wp-json\/wp\/v2\/users\/2"}],"replies":[{"embeddable":true,"href":"https:\/\/www.europesays.com\/fr\/wp-json\/wp\/v2\/comments?post=399346"}],"version-history":[{"count":0,"href":"https:\/\/www.europesays.com\/fr\/wp-json\/wp\/v2\/posts\/399346\/revisions"}],"wp:featuredmedia":[{"embeddable":true,"href":"https:\/\/www.europesays.com\/fr\/wp-json\/wp\/v2\/media\/399347"}],"wp:attachment":[{"href":"https:\/\/www.europesays.com\/fr\/wp-json\/wp\/v2\/media?parent=399346"}],"wp:term":[{"taxonomy":"category","embeddable":true,"href":"https:\/\/www.europesays.com\/fr\/wp-json\/wp\/v2\/categories?post=399346"},{"taxonomy":"post_tag","embeddable":true,"href":"https:\/\/www.europesays.com\/fr\/wp-json\/wp\/v2\/tags?post=399346"}],"curies":[{"name":"wp","href":"https:\/\/api.w.org\/{rel}","templated":true}]}}