{"id":399356,"date":"2025-09-18T07:05:09","date_gmt":"2025-09-18T07:05:09","guid":{"rendered":"https:\/\/www.europesays.com\/fr\/399356\/"},"modified":"2025-09-18T07:05:09","modified_gmt":"2025-09-18T07:05:09","slug":"la-greve-du-18-septembre-lancee-a-lille","status":"publish","type":"post","link":"https:\/\/www.europesays.com\/fr\/399356\/","title":{"rendered":"la gr\u00e8ve du 18 septembre lanc\u00e9e \u00e0 Lille"},"content":{"rendered":"<p>            Par<br \/>\n        <strong><br \/>\n            <a href=\"https:\/\/actu.fr\/auteur\/nicolas-demollien\" title=\"Consulter tous les articles de Nicolas Demollien\" target=\"_blank\" rel=\"noopener\">Nicolas Demollien<\/a><br \/>\n        <\/strong><\/p>\n<p>        Publi\u00e9 le<\/p>\n<p>            18 sept. 2025 \u00e0 9h03        <\/p>\n<p>La <a href=\"https:\/\/actu.fr\/societe\/direct-greve-du-18-septembre-perturbations-blocages-manifestations-suivez-cette-journee-de-mobilisation_63172627.html\" target=\"_blank\" rel=\"noopener\">journ\u00e9e du 18 septembre 2025<\/a> promet de <b>nombreuses perturbations<\/b> \u00e0 travers toute la France en raison d\u2019un <b>grand mouvement de gr\u00e8ve<\/b>. C\u2019est aussi le cas \u00e0 <a href=\"https:\/\/actu.fr\/hauts-de-france\/lille_59350\" target=\"_blank\" rel=\"noopener\">Lille<\/a> (Nord) avec d\u00e8s ce matin des <b>blocages dans les lyc\u00e9es, une circulation perturb\u00e9e et les d\u00e9p\u00f4ts de bus barr\u00e9s<\/b>.<\/p>\n<p>Des perturbations \u00e0 Lille d\u00e8s le matin<\/p>\n<p class=\" wall-content\">Alors que les <a href=\"https:\/\/actu.fr\/hauts-de-france\/lille_59350\/metro-tram-bus-les-transports-ilevia-vont-etre-perturbes-a-lille-pour-la-greve-du-18-septembre_63171024.html\" target=\"_blank\" rel=\"noopener\">transports Il\u00e9via sont d\u00e9j\u00e0 perturb\u00e9s<\/a>, les salari\u00e9s ont \u00e9galement <b>bloqu\u00e9 plusieurs d\u00e9p\u00f4ts de bus<\/b>, notamment \u00e0 <a href=\"https:\/\/actu.fr\/hauts-de-france\/sequedin_59566\" target=\"_blank\" rel=\"noopener\">Sequedin<\/a>. Plusieurs engins n\u2019ont ainsi pas pu sortir \u00e0 l\u2019heure pr\u00e9vue, entra\u00eenant un peu moins encore de bus en circulation. Il semble que le blocage a finalement \u00e9t\u00e9 lev\u00e9 aux alentours de 8h30.<\/p>\n<p class=\" wall-content\">C\u00f4t\u00e9 <b>lyc\u00e9es<\/b>, au moins <b>deux \u00e9tablissements seraient perturb\u00e9s par des blocages<\/b> en cours : les lyc\u00e9es Pasteur et F\u00e9nelon. Des \u00e9l\u00e8ves emp\u00eachent l\u2019acc\u00e8s aux b\u00e2timents. Le <b>d\u00e9put\u00e9 LFI Aur\u00e9lien Le Coq<\/b> a relay\u00e9 leurs actions.<\/p>\n<p class=\" wall-content\">\n<p class=\" wall-content\">Enfin, des lecteurs nous signalent des <b>perturbations sur les routes<\/b> de la m\u00e9tropole en raison de la pr\u00e9sence de manifestants. Ce serait notamment le cas du c\u00f4t\u00e9 des Pr\u00e8s \u00e0 <a href=\"https:\/\/actu.fr\/hauts-de-france\/villeneuve-d-ascq_59009\" target=\"_blank\" rel=\"noopener\">Villeneuve-d\u2019Ascq<\/a>, un secteur tr\u00e8s fr\u00e9quent\u00e9 du territoire.<\/p>\n<p class=\" wall-content\">Personnalisez votre actualit\u00e9 en ajoutant vos villes et m\u00e9dias en favori avec <a href=\"https:\/\/moncompte.actu.fr\" title=\"D\u00e9couvez Mon Actu\" rel=\"nofollow noopener\" data-trk=\"{&quot;cta&quot;:{&quot;action&quot;:&quot;https:\\\/\\\/moncompte.actu.fr&quot;,&quot;category&quot;:&quot;mon compte&quot;,&quot;from&quot;:&quot;article footer&quot;,&quot;name&quot;:&quot;Mon actu&quot;,&quot;type&quot;:&quot;cta&quot;}}\" target=\"_blank\">Mon Actu<\/a>.<\/p>\n","protected":false},"excerpt":{"rendered":"Par Nicolas Demollien Publi\u00e9 le 18 sept. 2025 \u00e0 9h03 La journ\u00e9e du 18 septembre 2025 promet de&hellip;\n","protected":false},"author":2,"featured_media":399357,"comment_status":"","ping_status":"","sticky":false,"template":"","format":"standard","meta":{"footnotes":""},"categories":[2815],"tags":[1111,11,1777,674,1011,27,6151,52713,811,1307,1272,12,25,104],"class_list":{"0":"post-399356","1":"post","2":"type-post","3":"status-publish","4":"format-standard","5":"has-post-thumbnail","7":"category-lille","8":"tag-actu","9":"tag-actualites","10":"tag-eu","11":"tag-europe","12":"tag-fr","13":"tag-france","14":"tag-greve","15":"tag-greve-du-18-septembre","16":"tag-hauts-de-france","17":"tag-lille","18":"tag-manifestations","19":"tag-news","20":"tag-republique-francaise","21":"tag-societe"},"share_on_mastodon":{"url":"https:\/\/pubeurope.com\/@fr\/115224033718759529","error":""},"_links":{"self":[{"href":"https:\/\/www.europesays.com\/fr\/wp-json\/wp\/v2\/posts\/399356","targetHints":{"allow":["GET"]}}],"collection":[{"href":"https:\/\/www.europesays.com\/fr\/wp-json\/wp\/v2\/posts"}],"about":[{"href":"https:\/\/www.europesays.com\/fr\/wp-json\/wp\/v2\/types\/post"}],"author":[{"embeddable":true,"href":"https:\/\/www.europesays.com\/fr\/wp-json\/wp\/v2\/users\/2"}],"replies":[{"embeddable":true,"href":"https:\/\/www.europesays.com\/fr\/wp-json\/wp\/v2\/comments?post=399356"}],"version-history":[{"count":0,"href":"https:\/\/www.europesays.com\/fr\/wp-json\/wp\/v2\/posts\/399356\/revisions"}],"wp:featuredmedia":[{"embeddable":true,"href":"https:\/\/www.europesays.com\/fr\/wp-json\/wp\/v2\/media\/399357"}],"wp:attachment":[{"href":"https:\/\/www.europesays.com\/fr\/wp-json\/wp\/v2\/media?parent=399356"}],"wp:term":[{"taxonomy":"category","embeddable":true,"href":"https:\/\/www.europesays.com\/fr\/wp-json\/wp\/v2\/categories?post=399356"},{"taxonomy":"post_tag","embeddable":true,"href":"https:\/\/www.europesays.com\/fr\/wp-json\/wp\/v2\/tags?post=399356"}],"curies":[{"name":"wp","href":"https:\/\/api.w.org\/{rel}","templated":true}]}}