{"id":399384,"date":"2025-09-18T07:20:09","date_gmt":"2025-09-18T07:20:09","guid":{"rendered":"https:\/\/www.europesays.com\/fr\/399384\/"},"modified":"2025-09-18T07:20:09","modified_gmt":"2025-09-18T07:20:09","slug":"donald-trump-au-royaume-uni-sa-pique-non-dissimulee-a-harry-en-plein-diner-detat-avec-la-famille-royale","status":"publish","type":"post","link":"https:\/\/www.europesays.com\/fr\/399384\/","title":{"rendered":"Donald Trump au Royaume-Uni : sa pique non dissimul\u00e9e \u00e0 Harry en plein d\u00eener d\u2019Etat avec la famille royale"},"content":{"rendered":"<p data-start=\"53\" data-end=\"404\"><a href=\"https:\/\/www.closermag.fr\/politique\/donald-trump-au-royaume-uni-il-fait-allusion-au-cancer-de-kate-middleton-voici-la-reaction-de-la-princesse-3580526\" target=\"_blank\" rel=\"noopener\"><br \/>\nDonald Trump<\/a> a entam\u00e9 mercredi sa deuxi\u00e8me visite d\u2019\u00c9tat au<br \/>\nRoyaume-Uni, un \u00e9v\u00e9nement in\u00e9dit pour un pr\u00e9sident am\u00e9ricain. Au<br \/>\nch\u00e2teau de Windsor, il a \u00e9t\u00e9 accueilli avec un faste exceptionnel<br \/>\npar le roi Charles III, la reine Camilla et la famille royale, qui<br \/>\nont veill\u00e9 \u00e0 le <strong>tenir \u00e0 l\u2019\u00e9cart du public<\/strong> et de<br \/>\ntoute manifestation hostile \u00e0 sa politique.<\/p>\n<p>Apr\u00e8s avoir visit\u00e9 la chapelle du ch\u00e2teau, Donald Trump a<br \/>\nassist\u00e9 \u00e0 une parade militaire. Il a ensuite effectu\u00e9 un tour en<br \/>\ncarrosse dor\u00e9. Le pr\u00e9sident a ensuite rejoint la famille royale<br \/>\nautour d\u2019un <strong>somptueux banquet<\/strong>. Il \u00e9tait accompagn\u00e9<br \/>\nde 160 invit\u00e9s tri\u00e9s sur le volet. Dans son allocution, Trump a<br \/>\nsalu\u00e9 la relation particuli\u00e8re entre les \u00c9tats-Unis et le<br \/>\nRoyaume-Uni, tout en glissant quelques remarques subtilement<br \/>\npiquantes \u00e0 certains membres de la famille royale.<\/p>\n<p>Donald Trump loue la famille<br \/>\nroyale et s\u00e8me la pol\u00e9mique<\/p>\n<p data-start=\"136\" data-end=\"1121\">Devant les dignitaires r\u00e9unis,<br \/>\nle pr\u00e9sident Donald Trump a multipli\u00e9 les compliments envers le roi<br \/>\nCharles III et la famille royale : \u00ab\u00a0C\u2019est vraiment l\u2019un des plus grands honneurs de ma vie, j\u2019ai<br \/>\ntellement de <strong>respect pour vous<\/strong> et pour votre pays<br \/>\ndepuis de nombreuses d\u00e9cennies\u00a0\u00bb. Il a ajout\u00e9 que le roi avait<br \/>\nsu pr\u00e9server \u00ab\u00a0le caract\u00e8re glorieux et unique de ce<br \/>\nroyaume\u00a0\u00bb. Cependant, malgr\u00e9 ces \u00e9loges, certaines de ses<br \/>\nremarques ont \u00e9t\u00e9 per\u00e7ues comme un petit tacle envers le prince<br \/>\n<a href=\"https:\/\/www.closermag.fr\/royautes\/harry-et-meghan-ruines-il-casse-son-portefeuille-pour-faire-taire-les-mauvaises-langues-3580474\" target=\"_blank\" rel=\"noopener\"><br \/>\nHarry<\/a>.<\/p>\n<p>En louant le prince <a href=\"https:\/\/www.closermag.fr\/royautes\/william-dechaine-en-caleche-avec-kate-cette-image-prise-sur-le-vif-qui-surprend-en-pleine-visite-detat-du-couple-trump-3580398\" target=\"_blank\" rel=\"noopener\"><br \/>\nWilliam<\/a>, Trump a d\u00e9clar\u00e9 que le roi avait \u00e9lev\u00e9 \u00ab\u00a0<strong>un<br \/>\nfils remarquable<\/strong>\u00ab\u00a0. Cette remarque semblait oublier le<br \/>\nsecond fils de Charles, Harry, qui a pris ses distances avec ses<br \/>\nfonctions royales pour vivre aux \u00c9tats-Unis. Le pr\u00e9sident a<br \/>\n\u00e9galement \u00e9voqu\u00e9 subtilement <strong>l\u2019action<br \/>\nphilanthropique<\/strong> du prince. Il est ensuite revenu \u00e0 des<br \/>\ncompliments chaleureux, affirmant que William \u00ab\u00a0conna\u00eetra un<br \/>\nsucc\u00e8s incroyable dans le futur\u00a0\u00bb. Quant \u00e0 la princesse Kate,<br \/>\nil l\u2019a d\u00e9crite comme \u00ab\u00a0si radieuse, si saine et si<br \/>\nbelle\u00a0\u00bb.<\/p>\n<p>Une<br \/>\nrelation sp\u00e9ciale entre le Royaume-Uni et les \u00c9tats-Unis<\/p>\n<p>Le roi <a href=\"https:\/\/www.closermag.fr\/politique\/charles-iii-un-gentleman-elegant-les-louanges-de-donald-trump-pourraient-se-retourner-contre-lui-3580179\" target=\"_blank\" rel=\"noopener\"><br \/>\nCharles III<\/a> n\u2019a pas manqu\u00e9 de saluer son invit\u00e9. Il a rappel\u00e9<br \/>\nl\u2019importance du lien entre les deux pays. Avec humour, il a d\u00e9clar\u00e9<br \/>\n: \u00ab\u00a0Si les m\u00e9dias avaient r\u00e9ussi dans les ann\u00e9es 1970 \u00e0<br \/>\napprofondir la relation sp\u00e9ciale, <strong>j\u2019aurais peut-\u00eatre<br \/>\nmoi-m\u00eame \u00e9t\u00e9 mari\u00e9 dans la famille Nixon<\/strong>\u00ab\u00a0. Il a<br \/>\nensuite soulign\u00e9 l\u2019engagement commun face aux menaces en Europe.<br \/>\nCelui-ci a \u00e9galement mis en avant la coop\u00e9ration sans pr\u00e9c\u00e9dent<br \/>\ndans les domaines de la d\u00e9fense, de la s\u00e9curit\u00e9 et du<br \/>\nrenseignement.<\/p>\n<p data-start=\"1189\" data-end=\"2050\" data-is-only-node=\"\">Le mari<br \/>\nde <a href=\"https:\/\/www.closermag.fr\/politique\/donald-trump-au-royaume-uni-melania-fait-un-choix-culotte-pour-le-diner-detat-et-attire-tous-les-regards-3580499\" target=\"_blank\" rel=\"noopener\"><br \/>\nMelania<\/a> a reconnu cette relation exceptionnelle, affirmant que<br \/>\nle terme \u00ab\u00a0<strong>relation<br \/>\nsp\u00e9ciale<\/strong>\u00a0\u00bb ne suffisait pas \u00e0 la d\u00e9crire. Il est le<br \/>\npremier pr\u00e9sident am\u00e9ricain \u00e0 recevoir une deuxi\u00e8me invitation<br \/>\nofficielle de visite d\u2019\u00c9tat au Royaume-Uni. Il a qualifi\u00e9e de<br \/>\n\u00ab\u00a0premi\u00e8re\u00a0\u00bb et probablement de derni\u00e8re. Le pr\u00e9sident a<br \/>\nponctu\u00e9 ses propos d\u2019une pointe d\u2019humour : \u00ab\u00a0J\u2019esp\u00e8re que c\u2019est<br \/>\nr\u00e9ellement le cas\u00a0\u00bb.<\/p>\n","protected":false},"excerpt":{"rendered":"Donald Trump a entam\u00e9 mercredi sa deuxi\u00e8me visite d\u2019\u00c9tat au Royaume-Uni, un \u00e9v\u00e9nement in\u00e9dit pour un pr\u00e9sident am\u00e9ricain.&hellip;\n","protected":false},"author":2,"featured_media":399385,"comment_status":"","ping_status":"","sticky":false,"template":"","format":"standard","meta":{"footnotes":""},"categories":[1588],"tags":[11,548,75,1777,674,12,267,473,1853,1851,1850,1852],"class_list":{"0":"post-399384","1":"post","2":"type-post","3":"status-publish","4":"format-standard","5":"has-post-thumbnail","7":"category-royaume-uni","8":"tag-actualites","9":"tag-article-simple","10":"tag-donald-trump","11":"tag-eu","12":"tag-europe","13":"tag-news","14":"tag-prince-harry","15":"tag-royaume-uni","16":"tag-royaume-uni-de-grande-bretagne-et-dirlande-du-nord","17":"tag-uk","18":"tag-united-kingdom","19":"tag-united-kingdom-of-great-britain-and-northern-ireland"},"share_on_mastodon":{"url":"https:\/\/pubeurope.com\/@fr\/115224092567768065","error":""},"_links":{"self":[{"href":"https:\/\/www.europesays.com\/fr\/wp-json\/wp\/v2\/posts\/399384","targetHints":{"allow":["GET"]}}],"collection":[{"href":"https:\/\/www.europesays.com\/fr\/wp-json\/wp\/v2\/posts"}],"about":[{"href":"https:\/\/www.europesays.com\/fr\/wp-json\/wp\/v2\/types\/post"}],"author":[{"embeddable":true,"href":"https:\/\/www.europesays.com\/fr\/wp-json\/wp\/v2\/users\/2"}],"replies":[{"embeddable":true,"href":"https:\/\/www.europesays.com\/fr\/wp-json\/wp\/v2\/comments?post=399384"}],"version-history":[{"count":0,"href":"https:\/\/www.europesays.com\/fr\/wp-json\/wp\/v2\/posts\/399384\/revisions"}],"wp:featuredmedia":[{"embeddable":true,"href":"https:\/\/www.europesays.com\/fr\/wp-json\/wp\/v2\/media\/399385"}],"wp:attachment":[{"href":"https:\/\/www.europesays.com\/fr\/wp-json\/wp\/v2\/media?parent=399384"}],"wp:term":[{"taxonomy":"category","embeddable":true,"href":"https:\/\/www.europesays.com\/fr\/wp-json\/wp\/v2\/categories?post=399384"},{"taxonomy":"post_tag","embeddable":true,"href":"https:\/\/www.europesays.com\/fr\/wp-json\/wp\/v2\/tags?post=399384"}],"curies":[{"name":"wp","href":"https:\/\/api.w.org\/{rel}","templated":true}]}}