{"id":399388,"date":"2025-09-18T07:22:25","date_gmt":"2025-09-18T07:22:25","guid":{"rendered":"https:\/\/www.europesays.com\/fr\/399388\/"},"modified":"2025-09-18T07:22:25","modified_gmt":"2025-09-18T07:22:25","slug":"secheresse-record-en-aout-en-europe-et-sur-les-cotes-de-la-mediterranee-2","status":"publish","type":"post","link":"https:\/\/www.europesays.com\/fr\/399388\/","title":{"rendered":"s\u00e9cheresse record en ao\u00fbt en Europe et sur les c\u00f4tes de la M\u00e9diterran\u00e9e"},"content":{"rendered":"<p>L\u2019Europe de l\u2019Est et les Balkans\u00a0ont notamment \u00e9t\u00e9 durement touch\u00e9s par la s\u00e9cheresse\u00a0: en Bulgarie, au Kosovo, en Serbie et en Mac\u00e9doine du Nord, le taux de s\u00e9cheresse (surveillance, avertissement ou alerte) \u00e9tait sup\u00e9rieur ou \u00e9gal \u00e0 90%.<\/p>\n<p class=\"fig-paragraph\">Avec plus de la moiti\u00e9 (53%) des sols affect\u00e9s par la\u00a0<a href=\"https:\/\/www.lefigaro.fr\/tag\/secheresse\" target=\"_blank\" rel=\"sponsored noopener\" data-gtm-custom-categorie=\"navigation\" data-gtm-custom-action=\"crossclick\" data-gtm-custom-label=\"Contextuel\" data-gtm-event=\"customEventSPE\">s\u00e9cheresse<\/a>, le mois d&rsquo;ao\u00fbt 2025 a \u00e9t\u00e9 le mois le plus sec en\u00a0<a href=\"https:\/\/www.lefigaro.fr\/tag\/europe\" target=\"_blank\" rel=\"sponsored noopener\" data-gtm-custom-categorie=\"navigation\" data-gtm-custom-action=\"crossclick\" data-gtm-custom-label=\"Contextuel\" data-gtm-event=\"customEventSPE\">Europe\u00a0<\/a>et sur le pourtour m\u00e9diterran\u00e9en depuis le d\u00e9but des observations de l&rsquo;<a href=\"http:\/\/www.lefigaro.fr\/sciences\/secheresse-record-mi-juillet-en-europe-et-sur-le-pourtour-mediterraneen-20250807\" data-fig-type=\"NewsFlash\" data-gtm-custom-categorie=\"navigation\" data-gtm-custom-action=\"crossclick\" data-gtm-custom-label=\"Contextuel\" data-gtm-event=\"customEventSPE\" data-fig-domain=\"LEFIGARO\" target=\"_blank\" rel=\"noopener\">Observatoire europ\u00e9en de la s\u00e9cheresse<\/a>\u00a0(EDO) en 2012, selon une analyse de ces donn\u00e9es par l&rsquo;AFP.<\/p>\n<p class=\"fig-paragraph\">Ce taux de s\u00e9cheresse est sup\u00e9rieur de 23 points \u00e0 la moyenne 2012-2024 pour un mois d&rsquo;ao\u00fbt (30,1%). Depuis le d\u00e9but de l&rsquo;ann\u00e9e, chaque mois marque un record pour sa p\u00e9riode de l&rsquo;ann\u00e9e, mais ao\u00fbt 2025 est, en plus, un plus haut absolu. Il existe plusieurs types de s\u00e9cheresses, qui peuvent se combiner\u00a0: s\u00e9cheresse m\u00e9t\u00e9orologique, s\u00e9cheresse des sols et s\u00e9cheresse hydrologique (dans les cours d&rsquo;eau et nappes phr\u00e9atiques).<\/p>\n<p>                                    <a class=\"fig-a11y-skip a11y-hidden\" href=\"#fig-a11y-skip-main-inarticle\"><br \/>\n        Passer la publicit\u00e9<br \/>\n    <\/a><\/p>\n<p class=\"fig-paragraph\">L&rsquo;indicateur de s\u00e9cheresse de l&rsquo;observatoire du programme europ\u00e9en Copernicus, bas\u00e9 sur des observations satellitaires, associe quant \u00e0 lui le niveau de pr\u00e9cipitations, l&rsquo;humidit\u00e9 des sols et l&rsquo;\u00e9tat de la v\u00e9g\u00e9tation. Il se d\u00e9compose en trois niveaux\u00a0: surveillance, avertissement et alerte. En ao\u00fbt 2024, 36% des sols \u00e9taient touch\u00e9s par la s\u00e9cheresse. Le pr\u00e9c\u00e9dent record absolu, \u00e0 52%, date de mai 2025.<\/p>\n<p>Plusieurs pays tr\u00e8s affect\u00e9s<\/p>\n<p class=\"fig-paragraph\">L&rsquo;Europe de l&rsquo;Est et les\u00a0<a href=\"https:\/\/www.lefigaro.fr\/tag\/balkans\" target=\"_blank\" rel=\"sponsored noopener\" data-gtm-custom-categorie=\"navigation\" data-gtm-custom-action=\"crossclick\" data-gtm-custom-label=\"Contextuel\" data-gtm-event=\"customEventSPE\">Balkans\u00a0<\/a>ont \u00e9t\u00e9 durement touch\u00e9s par la s\u00e9cheresse\u00a0: en Bulgarie, au Kosovo, en Serbie et en Mac\u00e9doine du Nord, le taux de s\u00e9cheresse (surveillance, avertissement ou alerte) \u00e9tait sup\u00e9rieur ou \u00e9gal \u00e0 90%. En Serbie, 61% des sols \u00e9taient m\u00eame en alerte. Dans les Balkans, cette situation a favoris\u00e9 les incendies, qui ont tu\u00e9 au moins deux personnes et entra\u00een\u00e9 l&rsquo;\u00e9vacuation de milliers d&rsquo;habitants.<\/p>\n<p class=\"fig-paragraph\">L&rsquo;Europe de l&rsquo;Ouest a aussi \u00e9t\u00e9 tr\u00e8s touch\u00e9e par endroits. Au Portugal, 70% du territoire \u00e9tait concern\u00e9 par le manque de pr\u00e9cipitations et d&rsquo;humidit\u00e9 des sols, un chiffre en nette hausse par rapport aux 5% de juillet. En France, o\u00f9 une vague de chaleur a s\u00e9vi pour la deuxi\u00e8me fois de l&rsquo;\u00e9t\u00e9 en ao\u00fbt, les deux tiers du territoire (66%) \u00e9taient en manque d&rsquo;eau. Une partie du pays (12%) \u00e9tait notamment en situation d&rsquo;alerte, en particulier dans le Sud-Ouest, avec des cons\u00e9quences notamment pour la production de vin.<\/p>\n<p class=\"fig-paragraph\">\u00c0 l&rsquo;Est de la M\u00e9diterran\u00e9e, plusieurs pays sont \u00e9galement tr\u00e8s affect\u00e9s par la s\u00e9cheresse\u00a0: Arm\u00e9nie, G\u00e9orgie et Liban, avec la quasi-totalit\u00e9 du territoire touch\u00e9 (99, 97 et 96%). La Turquie, avec 84% des terres en d\u00e9ficit d&rsquo;eau, a fait face \u00e0 de nombreux incendies, comme d\u00e9but ao\u00fbt dans la province turque de \u00c7anakkale.<\/p>\n","protected":false},"excerpt":{"rendered":"L\u2019Europe de l\u2019Est et les Balkans\u00a0ont notamment \u00e9t\u00e9 durement touch\u00e9s par la s\u00e9cheresse\u00a0: en Bulgarie, au Kosovo, en&hellip;\n","protected":false},"author":2,"featured_media":399389,"comment_status":"","ping_status":"","sticky":false,"template":"","format":"standard","meta":{"footnotes":""},"categories":[1586],"tags":[11,1777,674,1011,27,1252,12,25,12817],"class_list":{"0":"post-399388","1":"post","2":"type-post","3":"status-publish","4":"format-standard","5":"has-post-thumbnail","7":"category-europe","8":"tag-actualites","9":"tag-eu","10":"tag-europe","11":"tag-fr","12":"tag-france","13":"tag-mediterranee","14":"tag-news","15":"tag-republique-francaise","16":"tag-secheresse"},"share_on_mastodon":{"url":"https:\/\/pubeurope.com\/@fr\/115224100394388022","error":""},"_links":{"self":[{"href":"https:\/\/www.europesays.com\/fr\/wp-json\/wp\/v2\/posts\/399388","targetHints":{"allow":["GET"]}}],"collection":[{"href":"https:\/\/www.europesays.com\/fr\/wp-json\/wp\/v2\/posts"}],"about":[{"href":"https:\/\/www.europesays.com\/fr\/wp-json\/wp\/v2\/types\/post"}],"author":[{"embeddable":true,"href":"https:\/\/www.europesays.com\/fr\/wp-json\/wp\/v2\/users\/2"}],"replies":[{"embeddable":true,"href":"https:\/\/www.europesays.com\/fr\/wp-json\/wp\/v2\/comments?post=399388"}],"version-history":[{"count":0,"href":"https:\/\/www.europesays.com\/fr\/wp-json\/wp\/v2\/posts\/399388\/revisions"}],"wp:featuredmedia":[{"embeddable":true,"href":"https:\/\/www.europesays.com\/fr\/wp-json\/wp\/v2\/media\/399389"}],"wp:attachment":[{"href":"https:\/\/www.europesays.com\/fr\/wp-json\/wp\/v2\/media?parent=399388"}],"wp:term":[{"taxonomy":"category","embeddable":true,"href":"https:\/\/www.europesays.com\/fr\/wp-json\/wp\/v2\/categories?post=399388"},{"taxonomy":"post_tag","embeddable":true,"href":"https:\/\/www.europesays.com\/fr\/wp-json\/wp\/v2\/tags?post=399388"}],"curies":[{"name":"wp","href":"https:\/\/api.w.org\/{rel}","templated":true}]}}