{"id":399402,"date":"2025-09-18T07:33:16","date_gmt":"2025-09-18T07:33:16","guid":{"rendered":"https:\/\/www.europesays.com\/fr\/399402\/"},"modified":"2025-09-18T07:33:16","modified_gmt":"2025-09-18T07:33:16","slug":"hamilton-compte-appeler-vettel-a-propos-de-ferrari","status":"publish","type":"post","link":"https:\/\/www.europesays.com\/fr\/399402\/","title":{"rendered":"Hamilton compte appeler Vettel \u00e0 propos de Ferrari"},"content":{"rendered":"<p>18 septembre 2025 &#8211; 08:57<\/p>\n<p class=\"mt-5\">Lewis Hamilton a r\u00e9v\u00e9l\u00e9 son intention d\u2019appeler Sebastian Vettel pour discuter de ses premiers mois en tant que pilote Ferrari en F1.<\/p>\n<p class=\"mt-5\">Hamilton a connu une premi\u00e8re saison globalement difficile chez Ferrari. Si Ferrari n\u2019a pas r\u00e9pondu aux attentes avec sa monoplace de 2025 \u2013 la SF-25 \u2013 Hamilton a aussi eu du mal \u00e0 s\u2019adapter \u00e0 la vie \u00e0 Maranello.<\/p>\n<p class=\"mt-5\">Le septuple champion du monde a \u00e9t\u00e9 r\u00e9guli\u00e8rement surclass\u00e9 par son \u00e9quipier, Charles Leclerc. Les performances d\u2019Hamilton ont \u00e9t\u00e9 d\u00e9cevantes et il a commenc\u00e9 \u00e0 commettre des erreurs plus fr\u00e9quentes. Il n n\u2019a toujours pas obtenu de podium en Ferrari, n\u2019ayant termin\u00e9 que dans le top 3 lors de la course sprint du Grand Prix de Chine, qu\u2019il a gagn\u00e9e.<\/p>\n<p class=\"mt-5\">Le dernier pilote \u00e0 ne pas avoir termin\u00e9 une saison enti\u00e8re sur le podium chez Ferrari \u00e9tait Kimi R\u00e4ikk\u00f6nen en 2014.<\/p>\n<p class=\"mt-5\">\u00c9tant donn\u00e9 que Vettel a pass\u00e9 cinq ans chez Ferrari et n\u2019a finalement pas r\u00e9ussi pour diverses raisons, Hamilton pr\u00e9voit de s\u2019entretenir avec l\u2019ancien pilote Red Bull pour voir s\u2019il peut apprendre quelque chose maintenant qu\u2019il est bien int\u00e9gr\u00e9 \u00e0 l\u2019\u00e9quipe.<\/p>\n<p class=\"mt-5\">Dans une interview accord\u00e9e \u00e0 L\u2019\u00c9quipe, Hamilton a d\u00e9clar\u00e9 \u00e0 propos de Fernando Alonso et de Vettel\u00a0: \u00ab\u00a0Honn\u00eatement, je n\u2019ai parl\u00e9 ni \u00e0 l\u2019un ni \u00e0 l\u2019autre. Je ne parle pas beaucoup \u00e0 Fernando. Seb m\u2019a \u00e9t\u00e9 d\u2019un grand soutien\u00a0; il a \u00e9t\u00e9 vraiment incroyable et un tr\u00e8s bon ami au fil des ans.\u00a0\u00bb<\/p>\n<p class=\"mt-5\">\u00ab\u00a0J\u2019avais l\u2019intention de parler \u00e0 Seb pendant cette pause. Je pense que je le ferai bient\u00f4t. Je ne l\u2019ai pas appel\u00e9 cette ann\u00e9e car je ne suis pas souvent au t\u00e9l\u00e9phone.\u00a0\u00bb<\/p>\n<p class=\"mt-5\">\u00ab\u00a0Je ne voulais pas le d\u00e9ranger, et avant, je ne voulais pas lui parler pour ne pas avoir d\u2019id\u00e9es pr\u00e9con\u00e7ues. Avec six \u00e0 huit mois d\u2019exp\u00e9rience, j\u2019ai une bonne id\u00e9e de la situation, donc je vais probablement lui parler bient\u00f4t.\u00a0\u00bb<\/p>\n<p class=\"mt-5\">A propos d\u2019Alonso, Hamilton pourrait bien le rejoindre&#8230;<\/p>\n<p class=\"mt-5\">\u00ab\u00a0Je ne pr\u00e9vois pas d\u2019arr\u00eater bient\u00f4t. J\u2019appr\u00e9cie \u00e9norm\u00e9ment que Fernando continue, parce que cela veut dire qu\u2019il est plus \u00e2g\u00e9 que moi. Oui, je vais juste continuer, jusqu\u2019\u00e0 ce qu\u2019il ait 50 ans\u00a0!\u00a0\u00bb<\/p>\n<p class=\"mt-5\">Esp\u00e9rons qu\u2019il n\u2019ait pas \u00e0 attendre jusque-l\u00e0 pour remporter un 8e titre de champion du monde avec la Scuderia.<\/p>\n<p class=\"mt-5\">\u00ab\u00a0Oui, c\u2019est certain. Parce que ce n\u2019est pas arriv\u00e9 depuis longtemps, je ne sais m\u00eame pas depuis combien de temps ils attendent&#8230; Pour Ferrari plus que n\u2019importe quelle \u00e9quipe, ce titre repr\u00e9senterait \u00e9norm\u00e9ment. Mais je voudrais vraiment aussi remporter ce titre pilotes.\u00a0\u00bb<\/p>\n<p>Fonder une famille n\u2019est pas sa priorit\u00e9<\/p>\n<p class=\"mt-5\">A 40 ans, Hamilton n\u2019a toujours pas fond\u00e9 de famille mais assume totalement ce choix.<\/p>\n<p class=\"mt-5\">\u00ab\u00a0Ce n\u2019est pas une priorit\u00e9. Ma priorit\u00e9 a \u00e9t\u00e9 mon amour pour la Formule 1. L\u2019amour de ma vie, c\u2019est la F1. J\u2019aime ce travail presque plus que tout. Ma ni\u00e8ce et ma famille seront toujours la priorit\u00e9 mais&#8230; Je n\u2019aime pas faire les choses \u00e0 moiti\u00e9, je ne donnerais pas 100\u00a0%. Je ne dis pas que les autres ne le font pas.\u00a0\u00bb<\/p>\n<p class=\"mt-5\">\u00ab\u00a0Des pilotes ici ont des enfants. De grands sportifs que je respecte aussi. Je suis toujours impressionn\u00e9 par Roger Federer, Novak Djokovic et d\u2019autres grands comme Tom Brady qui ont une famille et continuent \u00e0 performer. Pour moi, \u00e7a ne s\u2019est juste pas produit.\u00a0\u00bb<\/p>\n<p class=\"mt-5\">\u00ab\u00a0Bien s\u00fbr, j\u2019ai imagin\u00e9 dans ma t\u00eate combien ce serait cool d\u2019avoir un de mes enfants qui vienne voir la Ferrari, s\u2019\u00e9merveille, puisse monter dedans, partage cet univers. Parce que la course a \u00e9t\u00e9 la plus grande partie de ma vie, depuis que je suis tout petit.\u00a0\u00bb<\/p>\n<p class=\"mt-5\">\u00ab\u00a0Mais je dois \u00eatre obstin\u00e9, m\u2019entra\u00eener, \u00eatre super appliqu\u00e9, impliqu\u00e9. Quelque chose doit forc\u00e9ment en p\u00e2tir. Je ne veux pas \u00eatre en position de choisir\u00a0: soit la course souffre pour que la famille r\u00e9ussisse soit la famille souffre pour que la course r\u00e9ussisse. Pour l\u2019instant, je n\u2019ai pas \u00e0 choisir et je suis heureux de me concentrer sur une seule chose. Et, m\u00eame si je sacrifie tout pour \u00e7a, c\u2019est tr\u00e8s dur de r\u00e9ussir.\u00a0\u00bb<\/p>\n","protected":false},"excerpt":{"rendered":"18 septembre 2025 &#8211; 08:57 Lewis Hamilton a r\u00e9v\u00e9l\u00e9 son intention d\u2019appeler Sebastian Vettel pour discuter de ses&hellip;\n","protected":false},"author":2,"featured_media":399403,"comment_status":"","ping_status":"","sticky":false,"template":"","format":"standard","meta":{"footnotes":""},"categories":[1412],"tags":[1451,1452,1453,1454,1455,1011,27,60],"class_list":{"0":"post-399402","1":"post","2":"type-post","3":"status-publish","4":"format-standard","5":"has-post-thumbnail","7":"category-f1","8":"tag-f1","9":"tag-formula-1","10":"tag-formula1","11":"tag-formule-1","12":"tag-formule1","13":"tag-fr","14":"tag-france","15":"tag-sports"},"share_on_mastodon":{"url":"https:\/\/pubeurope.com\/@fr\/115224143774148636","error":""},"_links":{"self":[{"href":"https:\/\/www.europesays.com\/fr\/wp-json\/wp\/v2\/posts\/399402","targetHints":{"allow":["GET"]}}],"collection":[{"href":"https:\/\/www.europesays.com\/fr\/wp-json\/wp\/v2\/posts"}],"about":[{"href":"https:\/\/www.europesays.com\/fr\/wp-json\/wp\/v2\/types\/post"}],"author":[{"embeddable":true,"href":"https:\/\/www.europesays.com\/fr\/wp-json\/wp\/v2\/users\/2"}],"replies":[{"embeddable":true,"href":"https:\/\/www.europesays.com\/fr\/wp-json\/wp\/v2\/comments?post=399402"}],"version-history":[{"count":0,"href":"https:\/\/www.europesays.com\/fr\/wp-json\/wp\/v2\/posts\/399402\/revisions"}],"wp:featuredmedia":[{"embeddable":true,"href":"https:\/\/www.europesays.com\/fr\/wp-json\/wp\/v2\/media\/399403"}],"wp:attachment":[{"href":"https:\/\/www.europesays.com\/fr\/wp-json\/wp\/v2\/media?parent=399402"}],"wp:term":[{"taxonomy":"category","embeddable":true,"href":"https:\/\/www.europesays.com\/fr\/wp-json\/wp\/v2\/categories?post=399402"},{"taxonomy":"post_tag","embeddable":true,"href":"https:\/\/www.europesays.com\/fr\/wp-json\/wp\/v2\/tags?post=399402"}],"curies":[{"name":"wp","href":"https:\/\/api.w.org\/{rel}","templated":true}]}}