{"id":399408,"date":"2025-09-18T07:36:26","date_gmt":"2025-09-18T07:36:26","guid":{"rendered":"https:\/\/www.europesays.com\/fr\/399408\/"},"modified":"2025-09-18T07:36:26","modified_gmt":"2025-09-18T07:36:26","slug":"giulia-sarkozy-a-disparu-public","status":"publish","type":"post","link":"https:\/\/www.europesays.com\/fr\/399408\/","title":{"rendered":"Giulia Sarkozy a disparu &#8211; Public"},"content":{"rendered":"<p>      R\u00e9sum\u00e9<\/p>\n<p>Giulia Sarkozy, longtemps prot\u00e9g\u00e9e des m\u00e9dias, a r\u00e9v\u00e9l\u00e9 \u00e0 ses abonn\u00e9s la raison de son absence des r\u00e9seaux sociaux derni\u00e8rement. L&rsquo;adolescente de 13 ans s&rsquo;est mise au vert.<\/p>\n<p>        Sommaire<\/p>\n<p>En 2007, <strong>Carla Bruni et Nicolas Sarkozy <\/strong>se sont rencontr\u00e9s pour la premi\u00e8re fois lors d&rsquo;un repas organis\u00e9 par Jacques S\u00e9gu\u00e9la. \u00c0 peine divorc\u00e9 de C\u00e9cilia, <a href=\"https:\/\/www.public.fr\/nicolas-sarkozy-et-cyril-hanouna-leurs-filles-giulia-et-bianca-tres-amies-nouvelle-video-tiktok-qui-fait-le-buzz\" rel=\"nofollow noopener\" target=\"_blank\">le pr\u00e9sident de la R\u00e9publique<\/a> est alors tomb\u00e9 sous le charme de <a href=\"https:\/\/www.public.fr\/carla-bruni-sarkozy-privee-de-legion-dhonneur-que-sest-il-passe\" rel=\"nofollow noopener\" target=\"_blank\">la mannequin et chanteuse de 57 ans<\/a>. Puis, entre eux,<strong> tout est all\u00e9 tr\u00e8s vite<\/strong>. En effet, le 2\u00a0f\u00e9vrier 2008, tous les deux ont d\u00e9cid\u00e9 de se dire \u00ab\u00a0oui\u00a0\u00bb pour le meilleur et pour le pire. De leur histoire na\u00eetra alors en 2011 <strong><a href=\"https:\/\/www.public.fr\/nicolas-sarkozy-et-carla-bruni-leur-fille-giulia-sarkozy-victime-du-pire-pour-une-adolescente\" rel=\"nofollow noopener\" target=\"_blank\">une jolie petite fille<\/a> pr\u00e9nomm\u00e9e Giulia.<\/strong><\/p>\n<p>D&rsquo;abord ultra-prot\u00e9g\u00e9e de la sph\u00e8re m\u00e9diatique par <a href=\"https:\/\/www.public.fr\/le-casque-bordel-nicolas-sarkozy-et-carla-bruni-seclatent-sur-leur-deux-roues-les-internautes-fulminent\" rel=\"nofollow noopener\" target=\"_blank\">ses illustres parents<\/a>, <a href=\"https:\/\/www.public.fr\/ca-fait-peur-le-niveau-dintelligence-louis-sarkozy-evoque-sa-soeur-giulia-et-son-contenu-poste-sur-les-reseaux-sociaux\" rel=\"nofollow noopener\" target=\"_blank\">l&rsquo;adolescente de 13 ans<\/a> a d\u00e9cid\u00e9 de contr\u00f4ler elle-m\u00eame son image sur les r\u00e9seaux sociaux. Ainsi, cette derni\u00e8re s&rsquo;est montr\u00e9e <strong>tr\u00e8s active sur TikTok et sur Instagram<\/strong>. Via ce dernier canal, Melle Sarkozy aime partager avec ses abonn\u00e9s sa <strong>passion pour l&rsquo;\u00e9quitation\u00a0<\/strong>; elle qui participe r\u00e9guli\u00e8rement \u00e0 des comp\u00e9titions de sauts d&rsquo;obstacles.<\/p>\n<p>Sauf que voil\u00e0, depuis quelques jours, ses <strong>51\u00a0600 abonn\u00e9s<\/strong> ont fait part de leur inqui\u00e9tude. <strong>O\u00f9 est donc pass\u00e9e Giulia\u00a0?<\/strong> En effet, son absence n&rsquo;est pas pass\u00e9e inaper\u00e7ue. Ainsi, afin de calmer le jeu, <a href=\"https:\/\/www.public.fr\/psg-inter-milan-giulia-la-fille-de-nicolas-sarkozy-une-vraie-privilegiee\" rel=\"nofollow noopener\" target=\"_blank\">la principale int\u00e9ress\u00e9e<\/a> a donn\u00e9 de ses nouvelles et r\u00e9v\u00e9l\u00e9 <strong>les raisons de sa disparition soudaine<\/strong> des r\u00e9seaux sociaux.<\/p>\n<p><img loading=\"lazy\" decoding=\"async\" width=\"428\" height=\"795\" src=\"https:\/\/www.europesays.com\/fr\/wp-content\/uploads\/2025\/09\/Capture-decran-2025-09-18-084654.png\" alt=\"Giulia Sarkozy a disparu\"  \/><\/p>\n<p>Capture Instagram Giulia Sarkozy<\/p>\n<p>Giulia Sarkozy\u00a0: elle se met au vert<\/p>\n<p>Il fallait se rendre dans ses stories Instagram pour comprendre les raisons de <strong>son absence qui n&rsquo;est pas due au hasard<\/strong>. En effet, <a href=\"https:\/\/www.google.com\/url?sa=t&amp;source=web&amp;rct=j&amp;opi=89978449&amp;url=https:\/\/vsd.fr\/87242-giulia-sarkozy-13-ans-fait-sa-rentree-dans-une-ecole-dexception-les-details-devoiles\/&amp;ved=2ahUKEwjQy_Wu3OGPAxVnKvsDHS-mJbYQFnoECBoQAQ&amp;usg=AOvVaw3XF3b-slQPbPHguUrvgdKh\" rel=\"nofollow noopener\" target=\"_blank\">la demi-s\u0153ur de Pierre, Jean et Louis<\/a> est actuellement en voyage \u00e0 la montagne, loin du tumulte de la vie parisienne. Ainsi, <strong>dans les massifs du Grand-Bornand,<\/strong> <a href=\"https:\/\/www.google.com\/url?sa=t&amp;source=web&amp;rct=j&amp;opi=89978449&amp;url=https:\/\/vsd.fr\/83079-giulia-sarkozy-13-ans-se-fait-une-coloration-pour-lete-et-recoit-une-vague-de-vilains-commentaires-ce-nest-pas-un-peu-tot\/&amp;ved=2ahUKEwjQy_Wu3OGPAxVnKvsDHS-mJbYQFnoECBwQAQ&amp;usg=AOvVaw2N8Cp1T66dsYJ5bj76SZGR\" rel=\"nofollow noopener\" target=\"_blank\">cette derni\u00e8re<\/a> a post\u00e9 un clich\u00e9 du sublime paysage qui se trouvait face \u00e0 elle. En l\u00e9gende, Giulia a alors r\u00e9dig\u00e9 quelques mots \u00e0 l&rsquo;attention de sa communaut\u00e9.<\/p>\n<p>\u00ab\u00a0Encore <strong>d\u00e9sol\u00e9e pour mon inactivit\u00e9<\/strong>, promis apr\u00e8s mon voyage scolaire, je m\u2019y remets\u00a0! Bref du coup <strong>je suis en voyage scolaire au Grand Bornand<\/strong>, donc malheureusement je n\u2019ai pas vraiment de wi-fi\u00a0\u00bb\u2026\u00a0\u00bb, a-t-elle expliqu\u00e9. Pour rappel, cette ann\u00e9e, la fille unique du couple Sarkozy a fait sa rentr\u00e9e en troisi\u00e8me <a href=\"https:\/\/vsd.fr\/87242-giulia-sarkozy-13-ans-fait-sa-rentree-dans-une-ecole-dexception-les-details-devoiles\/\" rel=\"nofollow noopener\" target=\"_blank\">dans une \u00e9cole internationale bilingue<\/a>. Comme ses parents, elle semble d\u00e9j\u00e0 nourrir de grandes ambitions.<\/p>\n<p>      Mentionn\u00e9s dans cet article<\/p>\n<p>      Sur le m\u00eame sujet<\/p>\n","protected":false},"excerpt":{"rendered":"R\u00e9sum\u00e9 Giulia Sarkozy, longtemps prot\u00e9g\u00e9e des m\u00e9dias, a r\u00e9v\u00e9l\u00e9 \u00e0 ses abonn\u00e9s la raison de son absence des&hellip;\n","protected":false},"author":2,"featured_media":399409,"comment_status":"","ping_status":"","sticky":false,"template":"","format":"standard","meta":{"footnotes":""},"categories":[1359],"tags":[12667,58,59,195,1011,27,14545,2440,3091,973],"class_list":{"0":"post-399408","1":"post","2":"type-post","3":"status-publish","4":"format-standard","5":"has-post-thumbnail","7":"category-people","8":"tag-carla-bruni","9":"tag-divertissement","10":"tag-entertainment","11":"tag-fille","12":"tag-fr","13":"tag-france","14":"tag-giulia-sarkozy","15":"tag-instagram","16":"tag-nicolas-sarkozy","17":"tag-people"},"share_on_mastodon":{"url":"https:\/\/pubeurope.com\/@fr\/115224155883496699","error":""},"_links":{"self":[{"href":"https:\/\/www.europesays.com\/fr\/wp-json\/wp\/v2\/posts\/399408","targetHints":{"allow":["GET"]}}],"collection":[{"href":"https:\/\/www.europesays.com\/fr\/wp-json\/wp\/v2\/posts"}],"about":[{"href":"https:\/\/www.europesays.com\/fr\/wp-json\/wp\/v2\/types\/post"}],"author":[{"embeddable":true,"href":"https:\/\/www.europesays.com\/fr\/wp-json\/wp\/v2\/users\/2"}],"replies":[{"embeddable":true,"href":"https:\/\/www.europesays.com\/fr\/wp-json\/wp\/v2\/comments?post=399408"}],"version-history":[{"count":0,"href":"https:\/\/www.europesays.com\/fr\/wp-json\/wp\/v2\/posts\/399408\/revisions"}],"wp:featuredmedia":[{"embeddable":true,"href":"https:\/\/www.europesays.com\/fr\/wp-json\/wp\/v2\/media\/399409"}],"wp:attachment":[{"href":"https:\/\/www.europesays.com\/fr\/wp-json\/wp\/v2\/media?parent=399408"}],"wp:term":[{"taxonomy":"category","embeddable":true,"href":"https:\/\/www.europesays.com\/fr\/wp-json\/wp\/v2\/categories?post=399408"},{"taxonomy":"post_tag","embeddable":true,"href":"https:\/\/www.europesays.com\/fr\/wp-json\/wp\/v2\/tags?post=399408"}],"curies":[{"name":"wp","href":"https:\/\/api.w.org\/{rel}","templated":true}]}}