{"id":399413,"date":"2025-09-18T07:39:14","date_gmt":"2025-09-18T07:39:14","guid":{"rendered":"https:\/\/www.europesays.com\/fr\/399413\/"},"modified":"2025-09-18T07:39:14","modified_gmt":"2025-09-18T07:39:14","slug":"en-direct-consultations-avec-lecornu-il-na-ferme-aucune-porte-nen-a-ouvert-aucune-resume-faure-ps-sur-tf1-tf1-info","status":"publish","type":"post","link":"https:\/\/www.europesays.com\/fr\/399413\/","title":{"rendered":"EN DIRECT &#8211; Consultations avec Lecornu : &quot;il n&#039;a ferm\u00e9 aucune porte, n&#039;en a ouvert aucune&quot;, r\u00e9sume Faure (PS) sur TF1 &#8211; TF1 Info"},"content":{"rendered":"<ol>\n<li><a href=\"https:\/\/news.google.com\/rss\/articles\/CBMixgJBVV95cUxOc2duMFhfbjY3cm1TbzJfLXotaEdRSnJHS2dFLWE0LVd6cU1GLWxQVE55cXFVdkxMaGJIRDQ1WEttcUFGZWpvWlFJcW81WkdqSVlaaXc5Vzc4U0N3OF9odFRhN1ZBVDlLN000UTN0bnpuNDlka2JYbUdGSU1ieDBhak1sZTM4MnlwajVYSVNxQi1vNzNjWVN6Nnl6a21HeGh4ODdBdDdfUXRzS3BDX29yeldyaWwySHh4eDdOY0dIdmdmYi1RQW5zVEsydDBNVUFrRTByd205YVk1cTVCcmdLY0o2ajFVTjhTQnVybENRYmVHZ21uWG9RMEg2M0lUMjB4RzFZeDJuNmdrOUc4WVE2Vm9ZejBEb0RsOS1WaE9idHRiczV6TmQtSG1MYzFOalVDdVZyYWNzVGFlNS1IaXc1dU54anV6Zw?oc=5\" target=\"_blank\" rel=\"noopener\">EN DIRECT &#8211; Consultations avec Lecornu : \u00ab\u00a0il n&rsquo;a ferm\u00e9 aucune porte, n&rsquo;en a ouvert aucune\u00a0\u00bb, r\u00e9sume Faure (PS) sur TF1<\/a>&nbsp;&nbsp;TF1 Info<\/li>\n<li><a href=\"https:\/\/news.google.com\/rss\/articles\/CBMi-gFBVV95cUxNZXBmVXZQUWxlbHFWX2hDaXo2bXlia0hvT0RCa1EtdTdlOGU3aUo2TkdfNWlLalA0VUNjcFhzXzRUMG1DWm5VMktoSUFCQVVQVkE0RGJWRUtLV0trSXdkRGp5OFZRX3dMNnU2Rkp0UTJoYV9UeU1iOUc3aHZGSmhJQ3pQaVJkT1l6dHNGbUVfV0ZQRjBkMnlzUDRvNHlBX0dmSHBOU3NQRERuRFFFelpKYUFuaUZtZ2RvMWpDRE9ZVjJLdTR5MXcwZU5nTHFZY3ZRZ2xRN3VMXzZ4bER5WE1zWnc3V0IyaFN5aGJxVTdGOURFb0FWZjFnRXVn?oc=5\" target=\"_blank\" rel=\"noopener\">Apr\u00e8s sa rencontre avec S\u00e9bastien Lecornu, le PS maintient ses menaces de censure<\/a>&nbsp;&nbsp;Le Monde.fr<\/li>\n<li><a href=\"https:\/\/news.google.com\/rss\/articles\/CBMiygJBVV95cUxQLWRtalVwWmw4Vzk0LTlsV29SVDZuQXBWR2hDbk9XR1JkQVlmeGpmc2pLcUdXRXRMN2MwSmdmY2ZpS3RxZkNwNlJaTU45bDVQSTRWNnZYTjMzSmpQWlJyV2FCNmNYc0xfX29TX3Q4ZjAtcE1kY0hoeV93WTM0QkFkWk1UZjh5YVJlMkhtQ29iMDVqSWxGdnRCSjFTNDcyMVhpV0dORmdPb1dxZ0FWd2I4eGUyRlNldTF6ekNIeXIwUmYxTGVuN1FPSEdLNWdIUkJLazFxajNJTGpNa19HejZMYk9Xa3JYWXg2R3l3cjJGTmloRVRTY3VTaERVZTVLcWJpQWVmYk5WM1hvUENNZ2lXamxBTVhMS0dNRG5WSGdTbzdROHZkUHhodnZycXJ2MVVDemJlWndvN3EwREdiU1N1NDRFWFhWWlRCbHc?oc=5\" target=\"_blank\" rel=\"noopener\">\u00ab\u00a0Il devrait \u00eatre dans la m\u00eame veine que le pr\u00e9c\u00e9dent\u00a0\u00bb : pourquoi il ne faut pas s&rsquo;attendre \u00e0 de grands bouleversements dans le gouvernement Lecornu<\/a>&nbsp;&nbsp;France Info<\/li>\n<li><a href=\"https:\/\/news.google.com\/rss\/articles\/CBMi5wFBVV95cUxPZkp0YjdPTkRPWk5rdnpVR3FRTGhkNVk1cG1JLVdtOFdhN3ZYTFJXWlRfQU43NUxtVk90OXB2aGtyU3BUOEhNSENlTTd0N2tIOTNQMDJmUDVIMHU2cTAtaFBNQjJueHVsd25La01GSHpqMlNSeEZ3cjlvdE8zQVVIUjd4Qk85b0NtNTBORkhOMjFjUzl6R2xBS01LeUpVY1g0MzdkZVdmRlhuLXZHSnZMcW0xeDJIQTRQNDNQYk5ZQ2JwS3VXZ2Z3dUVCSHVXODctem1rZ1hBaTNycW5fUjZmQk5aQTNTVzA?oc=5\" target=\"_blank\" rel=\"noopener\">Gouvernement Lecornu : les r\u00e9actions des oppositions apr\u00e8s leur entretien avec le Premier ministre<\/a>&nbsp;&nbsp;Portail Orange<\/li>\n<li><a href=\"https:\/\/news.google.com\/rss\/articles\/CBMirgFBVV95cUxPclo4bGctNXRpMGFtUGU3ZmNhQmVSaERDamt6WHVNZGVGT2VfOEc1dGRsTE1yLVpaTk1HMlBib210blZXNHF5NEV5UWRJM25SUERKU3lpYzRVYnlycFBKbldRajJoZG9VNmR5UDQ5TXItLWtFc1h5UUprczRfbU9lTmlSRnBDeURuTW5XZnVYSW9yV2x6eUZDRUZRMUQtUFFfNGNFcVdLZXBDVFpHZ2c?oc=5\" target=\"_blank\" rel=\"noopener\">Les indiscrets \u2013 Bayrou contre Lecornu\u2026 jusqu\u2019au bout !<\/a>&nbsp;&nbsp;Le Point<\/li>\n<\/ol>\n","protected":false},"excerpt":{"rendered":"EN DIRECT &#8211; Consultations avec Lecornu : \u00ab\u00a0il n&rsquo;a ferm\u00e9 aucune porte, n&rsquo;en a ouvert aucune\u00a0\u00bb, r\u00e9sume Faure&hellip;\n","protected":false},"author":2,"featured_media":399414,"comment_status":"","ping_status":"","sticky":false,"template":"","format":"standard","meta":{"footnotes":""},"categories":[1356],"tags":[1111,11,1921,51130,58,59,6537,1011,27,431,1922,1077,2338,51845,430,14552,3541,15923,11067,51846,252,1364,133,4530],"class_list":{"0":"post-399413","1":"post","2":"type-post","3":"status-publish","4":"format-standard","5":"has-post-thumbnail","7":"category-television","8":"tag-actu","9":"tag-actualites","10":"tag-article-video","11":"tag-budget-2026-quelle-nouvelle-feuille-de-route-apres-la-chute-de-bayrou","12":"tag-divertissement","13":"tag-entertainment","14":"tag-eric-ciotti","15":"tag-fr","16":"tag-france","17":"tag-francois-bayrou","18":"tag-info","19":"tag-jordan-bardella","20":"tag-la-france-insoumise","21":"tag-la-page-bayrou-se-tourne","22":"tag-marine-le-pen","23":"tag-mathilde-panot","24":"tag-parti-socialiste","25":"tag-raphael-glucksmann","26":"tag-sebastien-lecornu","27":"tag-sebastien-lecornu-nouveau-premier-ministre","28":"tag-television","29":"tag-tv","30":"tag-video","31":"tag-video-politique"},"share_on_mastodon":{"url":"","error":"Validation failed: Text character limit of 500 exceeded"},"_links":{"self":[{"href":"https:\/\/www.europesays.com\/fr\/wp-json\/wp\/v2\/posts\/399413","targetHints":{"allow":["GET"]}}],"collection":[{"href":"https:\/\/www.europesays.com\/fr\/wp-json\/wp\/v2\/posts"}],"about":[{"href":"https:\/\/www.europesays.com\/fr\/wp-json\/wp\/v2\/types\/post"}],"author":[{"embeddable":true,"href":"https:\/\/www.europesays.com\/fr\/wp-json\/wp\/v2\/users\/2"}],"replies":[{"embeddable":true,"href":"https:\/\/www.europesays.com\/fr\/wp-json\/wp\/v2\/comments?post=399413"}],"version-history":[{"count":0,"href":"https:\/\/www.europesays.com\/fr\/wp-json\/wp\/v2\/posts\/399413\/revisions"}],"wp:featuredmedia":[{"embeddable":true,"href":"https:\/\/www.europesays.com\/fr\/wp-json\/wp\/v2\/media\/399414"}],"wp:attachment":[{"href":"https:\/\/www.europesays.com\/fr\/wp-json\/wp\/v2\/media?parent=399413"}],"wp:term":[{"taxonomy":"category","embeddable":true,"href":"https:\/\/www.europesays.com\/fr\/wp-json\/wp\/v2\/categories?post=399413"},{"taxonomy":"post_tag","embeddable":true,"href":"https:\/\/www.europesays.com\/fr\/wp-json\/wp\/v2\/tags?post=399413"}],"curies":[{"name":"wp","href":"https:\/\/api.w.org\/{rel}","templated":true}]}}