{"id":399419,"date":"2025-09-18T07:42:10","date_gmt":"2025-09-18T07:42:10","guid":{"rendered":"https:\/\/www.europesays.com\/fr\/399419\/"},"modified":"2025-09-18T07:42:10","modified_gmt":"2025-09-18T07:42:10","slug":"le-diabete-de-type-5-un-nouveau-diabete-qui-touche-des-patients-trop-minces","status":"publish","type":"post","link":"https:\/\/www.europesays.com\/fr\/399419\/","title":{"rendered":"Le diab\u00e8te de type 5, un \u00ab\u00a0nouveau\u00a0\u00bb diab\u00e8te qui touche des patients trop minces"},"content":{"rendered":"<p>    Le diab\u00e8te de type 5 serait d\u00fb \u00e0 une sous-nutrition chronique durant la grossesse et les deux premi\u00e8res ann\u00e9es de vie, associ\u00e9e \u00e0 des facteurs g\u00e9n\u00e9tiques.<br \/>\n                Mohammad Bashir Aldaher \/ Mohammad Bash &#8211; stock.adobe.com<\/p>\n<p>Des chercheurs appellent \u00e0 une meilleure reconnaissance de cette variante de la maladie li\u00e9e \u00e0 la sous-nutrition, pour mieux en comprendre les m\u00e9canismes et d\u00e9velopper des traitements plus adapt\u00e9s.<\/p>\n<p class=\"fig-paragraph\">C\u2019est devenu une\u00a0<a href=\"https:\/\/sante.lefigaro.fr\/article\/diabete-de-type-2-les-raisons-de-l-epidemie\/\" data-fig-type=\"Article\" data-gtm-custom-categorie=\"navigation\" data-gtm-custom-action=\"crossclick\" data-gtm-custom-label=\"Contextuel\" data-gtm-event=\"customEventSPE\" data-fig-domain=\"SANTE\" rel=\"nofollow noopener\" target=\"_blank\">pr\u00e9occupation majeure<\/a>\u00a0de sant\u00e9 mondiale\u00a0:\u00a0<a href=\"https:\/\/sante.lefigaro.fr\/sante\/maladie\/diabete-type-2\/quest-ce-que-cest-0\" target=\"_blank\" data-fig-type=\"Keyword\" rel=\"sponsored noopener nofollow\" data-gtm-custom-categorie=\"navigation\" data-gtm-custom-action=\"crossclick\" data-gtm-custom-label=\"Contextuel\" data-gtm-event=\"customEventSPE\" data-fig-domain=\"SANTE\">le diab\u00e8te de type 2<\/a>\u00a0explose depuis les ann\u00e9es 1990, touchant d\u00e9sormais un adulte sur neuf \u00e0 travers la plan\u00e8te, selon le dernier atlas mondial de la F\u00e9d\u00e9ration internationale du diab\u00e8te. Mais dans l\u2019ombre de cette grave maladie associ\u00e9e au surpoids et \u00e0 la s\u00e9dentarit\u00e9, existe une autre variante de la pathologie, caus\u00e9e par&#8230;\u00a0<a href=\"http:\/\/sante.lefigaro.fr\/mieux-etre\/nutrition-aliments\/faute-de-moyens-la-moitie-des-enfants-souffrant-de-malnutrition-severe-dans-le-monde-ne-sont-pas-traites-20250326\" data-fig-type=\"Article\" data-gtm-custom-categorie=\"navigation\" data-gtm-custom-action=\"crossclick\" data-gtm-custom-label=\"Contextuel\" data-gtm-event=\"customEventSPE\" data-fig-domain=\"SANTE\" rel=\"nofollow noopener\" target=\"_blank\">la sous-nutrition<\/a>.<\/p>\n<p class=\"fig-paragraph\">Sa particularit\u00e9, qui la distingue des autres types de diab\u00e8te (1 ou 2 pour les plus connus), a \u00e9t\u00e9 officialis\u00e9e par les experts en diab\u00e9tologie du monde entier r\u00e9unis en congr\u00e8s en avril, et fait l\u2019objet ce jeudi d\u2019une publication\u00a0<a href=\"https:\/\/www.thelancet.com\/journals\/langlo\/article\/PIIS2214-109X(25)00263-3\/fulltext\" target=\"_blank\" rel=\"sponsored noopener nofollow\" data-gtm-custom-categorie=\"navigation\" data-gtm-custom-action=\"crossclick\" data-gtm-custom-label=\"Contextuel\" data-gtm-event=\"customEventSPE\">dans The Lancet Global Health<\/a> . L\u2019enjeu est grand au vu de la persistance de la malnutrition dans le monde. Les risques associ\u00e9s \u00e0 un diab\u00e8te de type 5 non \u00e9quilibr\u00e9 sont en effet les m\u00eames que pour les autres diab\u00e8tes\u00a0: sensibilit\u00e9 aux infections, probl\u00e8mes de peau, c\u00e9cit\u00e9, insuffisance r\u00e9nale, neuropathies, infarctus et AVC.<\/p>\n<p>Un d\u00e9veloppement alt\u00e9r\u00e9 de cellules du pancr\u00e9as<\/p>\n<p class=\"fig-paragraph\">Le diab\u00e8te de type 5, tel\u2026<\/p>\n<p class=\"fig-premium-paywall__infos\">\n        Cet article est r\u00e9serv\u00e9 aux abonn\u00e9s.        Il vous reste 78% \u00e0 d\u00e9couvrir.\n    <\/p>\n<p>                <img  data- alt=\"Le Figaro\" class=\"fig-img--complete fig-img\"\/><\/p>\n<p class=\"fig-premium-paywall__title\">Vous avez envie de lire la suite ?<\/p>\n<p class=\"fig-premium-paywall__subtitle\">D\u00e9bloquez tous les articles imm\u00e9diatement.<\/p>\n<p class=\"fig-premium-paywall__connect\">\n                D\u00e9j\u00e0 abonn\u00e9\u00a0?                <a class=\"fig-premium-paywall__connect-link\" href=\"https:\/\/connect.lefigaro.fr\/login?client=sante_web&amp;type=main&amp;redirect_uri=https%3A%2F%2Fsante.lefigaro.fr%2Fsocial%2Fsante-publique%2Fle-diabete-de-type-5-un-nouveau-diabete-qui-touche-des-patients-trop-minces-20250918\" data-js-gtm=\"{&quot;customCategorie&quot;: &quot;conversion&quot;, &quot;customAction&quot;: &quot;before_Landing_Connexion_paywall_auto&quot;, &quot;customLabel&quot;: &quot;c2FudGUubGVmaWdhcm8uZnJfXzFmMDkzZWRlLTFkYjItNjQ1MC04ZGE1LTEzZGZmZTJjNWY3N19fQXJ0aWNsZQ==_Le diab\u00e8te de type 5, un \u00ab\u00a0nouveau\u00a0\u00bb diab\u00e8te qui touche des patients trop minces_24&quot;, &quot;customIDSPE&quot;: &quot;c2FudGUubGVmaWdhcm8uZnJfXzFmMDkzZWRlLTFkYjItNjQ1MC04ZGE1LTEzZGZmZTJjNWY3N19fQXJ0aWNsZQ==&quot;, &quot;event&quot;: &quot;customEventSPE&quot;}\" rel=\"nofollow noopener\" target=\"_blank\"><br \/>\n                    Connectez-vous<br \/>\n                <\/a>\n            <\/p>\n","protected":false},"excerpt":{"rendered":"Le diab\u00e8te de type 5 serait d\u00fb \u00e0 une sous-nutrition chronique durant la grossesse et les deux premi\u00e8res&hellip;\n","protected":false},"author":2,"featured_media":399420,"comment_status":"","ping_status":"","sticky":false,"template":"","format":"standard","meta":{"footnotes":""},"categories":[10],"tags":[53114,234,1011,27,72,34744,71],"class_list":{"0":"post-399419","1":"post","2":"type-post","3":"status-publish","4":"format-standard","5":"has-post-thumbnail","7":"category-sante","8":"tag-denutrition","9":"tag-diabete","10":"tag-fr","11":"tag-france","12":"tag-health","13":"tag-insuline","14":"tag-sante"},"share_on_mastodon":{"url":"https:\/\/pubeurope.com\/@fr\/115224179149106247","error":""},"_links":{"self":[{"href":"https:\/\/www.europesays.com\/fr\/wp-json\/wp\/v2\/posts\/399419","targetHints":{"allow":["GET"]}}],"collection":[{"href":"https:\/\/www.europesays.com\/fr\/wp-json\/wp\/v2\/posts"}],"about":[{"href":"https:\/\/www.europesays.com\/fr\/wp-json\/wp\/v2\/types\/post"}],"author":[{"embeddable":true,"href":"https:\/\/www.europesays.com\/fr\/wp-json\/wp\/v2\/users\/2"}],"replies":[{"embeddable":true,"href":"https:\/\/www.europesays.com\/fr\/wp-json\/wp\/v2\/comments?post=399419"}],"version-history":[{"count":0,"href":"https:\/\/www.europesays.com\/fr\/wp-json\/wp\/v2\/posts\/399419\/revisions"}],"wp:featuredmedia":[{"embeddable":true,"href":"https:\/\/www.europesays.com\/fr\/wp-json\/wp\/v2\/media\/399420"}],"wp:attachment":[{"href":"https:\/\/www.europesays.com\/fr\/wp-json\/wp\/v2\/media?parent=399419"}],"wp:term":[{"taxonomy":"category","embeddable":true,"href":"https:\/\/www.europesays.com\/fr\/wp-json\/wp\/v2\/categories?post=399419"},{"taxonomy":"post_tag","embeddable":true,"href":"https:\/\/www.europesays.com\/fr\/wp-json\/wp\/v2\/tags?post=399419"}],"curies":[{"name":"wp","href":"https:\/\/api.w.org\/{rel}","templated":true}]}}