{"id":399431,"date":"2025-09-18T07:48:14","date_gmt":"2025-09-18T07:48:14","guid":{"rendered":"https:\/\/www.europesays.com\/fr\/399431\/"},"modified":"2025-09-18T07:48:14","modified_gmt":"2025-09-18T07:48:14","slug":"delphine-ernotte-charge-frontalement-cnews-chaine-dextreme-droite-qui-veut-la-peau-de-laudiovisuel-public","status":"publish","type":"post","link":"https:\/\/www.europesays.com\/fr\/399431\/","title":{"rendered":"Delphine Ernotte charge frontalement CNews, \u00ab\u00a0cha\u00eene d\u2019extr\u00eame droite\u00a0\u00bb\u00a0qui \u00ab\u00a0veut la peau de l\u2019audiovisuel public\u00a0\u00bb"},"content":{"rendered":"<p>        <img decoding=\"async\" loading=\"lazy\" src=\"https:\/\/www.europesays.com\/fr\/wp-content\/uploads\/2025\/09\/265773c_upload-1-pw9agqdxocmq-gettyimages-1242805268.jpg\"  width=\"728\" height=\"409\" alt=\"D\u00e9lphine Ernotte, ici au mois d\u2019ao\u00fbt 2022, \u00e0 Paris.\"\/>  <\/p>\n<p>Bloomberg \/ Bloomberg via Getty Images<\/p>\n<p>D\u00e9lphine Ernotte, ici au mois d\u2019ao\u00fbt 2022, \u00e0 Paris.<\/p>\n<p class=\"asset asset-text\">M\u00c9DIAS &#8211; Delphine Ernotte en remet une couche. Apr\u00e8s \u00eatre mont\u00e9e au cr\u00e9neau <a href=\"https:\/\/www.huffingtonpost.fr\/medias\/article\/apres-la-polemique-cohen-legrand-l-arcom-convoque-les-deux-cheffes-de-l-audiovisuel-public_254701.html\" target=\"_blank\" rel=\"noopener\">aux c\u00f4t\u00e9s de Sibyle Veil<\/a> aupr\u00e8s de l\u2019Arcom, la patronne de <a href=\"https:\/\/www.huffingtonpost.fr\/medias\/article\/le-traitement-du-10-septembre-par-lea-salame-au-20-heures-de-france-2-fait-grincer-des-dents-chez-france-televisions_254688.html\" target=\"_blank\" rel=\"noopener\">France T\u00e9l\u00e9visions<\/a> a lanc\u00e9 une nouvelle charge frontale contre CNews dans une interview au Monde, jeudi 18\u00a0septembre, en plein conflit entre l\u2019audiovisuel public et les m\u00e9dias de la galaxie Bollor\u00e9 au sujet de <a href=\"https:\/\/www.huffingtonpost.fr\/medias\/article\/thomas-legrand-donne-sa-version-des-faits-au-micro-de-france-inter-tout-est-tronque_254750.html\" target=\"_blank\" rel=\"noopener\">l\u2019affaire Legrand-Cohen<\/a>.<\/p>\n<p class=\"asset asset-text\">\u00ab\u00a0Il faut admettre que CNews est un m\u00e9dia d\u2019opinion. Qu\u2019ils assument d\u2019\u00eatre une cha\u00eene d\u2019extr\u00eame droite\u00a0!\u00a0\u00bb, a d\u00e9clar\u00e9 la dirigeante du groupe public, qui emploie pour la premi\u00e8re fois ce qualificatif au sujet de la cha\u00eene info, premi\u00e8re de France en part d\u2019audience.<\/p>\n<p class=\"asset asset-text\">Delphine Ernotte Cunci et son homologue de Radio France, Sibyle Veil, ont \u00e9t\u00e9 entendues ce mercredi par l\u2019Arcom, le r\u00e9gulateur de l\u2019audiovisuel, au sujet de l\u2019affaire Legrand-Cohen. Les journalistes Thomas Legrand et Patrick Cohen sont accus\u00e9s de connivence avec le PS apr\u00e8s la diffusion d\u00e9but septembre, par le magazine conservateur L\u2019Incorrect, d\u2019une vid\u00e9o les montrant en pleine conversation avec deux responsables socialistes.<\/p>\n<p>    \u00ab\u00a0Il faut dire stop\u00a0\u00bb    <\/p>\n<p class=\"asset asset-text\">Cette affaire a provoqu\u00e9 un conflit in\u00e9dit, \u00e0 un an et demi de la pr\u00e9sidentielle de 2027. D\u2019un c\u00f4t\u00e9, les m\u00e9dias priv\u00e9s dans le giron du milliardaire conservateur Vincent Bollor\u00e9, dont CNews et la radio Europe 1, accusent l\u2019audiovisuel public de parti pris pour la gauche. De l\u2019autre, France T\u00e9l\u00e9visions et Radio France contre-attaquent et en appellent \u00e0 l\u2019Arcom et aux pouvoirs publics.<\/p>\n<p class=\"asset asset-text\">\u00ab\u00a0La galaxie m\u00e9diatique de Vincent Bollor\u00e9 veut la peau de l\u2019audiovisuel public, r\u00e9clame sa privatisation, et l\u2019exprime avec violence (&#8230;). \u00c0 un moment, il faut dire stop\u00a0\u00bb, tonne Delphine Ernotte Cunci dans <a href=\"https:\/\/www.lemonde.fr\/economie\/article\/2025\/09\/18\/delphine-ernotte-presidente-de-france-televisions-la-galaxie-mediatique-de-vincent-bollore-veut-la-peau-de-l-audiovisuel-public_6641605_3234.html\" target=\"_blank\" rel=\"noopener\" title=\"Nouvelle fen\u00eatre\">Le Monde<\/a>.<\/p>\n<p class=\"asset asset-text\">\u00ab\u00a0Ce qui m\u2019inqui\u00e8te d\u00e9sormais, c\u2019est qu\u2019une partie du personnel politique prend pour argent comptant ce qui est affirm\u00e9, et repris sur les r\u00e9seaux sociaux, sans v\u00e9rifier ce qui s\u2019est vraiment pass\u00e9\u00a0; c\u2019est ce qu\u2019on appelle la post-v\u00e9rit\u00e9\u00a0\u00bb, poursuit-elle, en faisant le parall\u00e8le avec les \u00c9tats-Unis de Donald Trump.<\/p>\n<p>    Delphine Ernotte contre la r\u00e9forme de l\u2019audiovisuel    <\/p>\n<p class=\"asset asset-text\">\u00ab\u00a0Complot\u00a0\u00bb, \u00ab\u00a0infiltration\u00a0\u00bb, \u00ab\u00a0mafia\u00a0\u00bb\u2026\u00a0Tr\u00e8s rapidement, les critiques ont fus\u00e9 envers les deux journalistes apr\u00e8s la diffusion de la vid\u00e9o, aussi bien du c\u00f4t\u00e9 des R\u00e9publicains, que du Rassemblement national et de La France insoumise. Rachida Dati, au c\u0153ur d\u2019une des discussions de Thomas Legrand avec les cadres du PS, a pour sa part demand\u00e9 que des mesures soient prises envers les deux chroniqueurs.<\/p>\n<p class=\"asset asset-text\">Interrog\u00e9e sur le fait de savoir si l\u2019audiovisuel public \u00e9tait suffisamment soutenu par l\u2019\u00c9tat et les politiques, elle a r\u00e9pondu\u00a0: \u00ab\u00a0Je pose la question\u00a0\u00bb. \u00ab\u00a0Si ce soutien consiste \u00e0 garantir l\u2019ind\u00e9pendance de l\u2019audiovisuel public, donc un financement p\u00e9renne, alors on ne l\u2019a pas\u00a0\u00bb, a-t-elle d\u00e9velopp\u00e9, dans un contexte de fortes restrictions budg\u00e9taires.<\/p>\n<p class=\"asset asset-text\">Par ailleurs, Delphine Ernotte Cunci a affirm\u00e9 qu\u2019elle n\u2019\u00e9tait plus favorable au projet de rapprochement des entreprises de l\u2019audiovisuel public sous une holding commune, port\u00e9 par la ministre de la Culture sortante Rachida Dati. \u00ab\u00a0J\u2019ai toujours d\u00e9fendu l\u2019union, mais il faudrait \u00eatre aveugle pour ne pas voir que les conditions ont chang\u00e9. L\u2019urgence est de donner des garanties sur notre ind\u00e9pendance\u00a0\u00bb, a expliqu\u00e9 la patronne de France T\u00e9l\u00e9visions pour justifier ce revirement.<\/p>\n","protected":false},"excerpt":{"rendered":"Bloomberg \/ Bloomberg via Getty Images D\u00e9lphine Ernotte, ici au mois d\u2019ao\u00fbt 2022, \u00e0 Paris. M\u00c9DIAS &#8211; Delphine&hellip;\n","protected":false},"author":2,"featured_media":399432,"comment_status":"","ping_status":"","sticky":false,"template":"","format":"standard","meta":{"footnotes":""},"categories":[4],"tags":[11,9722,251,11255,1011,27,2400,500,12,25,1022],"class_list":{"0":"post-399431","1":"post","2":"type-post","3":"status-publish","4":"format-standard","5":"has-post-thumbnail","7":"category-france","8":"tag-actualites","9":"tag-cnews","10":"tag-culture","11":"tag-delphine-ernotte","12":"tag-fr","13":"tag-france","14":"tag-france-televisions","15":"tag-medias","16":"tag-news","17":"tag-republique-francaise","18":"tag-vincent-bollore"},"share_on_mastodon":{"url":"https:\/\/pubeurope.com\/@fr\/115224202829079104","error":""},"_links":{"self":[{"href":"https:\/\/www.europesays.com\/fr\/wp-json\/wp\/v2\/posts\/399431","targetHints":{"allow":["GET"]}}],"collection":[{"href":"https:\/\/www.europesays.com\/fr\/wp-json\/wp\/v2\/posts"}],"about":[{"href":"https:\/\/www.europesays.com\/fr\/wp-json\/wp\/v2\/types\/post"}],"author":[{"embeddable":true,"href":"https:\/\/www.europesays.com\/fr\/wp-json\/wp\/v2\/users\/2"}],"replies":[{"embeddable":true,"href":"https:\/\/www.europesays.com\/fr\/wp-json\/wp\/v2\/comments?post=399431"}],"version-history":[{"count":0,"href":"https:\/\/www.europesays.com\/fr\/wp-json\/wp\/v2\/posts\/399431\/revisions"}],"wp:featuredmedia":[{"embeddable":true,"href":"https:\/\/www.europesays.com\/fr\/wp-json\/wp\/v2\/media\/399432"}],"wp:attachment":[{"href":"https:\/\/www.europesays.com\/fr\/wp-json\/wp\/v2\/media?parent=399431"}],"wp:term":[{"taxonomy":"category","embeddable":true,"href":"https:\/\/www.europesays.com\/fr\/wp-json\/wp\/v2\/categories?post=399431"},{"taxonomy":"post_tag","embeddable":true,"href":"https:\/\/www.europesays.com\/fr\/wp-json\/wp\/v2\/tags?post=399431"}],"curies":[{"name":"wp","href":"https:\/\/api.w.org\/{rel}","templated":true}]}}