{"id":399435,"date":"2025-09-18T07:50:15","date_gmt":"2025-09-18T07:50:15","guid":{"rendered":"https:\/\/www.europesays.com\/fr\/399435\/"},"modified":"2025-09-18T07:50:15","modified_gmt":"2025-09-18T07:50:15","slug":"des-consignes-de-prudence-pour-les-commercants-stephanois","status":"publish","type":"post","link":"https:\/\/www.europesays.com\/fr\/399435\/","title":{"rendered":"des consignes de prudence pour les commer\u00e7ants st\u00e9phanois"},"content":{"rendered":"<p>Les consignes \u00e9manent des services de la pr\u00e9fecture et ont \u00e9t\u00e9 relay\u00e9es par la chambre de commerce et d\u2019industrie et la chambre des m\u00e9tiers et de l\u2019artisanat\u00a0: les commer\u00e7ants st\u00e9phanois qui se trouvent sur le trajet de la manifestation de ce jeudi entre la Bourse du travail et la pr\u00e9fecture, sont invit\u00e9s \u00e0 pr\u00e9server leurs \u00e9tablissements.<\/p>\n<p>Il leur a \u00e9t\u00e9 recommand\u00e9 de laisser le rideau baiss\u00e9, le temps du passage du cort\u00e8ge, et, pour les propri\u00e9taires de bars et restaurants, de ne pas laisser \u00e0 l\u2019ext\u00e9rieur leurs tables et chaises afin d\u2019\u00e9viter qu\u2019elles servent de projectiles \u00e0 d\u2019\u00e9ventuels fauteurs de troubles.<\/p>\n<p>\u00ab\u00a0C\u2019est un nouveau manque \u00e0 gagner en perspective \u00e0 cause d\u2019une poign\u00e9e de casseurs alors que beaucoup d\u2019entre nous sont \u00e0 l\u2019agonie\u00a0\u00bb, d\u00e9plore Laurent Pelletier, propri\u00e9taire de deux \u00e9tablissements dans le centre-ville et porte-parole d\u2019un <a href=\"https:\/\/www.leprogres.fr\/economie\/2025\/03\/18\/commercants-en-colere-la-mairie-est-en-train-de-tuer-le-centre-ville\" target=\"_blank\" rel=\"nofollow noopener\">collectif de commer\u00e7ants st\u00e9phanois<\/a>.<\/p>\n","protected":false},"excerpt":{"rendered":"Les consignes \u00e9manent des services de la pr\u00e9fecture et ont \u00e9t\u00e9 relay\u00e9es par la chambre de commerce et&hellip;\n","protected":false},"author":2,"featured_media":399436,"comment_status":"","ping_status":"","sticky":false,"template":"","format":"standard","meta":{"footnotes":""},"categories":[9653],"tags":[1111,11,2430,9671,7539,1777,674,1011,27,3367,12,25,4001,7538,801],"class_list":{"0":"post-399435","1":"post","2":"type-post","3":"status-publish","4":"format-standard","5":"has-post-thumbnail","7":"category-saint-etienne","8":"tag-actu","9":"tag-actualites","10":"tag-auvergne-rhone-alpes","11":"tag-conflit-social","12":"tag-edition-loire-sud","13":"tag-eu","14":"tag-europe","15":"tag-fr","16":"tag-france","17":"tag-loire","18":"tag-news","19":"tag-republique-francaise","20":"tag-saint-etienne","21":"tag-saint-etienne-ville","22":"tag-social"},"share_on_mastodon":{"url":"https:\/\/pubeurope.com\/@fr\/115224210578710678","error":""},"_links":{"self":[{"href":"https:\/\/www.europesays.com\/fr\/wp-json\/wp\/v2\/posts\/399435","targetHints":{"allow":["GET"]}}],"collection":[{"href":"https:\/\/www.europesays.com\/fr\/wp-json\/wp\/v2\/posts"}],"about":[{"href":"https:\/\/www.europesays.com\/fr\/wp-json\/wp\/v2\/types\/post"}],"author":[{"embeddable":true,"href":"https:\/\/www.europesays.com\/fr\/wp-json\/wp\/v2\/users\/2"}],"replies":[{"embeddable":true,"href":"https:\/\/www.europesays.com\/fr\/wp-json\/wp\/v2\/comments?post=399435"}],"version-history":[{"count":0,"href":"https:\/\/www.europesays.com\/fr\/wp-json\/wp\/v2\/posts\/399435\/revisions"}],"wp:featuredmedia":[{"embeddable":true,"href":"https:\/\/www.europesays.com\/fr\/wp-json\/wp\/v2\/media\/399436"}],"wp:attachment":[{"href":"https:\/\/www.europesays.com\/fr\/wp-json\/wp\/v2\/media?parent=399435"}],"wp:term":[{"taxonomy":"category","embeddable":true,"href":"https:\/\/www.europesays.com\/fr\/wp-json\/wp\/v2\/categories?post=399435"},{"taxonomy":"post_tag","embeddable":true,"href":"https:\/\/www.europesays.com\/fr\/wp-json\/wp\/v2\/tags?post=399435"}],"curies":[{"name":"wp","href":"https:\/\/api.w.org\/{rel}","templated":true}]}}