{"id":399439,"date":"2025-09-18T07:52:11","date_gmt":"2025-09-18T07:52:11","guid":{"rendered":"https:\/\/www.europesays.com\/fr\/399439\/"},"modified":"2025-09-18T07:52:11","modified_gmt":"2025-09-18T07:52:11","slug":"manifestations-blocages-suivez-avec-nous-cette-journee-de-mobilisation","status":"publish","type":"post","link":"https:\/\/www.europesays.com\/fr\/399439\/","title":{"rendered":"manifestations, blocages&#8230; Suivez avec nous cette journ\u00e9e de mobilisation"},"content":{"rendered":"<p>A Verdun, une vingtaine de manifestants du collectif \u00ab\u00a0Indignons nous\u00a0\u00bb ont men\u00e9 une op\u00e9ration de tractage au rond-point de la Galavaude, carrefour le plus passant de Meuse avec plus de 15000 v\u00e9hicules\/jour. D\u00e8s 7 h 30, ils s&rsquo;\u00e9taient r\u00e9unis avec des slogans bien accueillis, dopant les watts et les klaxons sur le giratoire. Le mot d&rsquo;ordre \u00ab\u00a0klaxonnez pour la justice sociale\u00a0\u00bb a \u00e9t\u00e9 massivement suivi par des automobilistes tr\u00e8s majoritairement complices et impliqu\u00e9s, aux dires des manifestants.<\/p>\n<p>\u00ab\u00a0Il y a peut \u00eatre des gens qui sont dans la r\u00e9signation. <strong>L&rsquo;id\u00e9e c&rsquo;est de les mobiliser dans la bonne humeur. On ne veut pas faire une action qui crispe.<\/strong> Que les gens aient une autre image que celle v\u00e9hicul\u00e9e dans les grands m\u00e9dias comme CNews, les cha\u00eenes d&rsquo;info en continu, que les manifestants sont des casseurs, de l&rsquo;ultra-gauche. Non, c&rsquo;est une mobilisation de citoyens en col\u00e8re et sans doute que beaucoup la partagent\u00a0\u00bb, confie Damien, manifestant \u00e0 Verdun. <\/p>\n<p>Le collectif va se greffer sur la manifestation intersyndicale pr\u00e9vue \u00e0 14 h \u00e0 Bar-le-Duc. \u00ab\u00a0Klaxonner, \u00e7a ne va pas changer la vie des gens, on est d&rsquo;accord. Mais <strong>klaxonner ce matin, c&rsquo;est renouer le dialogue et c&rsquo;est d\u00e9j\u00e0 politique. Nous ne sommes pas l\u00e0 que pour klaxonner, ce n&rsquo;est pas folklorique<\/strong>\u00ab\u00a0.<\/p>\n","protected":false},"excerpt":{"rendered":"A Verdun, une vingtaine de manifestants du collectif \u00ab\u00a0Indignons nous\u00a0\u00bb ont men\u00e9 une op\u00e9ration de tractage au rond-point&hellip;\n","protected":false},"author":2,"featured_media":399440,"comment_status":"","ping_status":"","sticky":false,"template":"","format":"standard","meta":{"footnotes":""},"categories":[9635],"tags":[1111,11,9671,3602,1707,1704,1706,1705,10174,1777,674,107,1011,27,775,3457,1702,12,3456,25,801],"class_list":{"0":"post-399439","1":"post","2":"type-post","3":"status-publish","4":"format-standard","5":"has-post-thumbnail","7":"category-nancy","8":"tag-actu","9":"tag-actualites","10":"tag-conflit-social","11":"tag-edition-bar-le-duc","12":"tag-edition-luneville","13":"tag-edition-nancy-et-agglomeration","14":"tag-edition-pont-a-mousson","15":"tag-edition-toul","16":"tag-edition-verdun","17":"tag-eu","18":"tag-europe","19":"tag-fil-info","20":"tag-fr","21":"tag-france","22":"tag-grand-est","23":"tag-meurthe-et-moselle","24":"tag-nancy","25":"tag-news","26":"tag-region-lorraine","27":"tag-republique-francaise","28":"tag-social"},"share_on_mastodon":{"url":"https:\/\/pubeurope.com\/@fr\/115224218394996541","error":""},"_links":{"self":[{"href":"https:\/\/www.europesays.com\/fr\/wp-json\/wp\/v2\/posts\/399439","targetHints":{"allow":["GET"]}}],"collection":[{"href":"https:\/\/www.europesays.com\/fr\/wp-json\/wp\/v2\/posts"}],"about":[{"href":"https:\/\/www.europesays.com\/fr\/wp-json\/wp\/v2\/types\/post"}],"author":[{"embeddable":true,"href":"https:\/\/www.europesays.com\/fr\/wp-json\/wp\/v2\/users\/2"}],"replies":[{"embeddable":true,"href":"https:\/\/www.europesays.com\/fr\/wp-json\/wp\/v2\/comments?post=399439"}],"version-history":[{"count":0,"href":"https:\/\/www.europesays.com\/fr\/wp-json\/wp\/v2\/posts\/399439\/revisions"}],"wp:featuredmedia":[{"embeddable":true,"href":"https:\/\/www.europesays.com\/fr\/wp-json\/wp\/v2\/media\/399440"}],"wp:attachment":[{"href":"https:\/\/www.europesays.com\/fr\/wp-json\/wp\/v2\/media?parent=399439"}],"wp:term":[{"taxonomy":"category","embeddable":true,"href":"https:\/\/www.europesays.com\/fr\/wp-json\/wp\/v2\/categories?post=399439"},{"taxonomy":"post_tag","embeddable":true,"href":"https:\/\/www.europesays.com\/fr\/wp-json\/wp\/v2\/tags?post=399439"}],"curies":[{"name":"wp","href":"https:\/\/api.w.org\/{rel}","templated":true}]}}