{"id":399447,"date":"2025-09-18T07:56:09","date_gmt":"2025-09-18T07:56:09","guid":{"rendered":"https:\/\/www.europesays.com\/fr\/399447\/"},"modified":"2025-09-18T07:56:09","modified_gmt":"2025-09-18T07:56:09","slug":"les-policiers-municipaux-font-de-la-protection-pas-du-maintien-de-lordre","status":"publish","type":"post","link":"https:\/\/www.europesays.com\/fr\/399447\/","title":{"rendered":"Les policiers municipaux font de la protection, pas du maintien de l&rsquo;ordre"},"content":{"rendered":"<p>            Par<br \/>\n        <strong><br \/>\n            <a href=\"https:\/\/actu.fr\/auteur\/jm-aubert\" title=\"Consulter tous les articles de Jean-Marc Aubert\" target=\"_blank\" rel=\"noopener\">Jean-Marc Aubert<\/a><br \/>\n        <\/strong><\/p>\n<p>        Publi\u00e9 le<\/p>\n<p>            18 sept. 2025 \u00e0 9h37        <\/p>\n<p>\u00ab\u00a0Nous avons \u00e9t\u00e9 \u00e9tonn\u00e9s, en mairie, de <strong>lire sur les r\u00e9seaux sociaux<\/strong>, ainsi que dans quelques journaux, que <strong>les policiers municipaux<\/strong> de Montpellier <strong>assuraient des op\u00e9rations de maintien de l\u2019ordre<\/strong>, lors de <strong>la manifestation \u00ab\u00a0Bloquons tout\u00a0\u00bb<\/strong> de jeudi 10 septembre dernier. Ce sont de <strong>fausses informations<\/strong>, nos policiers \u00e9taient engag\u00e9s uniquement pour une mission de protection, et de nos effectifs et des citoyens\u00a0\u00bb, r\u00e9agit fermement ce jeudi 18 septembre 2025, <strong>S\u00e9bastien Cote<\/strong>, l\u2019adjoint au maire Micha\u00ebl Delafosse en charge de la s\u00e9curit\u00e9 et de la tranquillit\u00e9 publique.<\/p>\n<p class=\" wall-content\">Alors que s\u2019\u00e9lancera ce jeudi matin la nouvelle grande manifestation avec cette fois une importante pr\u00e9sence de syndicats dans les rangs, sollicit\u00e9 par <strong>M\u00e9tropolitain<\/strong> l\u2019\u00e9lu tient \u00e0 mettre les points sur les i : \u00ab\u00a0La loi interdit aux policiers municipaux de se livrer \u00e0 de telles op\u00e9rations en appui de policiers nationaux, dont les CRS et de la gendarmerie mobile, c\u2019est tr\u00e8s clair et nous n\u2019y d\u00e9rogeons aucunement. En revanche, face \u00e0 des manifestations parfois violentes, avec des casseurs comme les black blocs par exemple et en cas de d\u00e9bordements graves, nous avons cr\u00e9\u00e9, au sein de notre police municipale, une \u00e9quipe sp\u00e9cialis\u00e9e qui a \u00e9t\u00e9 form\u00e9e pour affronter de telles situations afin d\u2019accomplir une mission de protection des autres agents d\u00e9ploy\u00e9s dans les rues de la ville, comme les motards, les cyclistes en VTT, les patrouilles\u00a0\u00bb.<\/p>\n<p class=\" wall-content\">Effectivement, la pr\u00e9sence de policiers municipaux casqu\u00e9s et dot\u00e9s de boucliers sur la place de la Com\u00e9die, le 10 septembre, \u00e0 proximit\u00e9 du canon eau des CRS et des policiers nationaux de diverses unit\u00e9s de la DIPN 34, comme la compagnie d\u2019intervention et la brigade anti-criminalit\u00e9, \u00e9galement munis de ce m\u00eame mat\u00e9riel lourd n\u2019est pas pass\u00e9 inaper\u00e7u. Et sur les r\u00e9seaux sociaux, ainsi que dans quelques articles, de nombreux commentaires ont fleuri, alimentant une pol\u00e9mique qui n\u2019a pas lieu d\u2019\u00eatre.\u00a0<\/p>\n<p class=\" wall-content\">\u00ab\u00a0Si nos policiers municipaux portaient casques et boucliers, ce n\u2019\u00e9tait que pour assurer la protection de leurs coll\u00e8gues et de la population, en cas de d\u00e9bordements ou d\u2019affrontements. En aucun cas, ils se sont m\u00eal\u00e9s aux actions des policiers nationaux, dont les CRS mobilis\u00e9s\u00a0\u00bb, confirme S\u00e9bastien Cote, agac\u00e9 d\u2019avoir pu lire de telles fakes news, g\u00e9n\u00e9rant de faux commentaires comme : \u00ab\u00a0Depuis quand, les policiers municipaux de Montpellier font du maintien de l\u2019ordre sur des manifestations publiques, ils n\u2019ont pas le droit\u00a0\u00bb\u2026<\/p>\n<p>Vid\u00e9os : en ce moment sur Actu<\/p>\n<p class=\" wall-content\">On devrait donc revoir en cette journ\u00e9e de mobilisation en centre-ville de Montpellier et notamment sur la Com\u00e9die, ces policiers municipaux casqu\u00e9s et munis de boucliers pour une nouvelle mission de protection.<\/p>\n<p>200 agents<\/p>\n<p class=\" wall-content\">La police municipale de Montpellier compte \u00e0 ce jour <strong>200\u00a0agents<\/strong> et dispose de 26 v\u00e9hicules, 10 motos, 18 scooters, 28 VTT et 3 postes de commandement mobiles. L\u2019effectif va \u00eatre renforc\u00e9 dans les prochains mois, avec des recrutements en cours. Une police de proximit\u00e9 est install\u00e9e sur trois grands secteurs : Nord, Sud et Centre, mais aussi au plus pr\u00e8s des citoyens avec donc un poste de commandement mobile positionn\u00e9 en fonction des besoins. En application des dispositions du d\u00e9cret n\u00b02019-140 du 27\/02\/2019, les agents de la police municipale de la ville de Montpellier sont \u00e9quip\u00e9s de cam\u00e9ras-pi\u00e9ton.<\/p>\n<p>Votre r\u00e9gion, votre actu !<\/p>\n<p>Recevez chaque jour les infos qui comptent pour vous.<\/p>\n<p>\t<a href=\"https:\/\/actu.fr\/newsletter\" class=\"ac-btn ac-btn--corner ac-btn--medium ac-btn--blue800\" target=\"_blank\" rel=\"noopener\">S&rsquo;incrire<\/a><\/p>\n<p class=\" wall-content\">\u00ab\u00a0La mission de la police municipale est d\u2019assurer le bon ordre, la tranquillit\u00e9, la s\u00e9curit\u00e9 et la salubrit\u00e9 publique : respect des arr\u00eat\u00e9s municipaux, sollicitations des administr\u00e9s et des services de la mairie dans les domaines de stationnement, de la circulation, des am\u00e9nagements de l\u2019espace public et des incivilit\u00e9s comme le bruit, etc.\u00a0\u00bb rappelle S\u00e9bastien Cote.<\/p>\n<p class=\" wall-content\">Ces agents assurent des missions de police de proximit\u00e9 ax\u00e9es sur le contact avec la population, la connaissance des quartiers et l\u2019application de la r\u00e9glementation : surveillance g\u00e9n\u00e9rale des voies et des lieux publics, des \u00e9tablissements scolaires, principalement \u00e9coles maternelles et primaires, gestion de l\u2019acc\u00e8s en aire pi\u00e9tonne, protection et surveillance des b\u00e2timents communaux \u2013 plan Vigipirate -, contr\u00f4le de l\u2019occupation du domaine public, gestion des \u00e9v\u00e8nements organis\u00e9s sur le domaine public -foires, march\u00e9s, manifestations sportives, culturelles, et festives-, animaux errants et chiens dangereux (chiens 1\u00e8re et 2\u00e8me cat\u00e9gories), gestions des \u00e9v\u00e8nements li\u00e9s \u00e0 la S\u00e9curit\u00e9 civile, nuisances sonores et ivresses publiques et manifestes, police de l\u2019environnement urbain, Police m\u00e9tropolitaine des transports, brigade de s\u00e9curit\u00e9 du logement social, brigade motocycliste<\/p>\n<p>Une brigade de nuit\u00a0<\/p>\n<p class=\" wall-content\">Les agents affect\u00e9s \u00e0 cette unit\u00e9 de nuit assurent la mise en \u0153uvre des pouvoirs de police du maire, et veillent notamment dans les domaines des nuisances sonores, des troubles de voisinage et d\u2019usage de l\u2019espace public, de la s\u00e9curit\u00e9 routi\u00e8re, et veillent \u00e0 l\u2019application de\u00a0l\u2019arr\u00eat\u00e9 municipal estival ou hivernal de tranquillit\u00e9 publique,\u00a0l\u2019arr\u00eat\u00e9 municipal estival r\u00e9glementant les horaires d\u2019ouverture des \u00e9tablissements de restauration rapide, vente \u00e0 emporter au d\u00e9tail des denr\u00e9es alimentaires et de boissons. Elle est sur le terrain de 19h \u00e0 4h30, en renfort des policiers nationaux.<\/p>\n<p class=\" wall-content\">Personnalisez votre actualit\u00e9 en ajoutant vos villes et m\u00e9dias en favori avec <a href=\"https:\/\/moncompte.actu.fr\" title=\"D\u00e9couvez Mon Actu\" rel=\"nofollow noopener\" data-trk=\"{&quot;cta&quot;:{&quot;action&quot;:&quot;https:\\\/\\\/moncompte.actu.fr&quot;,&quot;category&quot;:&quot;mon compte&quot;,&quot;from&quot;:&quot;article footer&quot;,&quot;name&quot;:&quot;Mon actu&quot;,&quot;type&quot;:&quot;cta&quot;}}\" target=\"_blank\">Mon Actu<\/a>.<\/p>\n","protected":false},"excerpt":{"rendered":"Par Jean-Marc Aubert Publi\u00e9 le 18 sept. 2025 \u00e0 9h37 \u00ab\u00a0Nous avons \u00e9t\u00e9 \u00e9tonn\u00e9s, en mairie, de lire&hellip;\n","protected":false},"author":2,"featured_media":399448,"comment_status":"","ping_status":"","sticky":false,"template":"","format":"standard","meta":{"footnotes":""},"categories":[9599],"tags":[1111,11,1777,674,1011,27,1272,2208,12,2680,1072,25,104],"class_list":{"0":"post-399447","1":"post","2":"type-post","3":"status-publish","4":"format-standard","5":"has-post-thumbnail","7":"category-montpellier","8":"tag-actu","9":"tag-actualites","10":"tag-eu","11":"tag-europe","12":"tag-fr","13":"tag-france","14":"tag-manifestations","15":"tag-montpellier","16":"tag-news","17":"tag-occitanie","18":"tag-police","19":"tag-republique-francaise","20":"tag-societe"},"share_on_mastodon":{"url":"https:\/\/pubeurope.com\/@fr\/115224234159818811","error":""},"_links":{"self":[{"href":"https:\/\/www.europesays.com\/fr\/wp-json\/wp\/v2\/posts\/399447","targetHints":{"allow":["GET"]}}],"collection":[{"href":"https:\/\/www.europesays.com\/fr\/wp-json\/wp\/v2\/posts"}],"about":[{"href":"https:\/\/www.europesays.com\/fr\/wp-json\/wp\/v2\/types\/post"}],"author":[{"embeddable":true,"href":"https:\/\/www.europesays.com\/fr\/wp-json\/wp\/v2\/users\/2"}],"replies":[{"embeddable":true,"href":"https:\/\/www.europesays.com\/fr\/wp-json\/wp\/v2\/comments?post=399447"}],"version-history":[{"count":0,"href":"https:\/\/www.europesays.com\/fr\/wp-json\/wp\/v2\/posts\/399447\/revisions"}],"wp:featuredmedia":[{"embeddable":true,"href":"https:\/\/www.europesays.com\/fr\/wp-json\/wp\/v2\/media\/399448"}],"wp:attachment":[{"href":"https:\/\/www.europesays.com\/fr\/wp-json\/wp\/v2\/media?parent=399447"}],"wp:term":[{"taxonomy":"category","embeddable":true,"href":"https:\/\/www.europesays.com\/fr\/wp-json\/wp\/v2\/categories?post=399447"},{"taxonomy":"post_tag","embeddable":true,"href":"https:\/\/www.europesays.com\/fr\/wp-json\/wp\/v2\/tags?post=399447"}],"curies":[{"name":"wp","href":"https:\/\/api.w.org\/{rel}","templated":true}]}}