{"id":399449,"date":"2025-09-18T07:57:15","date_gmt":"2025-09-18T07:57:15","guid":{"rendered":"https:\/\/www.europesays.com\/fr\/399449\/"},"modified":"2025-09-18T07:57:15","modified_gmt":"2025-09-18T07:57:15","slug":"deux-engins-blindes-centaure-de-la-gendarmerie-deployes-pour-la-premiere-fois","status":"publish","type":"post","link":"https:\/\/www.europesays.com\/fr\/399449\/","title":{"rendered":"deux engins blind\u00e9s \u00ab\u00a0Centaure\u00a0\u00bb de la gendarmerie d\u00e9ploy\u00e9s pour la premi\u00e8re fois"},"content":{"rendered":"<p>            Par<br \/>\n        <strong><br \/>\n            <a href=\"https:\/\/actu.fr\/auteur\/jm-aubert\" title=\"Consulter tous les articles de Jean-Marc Aubert\" rel=\"nofollow noopener\" target=\"_blank\">Jean-Marc Aubert<\/a><br \/>\n        <\/strong><\/p>\n<p>        Publi\u00e9 le<\/p>\n<p>            18 sept. 2025 \u00e0 7h51        <\/p>\n<p>Le canon \u00e0 eau des CRS utilis\u00e9 le 10 septembre dernier dans les rues de Montpellier, lors de la manifestation <strong>\u00ab\u00a0Bloquons tout\u00a0\u00bb<\/strong> ne sera pas au rendez-vous ce jeudi 18 septembre 2025. En effet, pour la premi\u00e8re fois, ce sont deux <strong>blind\u00e9s \u00ab\u00a0Centaure\u00a0\u00bb<\/strong> de la gendarmerie mobile \u00a0qui seront d\u00e9ploy\u00e9s.<\/p>\n<p class=\" wall-content\">Au niveau national, 24 de ces v\u00e9hicules imposants nouvelle g\u00e9n\u00e9ration seront mis en oeuvre sur l\u2019ensemble du territoire, un\u00a0dispositif jamais-vu depuis la col\u00e8re des Gilets jaunes en 2019. Ces blind\u00e9s sont\u00a0utilis\u00e9s\u00a0pour \u00e9viter des\u00a0d\u00e9bordements, puisque selon des renseignent des services de police, des black blocs des raient s\u2019inviter dans des cort\u00e8ges en France pour casser du mobilier, des commerces et caillass\u00e9s les forces de l\u2019ordre.<\/p>\n<p class=\" wall-content\">Le programme \u00ab\u00a0Centaure\u00a0\u00bb, dont le d\u00e9ploiement a \u00e9t\u00e9 lanc\u00e9 en 2022 avec la r\u00e9partition de 90 v\u00e9hicules blind\u00e9s entre plusieurs unit\u00e9s militaires -escadrons de gendarmerie mobile, antennes\u00a0GIGN,\u00a0Centre national d\u2019entra\u00eenement des forces de gendarmerie- afin d\u2019assurer un moyen op\u00e9rationnel de protection des Fran\u00e7ais, des gendarmes et du territoire national.<\/p>\n<p class=\" wall-content\">Affichant des dimensions de poids lourds de classe trois avec 3,82\u00a0m de haut, 7,5\u00a0m de long et 2,94\u00a0m de large, une garde au sol \u00e9lev\u00e9e et plus de 300 chevaux sous le capot, le \u00ab\u00a0Centaure\u00a0\u00bb est un v\u00e9hicule d\u2019intervention polyvalent, un 4\u00d74 de 14,5\u00a0tonnes, pouvant transporter dix personnels -trois op\u00e9rateurs et sept passagers- pour appuyer les unit\u00e9s de gendarmerie d\u00e9partementale, mobile ou sp\u00e9cialis\u00e9e lors de leurs interventions, notamment gr\u00e2ce \u00e0 sa protection blind\u00e9e.<\/p>\n<p>Vid\u00e9os : en ce moment sur Actu<\/p>\n<p class=\" wall-content\">Le \u00ab\u00a0Centaure\u00a0\u00bb permet \u00e9galement aux gendarmes de soutenir la population lors de catastrophes naturelles en allant au plus proche du sinistre, gr\u00e2ce \u00e0 ses quatre roues motrices, ses capacit\u00e9s de franchissement, de pouss\u00e9e et de traction : 12 tonnes masse immobilis\u00e9e, soit le poids d\u2019un bus \u00e0 vide, et 31 tonnes sur roue.<\/p>\n<p class=\" wall-content\">Dans des graves troubles \u00e0 l\u2019ordre public, lors des manifestations qui\u00a0d\u00e9g\u00e9n\u00e8rent\u00a0en affrontement, le \u00ab\u00a0Centaure\u00a0\u00bb peut\u00a0<strong>tirer des grenades lacrymog\u00e8nes,<\/strong> afin de maintenir \u00e0 distance ou faire se disperser des individus violents. En cas d\u2019attaque terroriste, \u00a0cet engin blind\u00e9 est\u00a0dot\u00e9\u00a0d\u2019une\u00a0puissante\u00a0mitrailleuse. \u00a0Deux engins massifs futuristes qui ne vont pas passer inaper\u00e7us ce jeudi dans les rues de Montpellier.<\/p>\n<p class=\" wall-content\">Personnalisez votre actualit\u00e9 en ajoutant vos villes et m\u00e9dias en favori avec <a href=\"https:\/\/moncompte.actu.fr\" title=\"D\u00e9couvez Mon Actu\" rel=\"nofollow noopener\" data-trk=\"{&quot;cta&quot;:{&quot;action&quot;:&quot;https:\\\/\\\/moncompte.actu.fr&quot;,&quot;category&quot;:&quot;mon compte&quot;,&quot;from&quot;:&quot;article footer&quot;,&quot;name&quot;:&quot;Mon actu&quot;,&quot;type&quot;:&quot;cta&quot;}}\" target=\"_blank\">Mon Actu<\/a>.<\/p>\n","protected":false},"excerpt":{"rendered":"Par Jean-Marc Aubert Publi\u00e9 le 18 sept. 2025 \u00e0 7h51 Le canon \u00e0 eau des CRS utilis\u00e9 le&hellip;\n","protected":false},"author":2,"featured_media":399450,"comment_status":"","ping_status":"","sticky":false,"template":"","format":"standard","meta":{"footnotes":""},"categories":[9599],"tags":[1111,11,1777,674,1011,27,3381,2208,12,2680,25,104],"class_list":{"0":"post-399449","1":"post","2":"type-post","3":"status-publish","4":"format-standard","5":"has-post-thumbnail","7":"category-montpellier","8":"tag-actu","9":"tag-actualites","10":"tag-eu","11":"tag-europe","12":"tag-fr","13":"tag-france","14":"tag-gendarmerie","15":"tag-montpellier","16":"tag-news","17":"tag-occitanie","18":"tag-republique-francaise","19":"tag-societe"},"share_on_mastodon":{"url":"https:\/\/pubeurope.com\/@fr\/115224238111553954","error":""},"_links":{"self":[{"href":"https:\/\/www.europesays.com\/fr\/wp-json\/wp\/v2\/posts\/399449","targetHints":{"allow":["GET"]}}],"collection":[{"href":"https:\/\/www.europesays.com\/fr\/wp-json\/wp\/v2\/posts"}],"about":[{"href":"https:\/\/www.europesays.com\/fr\/wp-json\/wp\/v2\/types\/post"}],"author":[{"embeddable":true,"href":"https:\/\/www.europesays.com\/fr\/wp-json\/wp\/v2\/users\/2"}],"replies":[{"embeddable":true,"href":"https:\/\/www.europesays.com\/fr\/wp-json\/wp\/v2\/comments?post=399449"}],"version-history":[{"count":0,"href":"https:\/\/www.europesays.com\/fr\/wp-json\/wp\/v2\/posts\/399449\/revisions"}],"wp:featuredmedia":[{"embeddable":true,"href":"https:\/\/www.europesays.com\/fr\/wp-json\/wp\/v2\/media\/399450"}],"wp:attachment":[{"href":"https:\/\/www.europesays.com\/fr\/wp-json\/wp\/v2\/media?parent=399449"}],"wp:term":[{"taxonomy":"category","embeddable":true,"href":"https:\/\/www.europesays.com\/fr\/wp-json\/wp\/v2\/categories?post=399449"},{"taxonomy":"post_tag","embeddable":true,"href":"https:\/\/www.europesays.com\/fr\/wp-json\/wp\/v2\/tags?post=399449"}],"curies":[{"name":"wp","href":"https:\/\/api.w.org\/{rel}","templated":true}]}}