{"id":399459,"date":"2025-09-18T08:04:12","date_gmt":"2025-09-18T08:04:12","guid":{"rendered":"https:\/\/www.europesays.com\/fr\/399459\/"},"modified":"2025-09-18T08:04:12","modified_gmt":"2025-09-18T08:04:12","slug":"direct-greve-du-18-septembre-80-000-policiers-et-gendarmes-mobilises-en-france-de-premiers-blocages-a-rennes","status":"publish","type":"post","link":"https:\/\/www.europesays.com\/fr\/399459\/","title":{"rendered":"DIRECT &#8211; Gr\u00e8ve du 18 septembre : 80 000 policiers et gendarmes mobilis\u00e9s en France, de premiers blocages \u00e0 Rennes"},"content":{"rendered":"<p>Entre 5 000 et 8 000 \u00ab\u00a0individus dangereux\u00a0\u00bb \u00ab\u00a0venus mettre le d\u00e9sordre\u00a0\u00bb sont attendus, selon le ministre de l&rsquo;Int\u00e9rieur<\/p>\n<p>Entre 5 000 et 8 000 \u00ab\u00a0individus dangereux\u00a0\u00bb \u00ab\u00a0venus mettre le d\u00e9sordre\u00a0\u00bb sont attendus lors de cette journ\u00e9e de mobilisation \u00e0 travers la France, o\u00f9 jusqu&rsquo;\u00e0 900 000 personnes pourraient descendre dans la rue, une premi\u00e8re depuis le mouvement contre les retraites de 2023, qui avait r\u00e9guli\u00e8rement r\u00e9uni un million de manifestants. \u00ab\u00a0La consigne est tr\u00e8s tr\u00e8s claire : d\u00e8s qu&rsquo;il y a le moindre d\u00e9rapage, il faut que les forces de l&rsquo;ordre aillent au contact pour interpeller, pour remettre les individus \u00e0 la justice. Nous serons intraitables\u00a0\u00bb, a insist\u00e9 le ministre de l&rsquo;Int\u00e9rieur. <\/p>\n<p>Environ 80 000 policiers et gendarmes sont mobilis\u00e9s sur l&rsquo;ensemble du territoire, appuy\u00e9s par 26 Centaures (dont huit \u00e0 Paris), les v\u00e9hicules blind\u00e9s de la gendarmerie, et dix engins lanceurs d&rsquo;eau (deux \u00e0 Paris). Les points d&rsquo;attention pour les forces de l&rsquo;ordre restent, comme lors du mouvement \u00ab\u00a0Bloquons Tout\u00a0\u00bb du 10 septembre, les villes de Rennes, Nantes, Toulouse, Dijon, Lyon, Montpellier ou encore Bordeaux.<\/p>\n","protected":false},"excerpt":{"rendered":"Entre 5 000 et 8 000 \u00ab\u00a0individus dangereux\u00a0\u00bb \u00ab\u00a0venus mettre le d\u00e9sordre\u00a0\u00bb sont attendus, selon le ministre de&hellip;\n","protected":false},"author":2,"featured_media":399460,"comment_status":"","ping_status":"","sticky":false,"template":"","format":"standard","meta":{"footnotes":""},"categories":[2821],"tags":[1111,11,829,2171,765,1777,674,3321,1011,27,848,3729,11639,12,584,25,18089],"class_list":{"0":"post-399459","1":"post","2":"type-post","3":"status-publish","4":"format-standard","5":"has-post-thumbnail","7":"category-rennes","8":"tag-actu","9":"tag-actualites","10":"tag-bretagne","11":"tag-cotes-darmor","12":"tag-en-continu","13":"tag-eu","14":"tag-europe","15":"tag-finistere","16":"tag-fr","17":"tag-france","18":"tag-ille-et-vilaine","19":"tag-morbihan","20":"tag-mouvement-social","21":"tag-news","22":"tag-rennes","23":"tag-republique-francaise","24":"tag-selection-showcase"},"share_on_mastodon":{"url":"","error":""},"_links":{"self":[{"href":"https:\/\/www.europesays.com\/fr\/wp-json\/wp\/v2\/posts\/399459","targetHints":{"allow":["GET"]}}],"collection":[{"href":"https:\/\/www.europesays.com\/fr\/wp-json\/wp\/v2\/posts"}],"about":[{"href":"https:\/\/www.europesays.com\/fr\/wp-json\/wp\/v2\/types\/post"}],"author":[{"embeddable":true,"href":"https:\/\/www.europesays.com\/fr\/wp-json\/wp\/v2\/users\/2"}],"replies":[{"embeddable":true,"href":"https:\/\/www.europesays.com\/fr\/wp-json\/wp\/v2\/comments?post=399459"}],"version-history":[{"count":0,"href":"https:\/\/www.europesays.com\/fr\/wp-json\/wp\/v2\/posts\/399459\/revisions"}],"wp:featuredmedia":[{"embeddable":true,"href":"https:\/\/www.europesays.com\/fr\/wp-json\/wp\/v2\/media\/399460"}],"wp:attachment":[{"href":"https:\/\/www.europesays.com\/fr\/wp-json\/wp\/v2\/media?parent=399459"}],"wp:term":[{"taxonomy":"category","embeddable":true,"href":"https:\/\/www.europesays.com\/fr\/wp-json\/wp\/v2\/categories?post=399459"},{"taxonomy":"post_tag","embeddable":true,"href":"https:\/\/www.europesays.com\/fr\/wp-json\/wp\/v2\/tags?post=399459"}],"curies":[{"name":"wp","href":"https:\/\/api.w.org\/{rel}","templated":true}]}}