{"id":399463,"date":"2025-09-18T08:06:14","date_gmt":"2025-09-18T08:06:14","guid":{"rendered":"https:\/\/www.europesays.com\/fr\/399463\/"},"modified":"2025-09-18T08:06:14","modified_gmt":"2025-09-18T08:06:14","slug":"strasbourg-ecole-elementaire-saint-jean-et-maternelle-du-hohberg-les-enseignants-fortement-mobilises","status":"publish","type":"post","link":"https:\/\/www.europesays.com\/fr\/399463\/","title":{"rendered":"Strasbourg. \u00c9cole \u00e9lementaire Saint-Jean et maternelle du Hohberg : les enseignants fortement mobilis\u00e9s"},"content":{"rendered":"<p>\u00c0 l\u2019\u00e9cole \u00e9l\u00e9mentaire Saint-Jean, rue des Bonnes-Gens \u00e0 Strasbourg, les enseignants se sont fortement mobilis\u00e9s ce jeudi 18 septembre et ont d\u00e9ploy\u00e9 une banderole devant l\u2019\u00e9cole.<\/p>\n<p>Sur dix-huit classes, seules trois sont ouvertes ce jeudi. La communaut\u00e9 \u00e9ducative d\u00e9nonce notamment le manque d\u2019AESH \u2013 cinq actuellement, pour des besoins estim\u00e9s \u00e0 au moins neuf \u2013 et accueille \u00e0 nouveau en cette rentr\u00e9e trois enfants qui dorment \u00e0 la rue.<\/p>\n<p><a href=\"https:\/\/www.dna.fr\/education\/2025\/09\/01\/plus-de-23-000-eleves-ont-fait-leur-rentree-scolaire-dans-les-116-etablissements-de-la-ville\" target=\"_blank\" rel=\"nofollow noopener\">D\u2019autres \u00e9coles strasbourgeoises<\/a>\u00a0sont \u00e9galement concern\u00e9es, notamment <a href=\"https:\/\/www.dna.fr\/economie\/2025\/01\/14\/c-etait-une-passoire-thermique-le-groupe-scolaire-du-hohberg-enfin-renove\" target=\"_blank\" rel=\"nofollow noopener\">l\u2019\u00e9cole maternelle du Hohberg<\/a> qui se mobilise pour r\u00e9clamer des renforts pour ses 200 \u00e9l\u00e8ves.<\/p>\n","protected":false},"excerpt":{"rendered":"\u00c0 l\u2019\u00e9cole \u00e9l\u00e9mentaire Saint-Jean, rue des Bonnes-Gens \u00e0 Strasbourg, les enseignants se sont fortement mobilis\u00e9s ce jeudi 18&hellip;\n","protected":false},"author":2,"featured_media":399464,"comment_status":"","ping_status":"","sticky":false,"template":"","format":"standard","meta":{"footnotes":""},"categories":[2820],"tags":[1111,11,2880,1057,1777,674,107,1011,27,775,12,25,801,640],"class_list":{"0":"post-399463","1":"post","2":"type-post","3":"status-publish","4":"format-standard","5":"has-post-thumbnail","7":"category-strasbourg","8":"tag-actu","9":"tag-actualites","10":"tag-edition-strasbourg","11":"tag-education","12":"tag-eu","13":"tag-europe","14":"tag-fil-info","15":"tag-fr","16":"tag-france","17":"tag-grand-est","18":"tag-news","19":"tag-republique-francaise","20":"tag-social","21":"tag-strasbourg"},"share_on_mastodon":{"url":"https:\/\/pubeurope.com\/@fr\/115224273446856518","error":""},"_links":{"self":[{"href":"https:\/\/www.europesays.com\/fr\/wp-json\/wp\/v2\/posts\/399463","targetHints":{"allow":["GET"]}}],"collection":[{"href":"https:\/\/www.europesays.com\/fr\/wp-json\/wp\/v2\/posts"}],"about":[{"href":"https:\/\/www.europesays.com\/fr\/wp-json\/wp\/v2\/types\/post"}],"author":[{"embeddable":true,"href":"https:\/\/www.europesays.com\/fr\/wp-json\/wp\/v2\/users\/2"}],"replies":[{"embeddable":true,"href":"https:\/\/www.europesays.com\/fr\/wp-json\/wp\/v2\/comments?post=399463"}],"version-history":[{"count":0,"href":"https:\/\/www.europesays.com\/fr\/wp-json\/wp\/v2\/posts\/399463\/revisions"}],"wp:featuredmedia":[{"embeddable":true,"href":"https:\/\/www.europesays.com\/fr\/wp-json\/wp\/v2\/media\/399464"}],"wp:attachment":[{"href":"https:\/\/www.europesays.com\/fr\/wp-json\/wp\/v2\/media?parent=399463"}],"wp:term":[{"taxonomy":"category","embeddable":true,"href":"https:\/\/www.europesays.com\/fr\/wp-json\/wp\/v2\/categories?post=399463"},{"taxonomy":"post_tag","embeddable":true,"href":"https:\/\/www.europesays.com\/fr\/wp-json\/wp\/v2\/tags?post=399463"}],"curies":[{"name":"wp","href":"https:\/\/api.w.org\/{rel}","templated":true}]}}