{"id":399465,"date":"2025-09-18T08:07:16","date_gmt":"2025-09-18T08:07:16","guid":{"rendered":"https:\/\/www.europesays.com\/fr\/399465\/"},"modified":"2025-09-18T08:07:16","modified_gmt":"2025-09-18T08:07:16","slug":"le-mur-est-trop-haut-d1m10-le-chantier-dhabitation-pour-les-gens-du-voyage-sedentarises-prend-du-retard-a-cagnes-sur-mer","status":"publish","type":"post","link":"https:\/\/www.europesays.com\/fr\/399465\/","title":{"rendered":"Le mur est trop haut d&rsquo;1m10, le chantier d&rsquo;habitation pour les gens du voyage s\u00e9dentaris\u00e9s prend du retard \u00e0 Cagnes-sur-Mer"},"content":{"rendered":"<p>Un mur trop haut&#8230; et voil\u00e0 les travaux qui prennent six mois de retard!<\/p>\n<p>Les 46 familles des gens du voyage qui r\u00e9sidaient jusqu\u2019en 2019, sur les terrains de l\u2019ancien camping Cara\u00efbes, chemin des Salles, \u00e0 Cagnes-sur-Mer ne pourront int\u00e9grer le lieu que dans un an. \u00ab\u00a0En gros, le chantier a six mois de retard d\u00fb \u00e0 la conformit\u00e9 du mur\u00a0\u00bb, soupire G\u00e9raldine Dumas, directrice r\u00e9gionale chez Erilia. C\u2019est ce bailleur social qui construit 46 unit\u00e9s d\u2019habitation sur le terrain en cours de r\u00e9am\u00e9nagement. Terrain que la communaut\u00e9 avait d\u00fb quitter en catastrophe il y a six ans, \u00e0 cause des intemp\u00e9ries. Chaque unit\u00e9 disposera d\u2019un emplacement pour une caravane, ainsi que deux autres pour des voitures.<\/p>\n<p>Un mur trop haut de 1,10m\u00e8tre<\/p>\n<p>Louis N\u00e8gre confirme: \u00ab\u00a0Le permis n\u2019a pas \u00e9t\u00e9 respect\u00e9, mes services ont dress\u00e9 un PV, il a \u00e9t\u00e9 transmis au parquet. Et Erilia nous a \u00e9crit pour nous dire que l\u2019erreur serait rectifi\u00e9e\u00a0\u00bb. Une erreur d\u20181,10m\u00e8tres sur le mur le long de la route. \u00ab\u00a0Une partie du mur va \u00eatre aras\u00e9e, une partie d\u00e9molie, c\u2019est une erreur de chantier, on assume, on va le remettre en conformit\u00e9. Et on assumera aussi financi\u00e8rement\u00a0\u00bb, ajoute G\u00e9raldine Dumas. \u00ab\u00a0Ensuite le mur sera habill\u00e9\u00a0\u00bb, pr\u00e9cise-t-elle. \u00ab\u00a0Ah oui, parce que l\u00e0, il ne manquait plus que des barbel\u00e9s et des miradors, c\u2019est monstrueux\u00a0\u00bb, peste un voisin.<\/p>\n<p>Des recours<\/p>\n<p>Depuis le d\u00e9but, la vie de ce chantier n\u2019est pas un long fleuve tranquille. En d\u00e9cembre 2023, le tribunal administratif a rejet\u00e9 un recours contentieux form\u00e9 par l\u2019association France nature environnement 06. Il visait le permis d\u2019am\u00e9nager le terrain des Cara\u00efbes, parcelle communale jusqu\u2019en 2022, alors c\u00e9d\u00e9 au bailleur social pour un euro symbolique. En juillet dernier, c\u2019est l\u2019\u00e9lu d\u2019opposition Philippe Touzeau-Menoni qui s\u2019est tourn\u00e9 vers la justice administrative. Pointant des \u00ab\u00a0irr\u00e9gularit\u00e9s\u00a0\u00bb et \u00ab\u00a0une erreur d\u2019appr\u00e9ciation manifeste du maire\u00a0\u00bb, il esp\u00e9rait faire stopper imm\u00e9diatement le chantier.<\/p>\n<p>En mars, l\u2019\u00e9lu qui n\u2019a eu de cesse de d\u00e9noncer la cession du terrain \u00e0 Erilia &#8211; cadeau de la mairie aux gens du voyage selon lui &#8211; a \u00e9t\u00e9 pris \u00e0 partie \u00e0 la terrasse d\u2019un caf\u00e9 par deux individus qui l\u2019auraient entra\u00een\u00e9 \u00e0 l\u2019\u00e9cart, en dehors du champ de vision des cam\u00e9ras, essuyant un coup de poing et des menaces. Philippe Touzeau-Menoni le jure: il s\u2019agissait de deux figures de la communaut\u00e9: R\u00e9gis, dit \u00ab\u00a0Moustique\u00a0\u00bb, pasteur du campement des Cara\u00efbes et Franck Aspinas, qui si\u00e8ge \u00e0 la commission d\u00e9partementale des gens du voyage.<\/p>\n<p>Le ton monte<\/p>\n<p>Au milieu des riverains et des gens du voyage, Philippe Touzeau-Menoni a, lui aussi, des questions \u00e0 poser. Et le ton monte&#8230; \u00ab\u00a0S\u2019il y avait moins de harc\u00e8lement raciste, \u00e7a fait longtemps que le chantier serait fini\u00a0\u00bb, lance un membre de la communaut\u00e9 s\u00e9dentaris\u00e9e yeux noirs vers l\u2019\u00e9lu. \u00ab\u00a0La derni\u00e8re fois que je vous ai vu, vous utilisiez les poings\u00a0\u00bb, r\u00e9torque Touzeau-Menoni.<\/p>\n<p>Louis N\u00e8gre souffle. Et siffle la fin de partie. \u00ab\u00a0D\u00e8s lors qu\u2019une communaut\u00e9 est un peu diff\u00e9rente, une partie de la population r\u00e9agit. Et l\u00e0 vous rejetez des gens qui \u00e9taient l\u00e0 avant vous. (&#8230;)Vous \u00eates l\u00e0 et vous jetez de l\u2019huile sur le feu. Ce n\u2019est pas votre loi qui doit s\u2019imposer\u00a0\u00bb, soupire le maire de Cagnes en direction de son opposant. \u00ab\u00a0La v\u00f4tre non plus\u00a0\u00bb, r\u00e9pond l\u2019opposant.<\/p>\n","protected":false},"excerpt":{"rendered":"Un mur trop haut&#8230; et voil\u00e0 les travaux qui prennent six mois de retard! Les 46 familles des&hellip;\n","protected":false},"author":2,"featured_media":399466,"comment_status":"","ping_status":"","sticky":false,"template":"","format":"standard","meta":{"footnotes":""},"categories":[2819],"tags":[1111,11,1777,674,1011,27,12,2401,882,25,3366],"class_list":{"0":"post-399465","1":"post","2":"type-post","3":"status-publish","4":"format-standard","5":"has-post-thumbnail","7":"category-nice","8":"tag-actu","9":"tag-actualites","10":"tag-eu","11":"tag-europe","12":"tag-fr","13":"tag-france","14":"tag-news","15":"tag-nice","16":"tag-provence-alpes-cote-dazur","17":"tag-republique-francaise","18":"tag-vie-locale"},"share_on_mastodon":{"url":"https:\/\/pubeurope.com\/@fr\/115224277334620406","error":""},"_links":{"self":[{"href":"https:\/\/www.europesays.com\/fr\/wp-json\/wp\/v2\/posts\/399465","targetHints":{"allow":["GET"]}}],"collection":[{"href":"https:\/\/www.europesays.com\/fr\/wp-json\/wp\/v2\/posts"}],"about":[{"href":"https:\/\/www.europesays.com\/fr\/wp-json\/wp\/v2\/types\/post"}],"author":[{"embeddable":true,"href":"https:\/\/www.europesays.com\/fr\/wp-json\/wp\/v2\/users\/2"}],"replies":[{"embeddable":true,"href":"https:\/\/www.europesays.com\/fr\/wp-json\/wp\/v2\/comments?post=399465"}],"version-history":[{"count":0,"href":"https:\/\/www.europesays.com\/fr\/wp-json\/wp\/v2\/posts\/399465\/revisions"}],"wp:featuredmedia":[{"embeddable":true,"href":"https:\/\/www.europesays.com\/fr\/wp-json\/wp\/v2\/media\/399466"}],"wp:attachment":[{"href":"https:\/\/www.europesays.com\/fr\/wp-json\/wp\/v2\/media?parent=399465"}],"wp:term":[{"taxonomy":"category","embeddable":true,"href":"https:\/\/www.europesays.com\/fr\/wp-json\/wp\/v2\/categories?post=399465"},{"taxonomy":"post_tag","embeddable":true,"href":"https:\/\/www.europesays.com\/fr\/wp-json\/wp\/v2\/tags?post=399465"}],"curies":[{"name":"wp","href":"https:\/\/api.w.org\/{rel}","templated":true}]}}