{"id":399471,"date":"2025-09-18T08:11:11","date_gmt":"2025-09-18T08:11:11","guid":{"rendered":"https:\/\/www.europesays.com\/fr\/399471\/"},"modified":"2025-09-18T08:11:11","modified_gmt":"2025-09-18T08:11:11","slug":"direct-greve-du-18-septembre-a-nantes-des-tentatives-de-blocages-en-attendant-la-manifestation","status":"publish","type":"post","link":"https:\/\/www.europesays.com\/fr\/399471\/","title":{"rendered":"Direct. Gr\u00e8ve du 18 septembre. \u00c0 Nantes, des tentatives de blocages en attendant la manifestation"},"content":{"rendered":"<p>            Par<br \/>\n        <strong><br \/>\n            <a href=\"https:\/\/actu.fr\/auteur\/clemence-pays02-actu-fr\" title=\"Consulter tous les articles de Cl\u00e9mence Pays\" target=\"_blank\" rel=\"noopener\">Cl\u00e9mence Pays<\/a><br \/>\n        <\/strong><\/p>\n<p>        Publi\u00e9 le<\/p>\n<p>            18 sept. 2025 \u00e0 9h48        <\/p>\n<p><a href=\"https:\/\/actu.fr\/societe\/greve-du-18-septembre-80-000-policiers-et-gendarmes-24-blindes-centaures-un-dispositif-exceptionnel-deploye_63171655.html\" target=\"_blank\" rel=\"noopener\">80\u2009000 policiers et gendarmes, des blind\u00e9s Centaure et des drones seront d\u00e9ploy\u00e9s<\/a> un peu partout en France, <strong>jeudi 18\u00a0septembre 2025,<\/strong> alors que <a href=\"https:\/\/actu.fr\/societe\/greve-du-18-septembre-la-carte-des-centaines-de-blocages-et-manifestations-prevus-pres-de-chez-vous-ce-jeudi_63167067.html\" target=\"_blank\" rel=\"noopener\">des centaines de blocages et de manifestations sont annonc\u00e9s<\/a>. \u00c0 Nantes, <a href=\"https:\/\/actu.fr\/pays-de-la-loire\/nantes_44109\/greve-du-18-septembre-manifestation-transports-ecoles-ce-qui-est-prevu-a-nantes_63172202.html\" target=\"_blank\" rel=\"noopener\">le mouvement de <strong>gr\u00e8ve<\/strong> s\u2019annonce suivi<\/a>, avec une manifestation pr\u00e9vue \u00e0 partir de 10h30, au miroir d\u2019eau.<\/p>\n<p class=\" wall-content\">Au c\u0153ur des revendications, la CGT de Loire-Atlantique cite par exemple,<strong> le financement des services publics, l\u2019abrogation de la r\u00e9forme des retraites<\/strong> ou encore <strong>l\u2019augmentation des salaires,<\/strong> des pensions et des minima sociaux.<\/p>\n<p class=\" wall-content\">La r\u00e9daction d\u2019<a href=\"https:\/\/actu.fr\/nantes\/\" target=\"_blank\" rel=\"noopener\">actu Nantes<\/a> se mobilise pour vous faire vivre cette journ\u00e9e de gr\u00e8ve en direct, en alimentant r\u00e9guli\u00e8rement cet article. N\u2019h\u00e9sitez pas \u00e0 le consulter \u00e0 plusieurs reprises ou \u00e0 rafra\u00eechir la page.<\/p>\n<p>10h \u2013 Les transports perturb\u00e9s<\/p>\n<p class=\" wall-content\">Pour rappel, les organisations syndicales de <strong>la Semitan appellent \u00e0 la gr\u00e8ve,<\/strong> plusieurs lignes de bus et de tramway voient leurs<strong> horaires modifi\u00e9s.<\/strong><\/p>\n<p class=\" wall-content\">D\u2019autre part, en raison de la manifestation annonc\u00e9e \u00e0 10h30 dans le centre-ville de Nantes, <a href=\"https:\/\/actu.fr\/pays-de-la-loire\/nantes_44109\/greve-du-18-septembre-a-nantes-les-bus-et-les-trams-circuleront-difficilement_63169856.html\" target=\"_blank\" rel=\"noopener\">les lignes de tramway et des Chronobus seront coup\u00e9es<\/a>.<\/p>\n<p class=\" wall-content\">\n<p>09h55 \u2013 Des tentatives de blocages<\/p>\n<p class=\" wall-content\">Ce matin, des<strong> tentatives de blocus<\/strong> ont lieu devant plusieurs \u00e9tablissements scolaires, notamment au lyc\u00e9e des Bourdonni\u00e8res.<\/p>\n<p class=\" wall-content\"><a href=\"https:\/\/actu.fr\/pays-de-la-loire\/nantes_44109\/greve-du-18-septembre-a-nantes-les-cours-suspendus-sur-un-campus-de-l-universite_63177644.html\" target=\"_blank\" rel=\"noopener\">Nantes Universit\u00e9 a annonc\u00e9 la suspension des cours de ce jour sur le campus Tertre<\/a>.<\/p>\n<p>09h45 \u2013 D\u00e9but du direct<\/p>\n<p class=\" wall-content\">Bonjour \u00e0 toutes et tous, nous ouvrons ce direct d\u00e9di\u00e9 \u00e0 la gr\u00e8ve du jeudi 18\u00a0septembre 2025 \u00e0 Nantes.<\/p>\n<p class=\" wall-content\">Personnalisez votre actualit\u00e9 en ajoutant vos villes et m\u00e9dias en favori avec <a href=\"https:\/\/moncompte.actu.fr\" title=\"D\u00e9couvez Mon Actu\" rel=\"nofollow noopener\" data-trk=\"{&quot;cta&quot;:{&quot;action&quot;:&quot;https:\\\/\\\/moncompte.actu.fr&quot;,&quot;category&quot;:&quot;mon compte&quot;,&quot;from&quot;:&quot;article footer&quot;,&quot;name&quot;:&quot;Mon actu&quot;,&quot;type&quot;:&quot;cta&quot;}}\" target=\"_blank\">Mon Actu<\/a>.<\/p>\n","protected":false},"excerpt":{"rendered":"Par Cl\u00e9mence Pays Publi\u00e9 le 18 sept. 2025 \u00e0 9h48 80\u2009000 policiers et gendarmes, des blind\u00e9s Centaure et&hellip;\n","protected":false},"author":2,"featured_media":399472,"comment_status":"","ping_status":"","sticky":false,"template":"","format":"standard","meta":{"footnotes":""},"categories":[2818],"tags":[1111,11,1777,674,1011,27,52713,1272,766,12,2636,25,104,3427],"class_list":{"0":"post-399471","1":"post","2":"type-post","3":"status-publish","4":"format-standard","5":"has-post-thumbnail","7":"category-nantes","8":"tag-actu","9":"tag-actualites","10":"tag-eu","11":"tag-europe","12":"tag-fr","13":"tag-france","14":"tag-greve-du-18-septembre","15":"tag-manifestations","16":"tag-nantes","17":"tag-news","18":"tag-pays-de-la-loire","19":"tag-republique-francaise","20":"tag-societe","21":"tag-syndicats"},"share_on_mastodon":{"url":"https:\/\/pubeurope.com\/@fr\/115224293219017254","error":""},"_links":{"self":[{"href":"https:\/\/www.europesays.com\/fr\/wp-json\/wp\/v2\/posts\/399471","targetHints":{"allow":["GET"]}}],"collection":[{"href":"https:\/\/www.europesays.com\/fr\/wp-json\/wp\/v2\/posts"}],"about":[{"href":"https:\/\/www.europesays.com\/fr\/wp-json\/wp\/v2\/types\/post"}],"author":[{"embeddable":true,"href":"https:\/\/www.europesays.com\/fr\/wp-json\/wp\/v2\/users\/2"}],"replies":[{"embeddable":true,"href":"https:\/\/www.europesays.com\/fr\/wp-json\/wp\/v2\/comments?post=399471"}],"version-history":[{"count":0,"href":"https:\/\/www.europesays.com\/fr\/wp-json\/wp\/v2\/posts\/399471\/revisions"}],"wp:featuredmedia":[{"embeddable":true,"href":"https:\/\/www.europesays.com\/fr\/wp-json\/wp\/v2\/media\/399472"}],"wp:attachment":[{"href":"https:\/\/www.europesays.com\/fr\/wp-json\/wp\/v2\/media?parent=399471"}],"wp:term":[{"taxonomy":"category","embeddable":true,"href":"https:\/\/www.europesays.com\/fr\/wp-json\/wp\/v2\/categories?post=399471"},{"taxonomy":"post_tag","embeddable":true,"href":"https:\/\/www.europesays.com\/fr\/wp-json\/wp\/v2\/tags?post=399471"}],"curies":[{"name":"wp","href":"https:\/\/api.w.org\/{rel}","templated":true}]}}