{"id":399487,"date":"2025-09-18T08:19:11","date_gmt":"2025-09-18T08:19:11","guid":{"rendered":"https:\/\/www.europesays.com\/fr\/399487\/"},"modified":"2025-09-18T08:19:11","modified_gmt":"2025-09-18T08:19:11","slug":"greves-blocages-manifestations-suivez-le-jeudi-noir-en-provence-et-en-france","status":"publish","type":"post","link":"https:\/\/www.europesays.com\/fr\/399487\/","title":{"rendered":"gr\u00e8ves, blocages, manifestations&#8230; suivez le \u00ab\u00a0jeudi noir\u00a0\u00bb en Provence et en France"},"content":{"rendered":"<p>Horaires, parcours des manifestants, perturbations&#8230; \u00e0 quoi s&rsquo;attendre aux quatre coins de la Provence ?<\/p>\n<p>Huit jours apr\u00e8s le mouvement \u00ab\u00a0Bloquons tout\u00a0\u00bb du 10 septembre, plus de 250 cort\u00e8ges sont d\u00e9j\u00e0 annonc\u00e9s en France et 800 000 manifestants attendus par les autorit\u00e9s. \u00c0 quoi s&rsquo;attendre en Provence ?<\/p>\n<p><strong>\u00c0 Avignon\u00a0<\/strong><\/p>\n<p>Selon les syndicats locaux, le cort\u00e8ge qui doit partir \u00e0 10h30 du cours Jean-Jaur\u00e8s, devrait rassembler plus de manifestants que lors du mouvement du 10 septembre. Il doit ensuite remonter la rue de la R\u00e9publique pour prendre le chemin du Palais des papes o\u00f9 doit se tenir l&rsquo;assembl\u00e9e g\u00e9n\u00e9rale. Retrouvez <a href=\"https:\/\/www.laprovence.com\/article\/societe\/1705431330581214\/parcours-du-cortege-ecoles-transports-a-quoi-sattendre-pour-la-greve-du-18-septembre-a-avignon\" target=\"_blank\" rel=\"noopener\">toutes les informations concernant cette journ\u00e9e de manifestation dans le Vaucluse<\/a>.\u00a0<\/p>\n<p><strong>\u00c0 Aubagne et La Ciotat<\/strong>\u00a0<\/p>\n<p>Contrairement au mouvement du 10 septembre, moins de difficult\u00e9s sont attendues c\u00f4t\u00e9 transport \u00e0 Aubagne et La Ciotat, m\u00eame si davantage d&rsquo;\u00e9coles seront sans professeurs. <a href=\"https:\/\/www.laprovence.com\/article\/societe\/2646535456656614\/greve-du-18-septembre-quelles-perturbations-attendre-a-aubagne-et-la-ciotat\" target=\"_blank\" rel=\"noopener\">Retrouvez toutes les perturbations pr\u00e9vues dans ce secteur<\/a>.\u00a0<\/p>\n<p><strong>\u00c0<\/strong> <strong>Marseille<\/strong><\/p>\n<p>L&rsquo;intersyndicale, par la voix du secr\u00e9taire g\u00e9n\u00e9ral de la CGT13, a annonc\u00e9 le d\u00e9part d&rsquo;un cort\u00e8ge \u00e0 10h30 depuis les R\u00e9form\u00e9s. De son c\u00f4t\u00e9, les agents de l&rsquo;\u00c9ducation nationale organise un point de rencontre sur le Vieux-Port tandis que FO territoriaux \u00e9voque un d\u00e9part de mouvement devant le tunnel de la gare Saint-Charles, boulevard d&rsquo;Ath\u00e8nes.<\/p>\n<p>Il faudra s&rsquo;attendre \u00e0 ce que les agents territoriaux des \u00e9coles, cr\u00e8ches, bureaux municipaux de proximit\u00e9, cimeti\u00e8res, police municipale, services techniques et propret\u00e9 soient fortement mobilis\u00e9s.\u00a0<\/p>\n<p>En ce qui concerne la RTM, les perturbations seront faibles. Le\u00a0service sera assur\u00e9 \u00e0 90% dans le m\u00e9tro, \u00e0\u00a080% dans le tramway, \u00e0\u00a075% dans les bus. En ce qui concerne les transports scolaires et le transport des personnes et \u00e9l\u00e8ves en situation de handicap, le service est normal.<\/p>\n<p><strong>\u00c0<\/strong> <strong>Aix-en-Provence<\/strong><\/p>\n<p>Le mouvement doit s&rsquo;\u00e9lancer devant le rectorat \u00e0 10h30. Le trafic sera normal pour le Aixpress.<\/p>\n<p><strong>\u00c0<\/strong> <strong>Arles<\/strong><\/p>\n<p>C&rsquo;est depuis le kiosque \u00e0 musique que les manifestants sont attendus \u00e9galement \u00e0 10h30.<\/p>\n<p><strong>\u00c0 Digne-les-Bains<\/strong><\/p>\n<p>Les manifestants sont invit\u00e9s \u00e0 se retrouver, \u00e0 partir de 10h30, sur le rond-point du 11-Novembre.<\/p>\n<p>D\u00e9couvrez plus en d\u00e9tail <a href=\"https:\/\/www.laprovence.com\/article\/region\/1976959158298614\/18-septembre-transports-corteges-ecoles-pharmacies-vers-un-jeudi-noir-en-provence\" target=\"_blank\" rel=\"noopener\">tous les points et les horaires de ralliements, ainsi que les perturbations de la journ\u00e9e en Provence<\/a>.\u00a0<\/p>\n","protected":false},"excerpt":{"rendered":"Horaires, parcours des manifestants, perturbations&#8230; \u00e0 quoi s&rsquo;attendre aux quatre coins de la Provence ? Huit jours apr\u00e8s&hellip;\n","protected":false},"author":2,"featured_media":399488,"comment_status":"","ping_status":"","sticky":false,"template":"","format":"standard","meta":{"footnotes":""},"categories":[2814],"tags":[52876,1111,11,814,1777,674,1011,27,6151,884,10234,12,1186,882,25],"class_list":{"0":"post-399487","1":"post","2":"type-post","3":"status-publish","4":"format-standard","5":"has-post-thumbnail","7":"category-marseille","8":"tag-18-septembre","9":"tag-actu","10":"tag-actualites","11":"tag-direct","12":"tag-eu","13":"tag-europe","14":"tag-fr","15":"tag-france","16":"tag-greve","17":"tag-marseille","18":"tag-mobilisation","19":"tag-news","20":"tag-provence","21":"tag-provence-alpes-cote-dazur","22":"tag-republique-francaise"},"share_on_mastodon":{"url":"https:\/\/pubeurope.com\/@fr\/115224324697067485","error":""},"_links":{"self":[{"href":"https:\/\/www.europesays.com\/fr\/wp-json\/wp\/v2\/posts\/399487","targetHints":{"allow":["GET"]}}],"collection":[{"href":"https:\/\/www.europesays.com\/fr\/wp-json\/wp\/v2\/posts"}],"about":[{"href":"https:\/\/www.europesays.com\/fr\/wp-json\/wp\/v2\/types\/post"}],"author":[{"embeddable":true,"href":"https:\/\/www.europesays.com\/fr\/wp-json\/wp\/v2\/users\/2"}],"replies":[{"embeddable":true,"href":"https:\/\/www.europesays.com\/fr\/wp-json\/wp\/v2\/comments?post=399487"}],"version-history":[{"count":0,"href":"https:\/\/www.europesays.com\/fr\/wp-json\/wp\/v2\/posts\/399487\/revisions"}],"wp:featuredmedia":[{"embeddable":true,"href":"https:\/\/www.europesays.com\/fr\/wp-json\/wp\/v2\/media\/399488"}],"wp:attachment":[{"href":"https:\/\/www.europesays.com\/fr\/wp-json\/wp\/v2\/media?parent=399487"}],"wp:term":[{"taxonomy":"category","embeddable":true,"href":"https:\/\/www.europesays.com\/fr\/wp-json\/wp\/v2\/categories?post=399487"},{"taxonomy":"post_tag","embeddable":true,"href":"https:\/\/www.europesays.com\/fr\/wp-json\/wp\/v2\/tags?post=399487"}],"curies":[{"name":"wp","href":"https:\/\/api.w.org\/{rel}","templated":true}]}}