{"id":39949,"date":"2025-04-20T22:18:12","date_gmt":"2025-04-20T22:18:12","guid":{"rendered":"https:\/\/www.europesays.com\/fr\/39949\/"},"modified":"2025-04-20T22:18:12","modified_gmt":"2025-04-20T22:18:12","slug":"lyon-perd-le-derby-interrompu-lille-relance-pour-leurope","status":"publish","type":"post","link":"https:\/\/www.europesays.com\/fr\/39949\/","title":{"rendered":"Lyon perd le derby interrompu, Lille relanc\u00e9 pour l&rsquo;Europe"},"content":{"rendered":"<p>Lille a fait la bonne op\u00e9ration de la journ\u00e9e dans la lutte pour les places europ\u00e9ennes en s&rsquo;imposant contre Auxerre (3-1) car l&rsquo;OL s&rsquo;est inclin\u00e9 contre Saint-Etienne (2-1) dans le derby qui a \u00e9t\u00e9 interrompu 45 minutes \u00e0 cause d&rsquo;un projectile lanc\u00e9 sur un arbitre.<\/p>\n<p>La course \u00e0 l&rsquo;Europe est folle \u00e0 quatre journ\u00e9es de la fin du championnat: il y a quatre points d&rsquo;\u00e9cart entre l&rsquo;OM, dauphin \u00e0 55 points et Strasbourg, 7e avec 51 points. Trois clubs, l&rsquo;OL (5e), Nice (6e) et Strasbourg (7e) ont le m\u00eame nombre de points et sont \u00e0 deux longueurs de Lille.<\/p>\n<p>Les hommes de Bruno Genesio se sont accroch\u00e9s dimanche au top 4 en dominant Auxerre (3-1) avec cette deuxi\u00e8me victoire cons\u00e9cutive, ce qui lui permet de se replacer \u00e0 un point de Monaco (3e, 54 pts) en profitant de la d\u00e9faite de Lyon.<\/p>\n<p>Car l&rsquo;OL a pass\u00e9 une semaine noire: apr\u00e8s avoir \u00e9t\u00e9 \u00e9limin\u00e9s jeudi au terme d&rsquo;un match fou par Manchester United en quart de finale de Ligue Europa, les Lyonnais sont pass\u00e9s \u00e0 c\u00f4t\u00e9 du derby contre Saint\u00e9 (17e, 27 pts), qui a fait une bonne op\u00e9ration dans la course au maintien. Les St\u00e9phanois reviennent \u00e0 hauteur du Havre, barragiste.<\/p>\n<p>Alors que le match a \u00e9t\u00e9 interrompu 45 minutes apr\u00e8s qu&rsquo;un projectile a \u00e9t\u00e9 lanc\u00e9 sur un arbitre de touche, le rythme n&rsquo;est jamais redescendu lors de cette partie, marqu\u00e9e par la blessure de Corentin Tolisso sur une faute de Lucas Stassin, auteur d&rsquo;un doubl\u00e9 \u00e0 Geoffroy-Guichard en fusion.<\/p>\n<p>L&rsquo;arbitre Fran\u00e7ois Letexier, qui a distribu\u00e9 de nombreux cartons, a annul\u00e9 le carton rouge contre Stassin apr\u00e8s \u00eatre all\u00e9 voir les images de la vid\u00e9o, d\u00e9clenchant la col\u00e8re de John Textor.<\/p>\n<p>&#8211; Bas de classement serr\u00e9 &#8211;<\/p>\n<p>Plus t\u00f4t dimanche, Nice (6e, 51 pts) a retrouv\u00e9 le succ\u00e8s apr\u00e8s cinq matches sans victoire et s&rsquo;est donc relanc\u00e9 pour l&rsquo;Europe en s&rsquo;imposant (2-1) contre Angers, qui stagne \u00e0 la 15e place \u00e0 trois points des barragistes havrais.<\/p>\n<p>En s&rsquo;imposant (1-0) contre Toulouse (12e, 34 pts), Reims (13e, 32 pts) s&rsquo;est donn\u00e9 de l&rsquo;air dans la course au maintien, aid\u00e9 par un carton rouge toulousain en d\u00e9but de match (27e).<\/p>\n<p>De son c\u00f4t\u00e9, Lens &#8211; qui n&rsquo;est pas totalement d\u00e9croch\u00e9 des places europ\u00e9ennes &#8211; a battu Brest (3-1) et gr\u00e2ce \u00e0 ce succ\u00e8s, Lens est huiti\u00e8me \u00e0 six unit\u00e9s de Strasbourg, 7e.<\/p>\n<p>ali\/dar<\/p>\n","protected":false},"excerpt":{"rendered":"Lille a fait la bonne op\u00e9ration de la journ\u00e9e dans la lutte pour les places europ\u00e9ennes en s&rsquo;imposant&hellip;\n","protected":false},"author":2,"featured_media":39950,"comment_status":"","ping_status":"","sticky":false,"template":"","format":"standard","meta":{"footnotes":""},"categories":[2815],"tags":[1111,11,1438,12368,4245,3450,8095,4680,1777,674,1011,27,811,12369,1307,2428,3225,3127,12,4243,25,4001,640,2312],"class_list":{"0":"post-39949","1":"post","2":"type-post","3":"status-publish","4":"format-standard","5":"has-post-thumbnail","7":"category-lille","8":"tag-actu","9":"tag-actualites","10":"tag-angers","11":"tag-arbitre-de-touche","12":"tag-auxerre","13":"tag-brest","14":"tag-bruno-genesio","15":"tag-corentin-tolisso","16":"tag-eu","17":"tag-europe","18":"tag-fr","19":"tag-france","20":"tag-hauts-de-france","21":"tag-la-course","22":"tag-lille","23":"tag-lyon","24":"tag-manchester-united","25":"tag-monaco","26":"tag-news","27":"tag-reims","28":"tag-republique-francaise","29":"tag-saint-etienne","30":"tag-strasbourg","31":"tag-toulouse"},"share_on_mastodon":{"url":"https:\/\/pubeurope.com\/@fr\/114372614766450079","error":""},"_links":{"self":[{"href":"https:\/\/www.europesays.com\/fr\/wp-json\/wp\/v2\/posts\/39949","targetHints":{"allow":["GET"]}}],"collection":[{"href":"https:\/\/www.europesays.com\/fr\/wp-json\/wp\/v2\/posts"}],"about":[{"href":"https:\/\/www.europesays.com\/fr\/wp-json\/wp\/v2\/types\/post"}],"author":[{"embeddable":true,"href":"https:\/\/www.europesays.com\/fr\/wp-json\/wp\/v2\/users\/2"}],"replies":[{"embeddable":true,"href":"https:\/\/www.europesays.com\/fr\/wp-json\/wp\/v2\/comments?post=39949"}],"version-history":[{"count":0,"href":"https:\/\/www.europesays.com\/fr\/wp-json\/wp\/v2\/posts\/39949\/revisions"}],"wp:featuredmedia":[{"embeddable":true,"href":"https:\/\/www.europesays.com\/fr\/wp-json\/wp\/v2\/media\/39950"}],"wp:attachment":[{"href":"https:\/\/www.europesays.com\/fr\/wp-json\/wp\/v2\/media?parent=39949"}],"wp:term":[{"taxonomy":"category","embeddable":true,"href":"https:\/\/www.europesays.com\/fr\/wp-json\/wp\/v2\/categories?post=39949"},{"taxonomy":"post_tag","embeddable":true,"href":"https:\/\/www.europesays.com\/fr\/wp-json\/wp\/v2\/tags?post=39949"}],"curies":[{"name":"wp","href":"https:\/\/api.w.org\/{rel}","templated":true}]}}