{"id":399507,"date":"2025-09-18T08:30:25","date_gmt":"2025-09-18T08:30:25","guid":{"rendered":"https:\/\/www.europesays.com\/fr\/399507\/"},"modified":"2025-09-18T08:30:25","modified_gmt":"2025-09-18T08:30:25","slug":"usa-trump-designe-le-mouvement-dextreme-gauche-antifa-organisation-terroriste","status":"publish","type":"post","link":"https:\/\/www.europesays.com\/fr\/399507\/","title":{"rendered":"USA : Trump d\u00e9signe le mouvement d\u2019extr\u00eame gauche \u00ab\u00a0Antifa\u00a0\u00bb organisation terroriste"},"content":{"rendered":"<p>\t\t\t\t\t<a class=\"post-thumbnail open-lightbox\" href=\"https:\/\/atlasinfo.fr\/wp-content\/uploads\/2025\/09\/Capture-decran-1028-1.png\" target=\"_blank\" rel=\"noopener\"><img decoding=\"async\" src=\"https:\/\/www.europesays.com\/fr\/wp-content\/uploads\/2025\/09\/Capture-decran-1028-1-750x430.png\" alt=\"\"\/>\t\t\t\t\t\t<\/a><\/p>\n<p><strong>Le pr\u00e9sident, Donald Trump, a annonc\u00e9 mercredi soir, la d\u00e9signation du mouvement d\u2019extr\u00eame gauche am\u00e9ricain \u00ab\u00a0Antifa\u00a0\u00bb comme organisation terroriste, apr\u00e8s l\u2019assassinat la semaine derni\u00e8re de son alli\u00e9 politique et jeune activiste conservateur Charlie Kirk.<\/strong><\/p>\n<p><a itemprop=\"url\" class=\"eads-link\" href=\"https:\/\/www.instagram.com\/ntla9awfbladna\/?source=est\" target=\"_blank\" rel=\"nofollow noopener\"><img decoding=\"async\" class=\"eads-image\" src=\"https:\/\/www.europesays.com\/fr\/wp-content\/uploads\/2025\/06\/ONMT-Est.jpg\" alt=\"ONMT 2025 \u2013 Est\"\/><\/a> <\/p>\n<p class=\"justifyText  add-more-font-size-dep\" dir=\"ltr\">\u00ab\u00a0Je suis heureux d\u2019informer nos nombreux patriotes am\u00e9ricains que je d\u00e9signe ANTIFA, UNE ORGANISATION RADICALE DE GAUCHE MALADIVE (\u2026) COMME ORGANISATION TERRORISTE MAJEURE\u00a0\u00bb, a \u00e9crit M. Trump sur son r\u00e9seau \u00ab\u00a0Truth Social\u00a0\u00bb, depuis la Grande Bretagne o\u00f9 il effectue actuellement une visite d\u2019Etat.<\/p>\n<p>Le pr\u00e9sident a \u00e9galement appel\u00e9 \u00e0 des enqu\u00eates rigoureuses visant les personnes finan\u00e7ant \u00ab\u00a0Antifa\u00a0\u00bb, conform\u00e9ment aux \u00ab\u00a0normes et pratiques juridiques les plus strictes\u00a0\u00bb.<\/p>\n<p>Cette annonce intervient alors que plusieurs responsables de l\u2019administration am\u00e9ricaine ont affirm\u00e9, au lendemain de l\u2019assassinat de Charlie Kirk, vouloir agir face \u00e0 ce qu\u2019ils qualifient d&rsquo;\u00a0\u00bbaction coordonn\u00e9e de la gauche radicale\u00a0\u00bb.<\/p>\n<p>Lundi, M. Trump avait d\u00e9j\u00e0 laiss\u00e9 entendre qu\u2019il envisageait de classer Antifa comme organisation terroriste nationale.<\/p>\n<p>\u00ab\u00a0C\u2019est quelque chose que je ferais, oui\u00a0\u00bb, a-t-il r\u00e9pondu \u00e0 une question d\u2019un journaliste sur le sujet, ajoutant qu\u2019outre le mouvement Antifa, d\u2019autres organisations d\u2019extr\u00eame gauche pourraient \u00eatre d\u00e9sign\u00e9es comme organisations terroristes.<\/p>\n<p>Co-fondateur de l\u2019organisation conservatrice \u00ab\u00a0Turning Point USA\u00a0\u00bb et principale voix de la jeunesse pro-Trump, Charlie Kirk a \u00e9t\u00e9 abattu la semaine pass\u00e9e d\u2019une balle dans le cou, tir\u00e9e par un sniper en embuscade sur un toit, au moment o\u00f9 l\u2019activiste de 31 ans participait \u00e0 un d\u00e9bat public au sein d\u2019un campus universitaire dans l\u2019Utah.<\/p>\n<p>Un incident d\u00e9nonc\u00e9 comme un \u00ab\u00a0assassinat politique\u00a0\u00bb par la classe politique am\u00e9ricaine de droite et qualifi\u00e9 de \u00ab\u00a0moment sombre pour l\u2019Am\u00e9rique\u00a0\u00bb par le pr\u00e9sident Trump, qui a promis d\u2019\u00e9radiquer la violence politique ayant conduit \u00e0 l\u2019assassinat de son alli\u00e9.<\/p>\n<p>\t\t\t\t<script async src=\"\/\/www.instagram.com\/embed.js\"><\/script><\/p>\n","protected":false},"excerpt":{"rendered":"Le pr\u00e9sident, Donald Trump, a annonc\u00e9 mercredi soir, la d\u00e9signation du mouvement d\u2019extr\u00eame gauche am\u00e9ricain \u00ab\u00a0Antifa\u00a0\u00bb comme organisation&hellip;\n","protected":false},"author":2,"featured_media":399508,"comment_status":"","ping_status":"","sticky":false,"template":"","format":"standard","meta":{"footnotes":""},"categories":[1589],"tags":[930,11,20427,12224,36739,9808,18579,73,1866,2383,14,15777,12,9640,45250,467,1864,1865,1863,308,53115],"class_list":{"0":"post-399507","1":"post","2":"type-post","3":"status-publish","4":"format-standard","5":"has-post-thumbnail","7":"category-etats-unis","8":"tag-le","9":"tag-actualites","10":"tag-antifa","11":"tag-atlasinfo","12":"tag-dextreme","13":"tag-designe","14":"tag-en-direct","15":"tag-etats-unis","16":"tag-etats-unis-damerique","17":"tag-gauche","18":"tag-international","19":"tag-mouvement","20":"tag-news","21":"tag-organisation","22":"tag-terroriste","23":"tag-trump","24":"tag-united-states","25":"tag-united-states-of-america","26":"tag-us","27":"tag-usa","28":"tag-usa-trump-designe-le-mouvement-dextreme-gauche-antifa-organisation-terroriste"},"share_on_mastodon":{"url":"https:\/\/pubeurope.com\/@fr\/115224368576952835","error":""},"_links":{"self":[{"href":"https:\/\/www.europesays.com\/fr\/wp-json\/wp\/v2\/posts\/399507","targetHints":{"allow":["GET"]}}],"collection":[{"href":"https:\/\/www.europesays.com\/fr\/wp-json\/wp\/v2\/posts"}],"about":[{"href":"https:\/\/www.europesays.com\/fr\/wp-json\/wp\/v2\/types\/post"}],"author":[{"embeddable":true,"href":"https:\/\/www.europesays.com\/fr\/wp-json\/wp\/v2\/users\/2"}],"replies":[{"embeddable":true,"href":"https:\/\/www.europesays.com\/fr\/wp-json\/wp\/v2\/comments?post=399507"}],"version-history":[{"count":0,"href":"https:\/\/www.europesays.com\/fr\/wp-json\/wp\/v2\/posts\/399507\/revisions"}],"wp:featuredmedia":[{"embeddable":true,"href":"https:\/\/www.europesays.com\/fr\/wp-json\/wp\/v2\/media\/399508"}],"wp:attachment":[{"href":"https:\/\/www.europesays.com\/fr\/wp-json\/wp\/v2\/media?parent=399507"}],"wp:term":[{"taxonomy":"category","embeddable":true,"href":"https:\/\/www.europesays.com\/fr\/wp-json\/wp\/v2\/categories?post=399507"},{"taxonomy":"post_tag","embeddable":true,"href":"https:\/\/www.europesays.com\/fr\/wp-json\/wp\/v2\/tags?post=399507"}],"curies":[{"name":"wp","href":"https:\/\/api.w.org\/{rel}","templated":true}]}}