{"id":399509,"date":"2025-09-18T08:31:10","date_gmt":"2025-09-18T08:31:10","guid":{"rendered":"https:\/\/www.europesays.com\/fr\/399509\/"},"modified":"2025-09-18T08:31:10","modified_gmt":"2025-09-18T08:31:10","slug":"le-royaume-uni-reconnaitra-officiellement-letat-palestinien-apres-la-visite-de-trump-selon-la-presse","status":"publish","type":"post","link":"https:\/\/www.europesays.com\/fr\/399509\/","title":{"rendered":"Le Royaume-Uni reconna\u00eetra officiellement l&rsquo;\u00c9tat palestinien apr\u00e8s la visite de Trump, selon la presse"},"content":{"rendered":"<p>AA \/ Londre \/ Burak Bir<\/p>\n<p>Le Royaume-Uni reconna\u00eetra officiellement un \u00c9tat palestinien ce week-end, apr\u00e8s la fin de la visite d\u2019\u00c9tat du pr\u00e9sident am\u00e9ricain Donald Trump, a rapport\u00e9 mercredi le quotidien britannique The i, citant des sources gouvernementales.<\/p>\n<p>En juillet, le Premier ministre Keir Starmer avait d\u00e9clar\u00e9 que le Royaume-Uni reconna\u00eetrait l\u2019\u00c9tat de Palestine lors de l\u2019Assembl\u00e9e g\u00e9n\u00e9rale des Nations unies \u00e0 New York en septembre, \u00e0 moins qu&rsquo;Isra\u00ebl ne prenne \u00ab des mesures substantielles \u00bb pour am\u00e9liorer la situation humanitaire \u00e0 Gaza et accepter un cessez-le-feu.<\/p>\n<p>L\u2019annonce de la reconnaissance a \u00e9t\u00e9 retard\u00e9e jusqu\u2019au d\u00e9part de Trump du territoire britannique, une d\u00e9cision motiv\u00e9e par la crainte qu\u2019elle \u00ab accentue les tensions avec Washington \u00bb, apr\u00e8s que Trump et le secr\u00e9taire d\u2019\u00c9tat Marco Rubio ont exprim\u00e9 un soutien appuy\u00e9 \u00e0 l\u2019offensive terrestre isra\u00e9lienne \u00e0 Gaza, selon le journal.<\/p>\n<p>Le porte-parole du Premier ministre a indiqu\u00e9 que cette reconnaissance vise \u00e0 pr\u00e9server la viabilit\u00e9 d\u2019une solution \u00e0 deux \u00c9tats.<\/p>\n<p>\u00ab La cr\u00e9ation d\u2019un \u00c9tat est un droit inali\u00e9nable du peuple palestinien, et il est absolument essentiel, pour garantir la viabilit\u00e9 d\u2019une solution \u00e0 deux \u00c9tats, d\u2019affirmer ce droit inali\u00e9nable \u00bb, a-t-il d\u00e9clar\u00e9.<\/p>\n<p>L\u2019an dernier, l\u2019Irlande, la Norv\u00e8ge et l\u2019Espagne ont rejoint la liste des 147 pays reconnaissant officiellement l\u2019\u00c9tat de Palestine.<\/p>\n<p>La France a \u00e9galement annonc\u00e9 son intention de reconna\u00eetre un \u00c9tat palestinien lors de l\u2019Assembl\u00e9e g\u00e9n\u00e9rale des Nations unies, devenant ainsi le premier membre du G7, un forum informel r\u00e9unissant les sept principales puissances industrialis\u00e9es et d\u00e9mocratiques, \u00e0 s\u2019engager en ce sens.<\/p>\n<p>*Traduit de l&rsquo;anglais par Wafae El Baghouani <\/p>\n<p>                            &#13;<br \/>\n                                <a href=\"https:\/\/www.aa.com.tr\/fr\/p\/abonnement\/1001\" target=\"_blank\" style=\"font-size:12px; color:#444; text-decoration:none;\" rel=\"nofollow noopener\">&#13;<br \/>\n                                    Seulement une partie des d\u00e9p\u00eaches, que l&rsquo;Agence Anadolu diffuse \u00e0 ses abonn\u00e9s via le Syst\u00e8me de Diffusion interne (HAS), est diffus\u00e9e sur le site de l&rsquo;AA, de mani\u00e8re r\u00e9sum\u00e9e. <b style=\"color:#1897F7\">Contactez-nous s&rsquo;il vous pla\u00eet pour vous abonner.<\/b>&#13;<br \/>\n                                <\/a>&#13;<\/p>\n","protected":false},"excerpt":{"rendered":"AA \/ Londre \/ Burak Bir Le Royaume-Uni reconna\u00eetra officiellement un \u00c9tat palestinien ce week-end, apr\u00e8s la fin&hellip;\n","protected":false},"author":2,"featured_media":399510,"comment_status":"","ping_status":"","sticky":false,"template":"","format":"standard","meta":{"footnotes":""},"categories":[1588],"tags":[11,1785,75,1777,674,665,3819,53116,12,473,1853,1851,1850,1852],"class_list":{"0":"post-399509","1":"post","2":"type-post","3":"status-publish","4":"format-standard","5":"has-post-thumbnail","7":"category-royaume-uni","8":"tag-actualites","9":"tag-anadolu-ajansi","10":"tag-donald-trump","11":"tag-eu","12":"tag-europe","13":"tag-gaza","14":"tag-isral","15":"tag-keir-stammer","16":"tag-news","17":"tag-royaume-uni","18":"tag-royaume-uni-de-grande-bretagne-et-dirlande-du-nord","19":"tag-uk","20":"tag-united-kingdom","21":"tag-united-kingdom-of-great-britain-and-northern-ireland"},"share_on_mastodon":{"url":"https:\/\/pubeurope.com\/@fr\/115224371813285999","error":""},"_links":{"self":[{"href":"https:\/\/www.europesays.com\/fr\/wp-json\/wp\/v2\/posts\/399509","targetHints":{"allow":["GET"]}}],"collection":[{"href":"https:\/\/www.europesays.com\/fr\/wp-json\/wp\/v2\/posts"}],"about":[{"href":"https:\/\/www.europesays.com\/fr\/wp-json\/wp\/v2\/types\/post"}],"author":[{"embeddable":true,"href":"https:\/\/www.europesays.com\/fr\/wp-json\/wp\/v2\/users\/2"}],"replies":[{"embeddable":true,"href":"https:\/\/www.europesays.com\/fr\/wp-json\/wp\/v2\/comments?post=399509"}],"version-history":[{"count":0,"href":"https:\/\/www.europesays.com\/fr\/wp-json\/wp\/v2\/posts\/399509\/revisions"}],"wp:featuredmedia":[{"embeddable":true,"href":"https:\/\/www.europesays.com\/fr\/wp-json\/wp\/v2\/media\/399510"}],"wp:attachment":[{"href":"https:\/\/www.europesays.com\/fr\/wp-json\/wp\/v2\/media?parent=399509"}],"wp:term":[{"taxonomy":"category","embeddable":true,"href":"https:\/\/www.europesays.com\/fr\/wp-json\/wp\/v2\/categories?post=399509"},{"taxonomy":"post_tag","embeddable":true,"href":"https:\/\/www.europesays.com\/fr\/wp-json\/wp\/v2\/tags?post=399509"}],"curies":[{"name":"wp","href":"https:\/\/api.w.org\/{rel}","templated":true}]}}