{"id":39951,"date":"2025-04-20T22:19:08","date_gmt":"2025-04-20T22:19:08","guid":{"rendered":"https:\/\/www.europesays.com\/fr\/39951\/"},"modified":"2025-04-20T22:19:08","modified_gmt":"2025-04-20T22:19:08","slug":"choquee-la-ciotadenne-lenie-devoile-son-echange-avec-le-rappeur-marseillais-jul","status":"publish","type":"post","link":"https:\/\/www.europesays.com\/fr\/39951\/","title":{"rendered":"\u00ab\u00a0Choqu\u00e9e\u00a0\u00bb, la Ciotadenne L\u00e9nie d\u00e9voile son \u00e9change avec le rappeur marseillais Jul"},"content":{"rendered":"<p>L\u00e9nie, la r\u00e9v\u00e9lation de la Star Academy 2023, s\u2019illustre actuellement sur le parquet de <a href=\"https:\/\/www.laprovence.com\/article\/societe\/12707713224691\/danse-avec-les-stars-2025-lenie-adil-rami-ana-riera-la-provence-sera-t-elle-representee-lors-de-la-finale\" target=\"_blank\" rel=\"noopener\">Danse avec les Stars <\/a>sur TF1. Propuls\u00e9e en finale, la <a href=\"https:\/\/www.laprovence.com\/article\/culture-loisirs\/1076423858431115\/danse-avec-les-stars-la-ciotadenne-lenie-mate-le-quickstep-lex-olympien-adil-rami-emeut-jean-marc-genereux\" target=\"_blank\" rel=\"noopener\">Ciotadenne <\/a>a r\u00e9cemment tent\u00e9 un coup de poker\u00a0: envoyer un message \u00e0 Jul, a-t-elle r\u00e9v\u00e9l\u00e9 lors d\u2019un live diffus\u00e9 sur Twitch et anim\u00e9 par <a href=\"https:\/\/www.laprovence.com\/article\/om\/1052864645637915\/om-le-club-sassocie-au-wolf-pack-fc-dadil-rami-engage-dans-la-nouvelle-kings-league\" target=\"_blank\" rel=\"noopener\">Adil Rami<\/a> ce samedi 19 avril. Et le rappeur marseillais a r\u00e9pondu ! \u00ab\u00a0C&rsquo;est vrai qu&rsquo;on a \u00e9chang\u00e9 une fois, j&rsquo;ai envoy\u00e9 un petit message et il m&rsquo;a r\u00e9pondu\u2026 J&rsquo;\u00e9tais choqu\u00e9e\u00a0\u00bb, a confi\u00e9 L\u00e9nie.\u00a0<\/p>\n<p>Pas encore de feat en vue, mais un \u00e9change prometteur qui pourrait bien d\u00e9boucher sur un duo \u00e0 l\u2019avenir. L\u00e9nie n\u2019a pas cach\u00e9 son excitation, avouant qu\u2019une \u00ab\u00a0collab avec <a href=\"https:\/\/www.laprovence.com\/article\/faits-divers-justice\/2086186843379414\/jul-a-lorange-velodrome-plus-dun-million-de-connexions-des-decus-et-des-heureux-le-second-concert-est-complet\" target=\"_blank\" rel=\"noopener\">Jul <\/a>serait un vrai r\u00eave\u00a0\u00bb.<\/p>\n<p>En route pour la finale\u00a0!<\/p>\n<p>En attendant que les micros se croisent, c\u2019est sur le parquet de Danse avec les stars que la jeune femme brille. Pour cette 14e saison, elle forme un duo avec Jordan Mouillerac.<\/p>\n<p>De son c\u00f4t\u00e9, Jul sera sur la sc\u00e8ne du V\u00e9lodrome le 23 et 24\u00a0mai prochain. La deuxi\u00e8me date a affich\u00e9 complet en moins d\u2019une heure.<\/p>\n","protected":false},"excerpt":{"rendered":"L\u00e9nie, la r\u00e9v\u00e9lation de la Star Academy 2023, s\u2019illustre actuellement sur le parquet de Danse avec les Stars&hellip;\n","protected":false},"author":2,"featured_media":39952,"comment_status":"","ping_status":"","sticky":false,"template":"","format":"standard","meta":{"footnotes":""},"categories":[2814],"tags":[17,1111,11,10334,2511,12372,1777,674,12371,1011,27,1279,12370,884,12,471,882,25,104],"class_list":{"0":"post-39951","1":"post","2":"type-post","3":"status-publish","4":"format-standard","5":"has-post-thumbnail","7":"category-marseille","8":"tag-17","9":"tag-actu","10":"tag-actualites","11":"tag-bientot","12":"tag-cest","13":"tag-choquee","14":"tag-eu","15":"tag-europe","16":"tag-feat","17":"tag-fr","18":"tag-france","19":"tag-jul","20":"tag-lenie","21":"tag-marseille","22":"tag-news","23":"tag-pour","24":"tag-provence-alpes-cote-dazur","25":"tag-republique-francaise","26":"tag-societe"},"share_on_mastodon":{"url":"https:\/\/pubeurope.com\/@fr\/114372618782916849","error":""},"_links":{"self":[{"href":"https:\/\/www.europesays.com\/fr\/wp-json\/wp\/v2\/posts\/39951","targetHints":{"allow":["GET"]}}],"collection":[{"href":"https:\/\/www.europesays.com\/fr\/wp-json\/wp\/v2\/posts"}],"about":[{"href":"https:\/\/www.europesays.com\/fr\/wp-json\/wp\/v2\/types\/post"}],"author":[{"embeddable":true,"href":"https:\/\/www.europesays.com\/fr\/wp-json\/wp\/v2\/users\/2"}],"replies":[{"embeddable":true,"href":"https:\/\/www.europesays.com\/fr\/wp-json\/wp\/v2\/comments?post=39951"}],"version-history":[{"count":0,"href":"https:\/\/www.europesays.com\/fr\/wp-json\/wp\/v2\/posts\/39951\/revisions"}],"wp:featuredmedia":[{"embeddable":true,"href":"https:\/\/www.europesays.com\/fr\/wp-json\/wp\/v2\/media\/39952"}],"wp:attachment":[{"href":"https:\/\/www.europesays.com\/fr\/wp-json\/wp\/v2\/media?parent=39951"}],"wp:term":[{"taxonomy":"category","embeddable":true,"href":"https:\/\/www.europesays.com\/fr\/wp-json\/wp\/v2\/categories?post=39951"},{"taxonomy":"post_tag","embeddable":true,"href":"https:\/\/www.europesays.com\/fr\/wp-json\/wp\/v2\/tags?post=39951"}],"curies":[{"name":"wp","href":"https:\/\/api.w.org\/{rel}","templated":true}]}}