{"id":399515,"date":"2025-09-18T08:34:15","date_gmt":"2025-09-18T08:34:15","guid":{"rendered":"https:\/\/www.europesays.com\/fr\/399515\/"},"modified":"2025-09-18T08:34:15","modified_gmt":"2025-09-18T08:34:15","slug":"climat-divisee-lue-essaye-de-ne-pas-arriver-les-mains-vides-au-bresil-18-09-2025-a-1011","status":"publish","type":"post","link":"https:\/\/www.europesays.com\/fr\/399515\/","title":{"rendered":"Climat: divis\u00e9e, l&rsquo;UE essaye de ne pas arriver les mains vides au Br\u00e9sil &#8211; 18\/09\/2025 \u00e0 10:11"},"content":{"rendered":"<p>        <img fetchpriority=\"high\" decoding=\"async\" src=\"https:\/\/www.europesays.com\/fr\/wp-content\/uploads\/2025\/09\/49c17c0517677c68e9a27ffe40260f58-760x507.jpg\" alt=\"Des drapeaux de l'Union europ\u00e9enne \u00e0 Bruxelles, le 18 d\u00e9cembre 2024 ( AFP \/ NICOLAS TUCAT )\" loading=\"eager\" width=\"760\" height=\"507\" style=\"max-width: 100%!important; height: auto;\"\/><\/p>\n<p class=\"c-image-news__legend\">Des drapeaux de l&rsquo;Union europ\u00e9enne \u00e0 Bruxelles, le 18 d\u00e9cembre 2024 ( AFP \/ NICOLAS TUCAT )<\/p>\n<p>\n Divis\u00e9s sur leur trajectoire climatique en 2040, les pays europ\u00e9ens vont tenter jeudi de se mettre d&rsquo;accord a minima sur un message commun \u00e0 porter lors de la prochaine grande conf\u00e9rence de l&rsquo;ONU sur le climat au Br\u00e9sil en novembre.\n<\/p>\n<p>\n L&rsquo;Union europ\u00e9enne \u00ab\u00a0continuera \u00e0 jouer son r\u00f4le de leader\u00a0\u00bb sur les enjeux climatiques, a assur\u00e9 le commissaire europ\u00e9en Wopke Hoekstra \u00e0 Bruxelles, juste avant une r\u00e9union de n\u00e9gociations qui s&rsquo;annoncent difficiles entre les 27.  \u00ab\u00a0Au bout du compte, nous continuerons d&rsquo;\u00eatre soit les plus ambitieux, soit parmi les plus ambitieux\u00a0\u00bb, a-t-il martel\u00e9.\n<\/p>\n<p>\n Faute de mieux, les ministres de l&rsquo;Environnement vont discuter d&rsquo;une simple \u00ab\u00a0d\u00e9claration d&rsquo;intention\u00a0\u00bb sur la r\u00e9duction des \u00e9missions de gaz \u00e0 effet de serre de l&rsquo;Union europ\u00e9enne \u00e0 l&rsquo;horizon 2035.\n<\/p>\n<p>\n L&rsquo;id\u00e9e serait d&rsquo;approuver une fourchette de baisse des \u00e9missions dans les dix ans qui viennent &#8211; entre -66,3% et -72,5% par rapport \u00e0 1990. Puis de pr\u00e9ciser la cible quand les 27 auront arrach\u00e9 un compromis sur leur trajectoire 2040.\n<\/p>\n<p>        <img decoding=\"async\" src=\"https:\/\/www.europesays.com\/fr\/wp-content\/uploads\/2025\/09\/bc835f21a00a5940191dce075c20c0cf-760x506.jpg\" alt=\"La pr\u00e9sidente de la Commission europ\u00e9enne, Ursula von der Leyen, donne une conf\u00e9rence \u00e0 Bruxelles, le 16 septembre 2025 ( AFP \/ NICOLAS TUCAT )\" loading=\"eager\" width=\"760\" height=\"506\" style=\"max-width: 100%!important; height: auto;\"\/><\/p>\n<p class=\"c-image-news__legend\">La pr\u00e9sidente de la Commission europ\u00e9enne, Ursula von der Leyen, donne une conf\u00e9rence \u00e0 Bruxelles, le 16 septembre 2025 ( AFP \/ NICOLAS TUCAT )<\/p>\n<p>\n \u00ab\u00a0Cette approche permettrait \u00e0 l&rsquo;UE de ne pas arriver les mains vides\u00a0\u00bb \u00e0 un sommet onusien sur le climat dans une semaine aux Etats-Unis, puis \u00e0 la COP30 au Br\u00e9sil en novembre, souligne le Danemark, qui occupe la pr\u00e9sidence tournante de l&rsquo;Union europ\u00e9enne.\n<\/p>\n<p>\n La pr\u00e9sidente de la Commission, Ursula von der Leyen, doit d\u00e9fendre les ambitions climatiques de l&rsquo;Europe le 24 septembre \u00e0 New York, en marge de l&rsquo;Assembl\u00e9e g\u00e9n\u00e9rale de l&rsquo;ONU.\n<\/p>\n<p>\n Le compromis propos\u00e9 par les Danois est \u00ab\u00a0loin d&rsquo;\u00eatre id\u00e9al\u00a0\u00bb, mais \u00ab\u00a0c&rsquo;est la meilleure option\u00a0\u00bb \u00e0 ce stade, consid\u00e8re Elisa Giannelli, du think tank E3G.\n<\/p>\n<p>\n Cela \u00ab\u00a0permet \u00e0 l&rsquo;Union europ\u00e9enne de sauver la face au niveau international\u00a0\u00bb.\n<\/p>\n<p> &#8211; Profondes divergences &#8211;<\/p>\n<p>\n Encore faut-il que les 27 donnent leur feu vert jeudi. \u00ab\u00a0Je ne suis pas s\u00fbr qu&rsquo;on y arrivera\u00a0\u00bb, pr\u00e9vient anonymement un responsable europ\u00e9en.\n<\/p>\n<p>\n Bouscul\u00e9e par la pouss\u00e9e de l&rsquo;extr\u00eame droite aux \u00e9lections europ\u00e9ennes de juin 2024, l&rsquo;UE est beaucoup moins allante sur les enjeux environnementaux que lors du pr\u00e9c\u00e9dent mandat.\n<\/p>\n<p>        <img decoding=\"async\" src=\"https:\/\/www.europesays.com\/fr\/wp-content\/uploads\/2025\/09\/a6d2b62c7da06ea4497aa6994fde07ef-760x507.jpg\" alt=\"Une raffinerie de p\u00e9trole, \u00e0 Houston (Texas), le 8 septembre 2025 ( AFP \/ RONALDO SCHEMIDT )\" loading=\"eager\" width=\"760\" height=\"507\" style=\"max-width: 100%!important; height: auto;\"\/><\/p>\n<p class=\"c-image-news__legend\">Une raffinerie de p\u00e9trole, \u00e0 Houston (Texas), le 8 septembre 2025 ( AFP \/ RONALDO SCHEMIDT )<\/p>\n<p>\n L&rsquo;\u00e9cologie peine \u00e0 trouver une place dans l&rsquo;agenda, dans un contexte g\u00e9opolitique tendu.\n<\/p>\n<p>\n A ce stade, les Europ\u00e9ens n&rsquo;arrivent pas \u00e0 surmonter leurs divergences sur la proposition de la Commission europ\u00e9enne de r\u00e9duire de 90% les \u00e9missions de gaz \u00e0 effet de serre en 2040 par rapport \u00e0 1990.\n<\/p>\n<p>\n Le Danemark et l&rsquo;Espagne poussent pour, mais des pays comme la Hongrie et la R\u00e9publique tch\u00e8que sont contre au nom de la d\u00e9fense de leur industrie, et la France reste prudente.\n<\/p>\n<p>\n La Commission a fait un geste d\u00e9but juillet, en proposant des flexibilit\u00e9s dans le mode de calcul: la possibilit\u00e9 d&rsquo;acqu\u00e9rir des cr\u00e9dits carbone internationaux, \u00e0 hauteur de 3% du total, qui financeraient des projets en dehors de l&rsquo;Europe.\n<\/p>\n<p>\n Mais cette concession n&rsquo;a pas suffi.\n<\/p>\n<p> &#8211; \u00ab\u00a0Mauvais signal\u00a0\u00bb &#8211;<\/p>\n<p>\n La semaine derni\u00e8re, la France et l&rsquo;Allemagne ont provoqu\u00e9 la col\u00e8re des organisations environnementales en r\u00e9clamant d&rsquo;abord une discussion entre chefs d&rsquo;Etat et de gouvernement lors du sommet europ\u00e9en du 23 octobre \u00e0 Bruxelles.\n<\/p>\n<p>\n L&rsquo;Europe est en train d&rsquo;envoyer \u00ab\u00a0un mauvais signal\u00a0\u00bb et ne \u00ab\u00a0montre pas son leadership en mati\u00e8re d&rsquo;action climatique\u00a0\u00bb, peste Michael Sicaud-Clyet, de l&rsquo;ONG WWF.\n<\/p>\n<p>        <img decoding=\"async\" src=\"https:\/\/www.europesays.com\/fr\/wp-content\/uploads\/2025\/09\/c150c8d201e789025faa1984b1ac75aa-760x507.jpg\" alt=\"Le commissaire europ\u00e9en Wopke Hoekstra au Parlement europ\u00e9en, \u00e0 Strasbourg, le 9 septembre 2025 ( AFP \/ ROMEO BOETZLE )\" loading=\"eager\" width=\"760\" height=\"507\" style=\"max-width: 100%!important; height: auto;\"\/><\/p>\n<p class=\"c-image-news__legend\">Le commissaire europ\u00e9en Wopke Hoekstra au Parlement europ\u00e9en, \u00e0 Strasbourg, le 9 septembre 2025 ( AFP \/ ROMEO BOETZLE )<\/p>\n<p>\n Le commissaire europ\u00e9en en charge du climat, Wopke Hoekstra, reste \u00ab\u00a0convaincu que nous parviendrons \u00e0 r\u00e9gler la question de 2040 avant notre arriv\u00e9e \u00e0 Bel\u00e9m\u00a0\u00bb, la ville br\u00e9silienne o\u00f9 se tiendra la COP30 du 10 au 21 novembre.\n<\/p>\n<p>\n Avant de se prononcer, les autorit\u00e9s fran\u00e7aises r\u00e9clament notamment des garanties sur le financement de la d\u00e9carbonation de l&rsquo;industrie.\n<\/p>\n<p>\n Paris critique la m\u00e9thode de la Commission, qui a li\u00e9 les \u00e9ch\u00e9ances 2035 et 2040, quand l&rsquo;ONU r\u00e9clamait en f\u00e9vrier dernier que les pays signataires de l&rsquo;Accord de Paris publient leur engagements de d\u00e9carbonation pour 2035 (les \u00ab\u00a0contributions d\u00e9termin\u00e9es au niveau national\u00a0\u00bb, les NDC dans le jargon onusien).\n<\/p>\n<p>\n En temporisant, la France et l&rsquo;Allemagne s&rsquo;efforcent aussi de m\u00e9nager leur opinion publique, alors que l&rsquo;extr\u00eame droite, pourfendeuse de \u00ab\u00a0l&rsquo;\u00e9cologie punitive\u00a0\u00bb de Bruxelles, progresse de plus en plus.\n<\/p>\n<p>\n Aux Nations Unies, on s&rsquo;inqui\u00e8te que l&rsquo;UE perde l&rsquo;effet d&rsquo;entra\u00eenement qu&rsquo;elle avait jusqu&rsquo;ici sur les questions environnementales.\n<\/p>\n<p>\n La COP30 ne \u00ab\u00a0prend pas la voie d&rsquo;un sommet magistral\u00a0\u00bb \u00e0 ce stade et l&rsquo;Europe pourra se \u00ab\u00a0d\u00e9douaner\u00a0\u00bb en disant que les autres pays ne font pas mieux qu&rsquo;elle, redoute une source onusienne.<\/p>\n","protected":false},"excerpt":{"rendered":"Des drapeaux de l&rsquo;Union europ\u00e9enne \u00e0 Bruxelles, le 18 d\u00e9cembre 2024 ( AFP \/ NICOLAS TUCAT ) Divis\u00e9s&hellip;\n","protected":false},"author":2,"featured_media":399516,"comment_status":"","ping_status":"","sticky":false,"template":"","format":"standard","meta":{"footnotes":""},"categories":[1586],"tags":[400,11,398,408,405,1777,674,1779,1011,27,403,402,399,404,12,25,401,406,1778,364,407],"class_list":{"0":"post-399515","1":"post","2":"type-post","3":"status-publish","4":"format-standard","5":"has-post-thumbnail","7":"category-europe","8":"tag-action-cac-40","9":"tag-actualites","10":"tag-bourse-de-paris","11":"tag-boursorama","12":"tag-cotations","13":"tag-eu","14":"tag-europe","15":"tag-european-union","16":"tag-fr","17":"tag-france","18":"tag-indices-devises","19":"tag-investir","20":"tag-investissement","21":"tag-marche-boursier","22":"tag-news","23":"tag-republique-francaise","24":"tag-sicav","25":"tag-trackers","26":"tag-ue","27":"tag-union-europeenne","28":"tag-warrants"},"share_on_mastodon":{"url":"https:\/\/pubeurope.com\/@fr\/115224385249719794","error":""},"_links":{"self":[{"href":"https:\/\/www.europesays.com\/fr\/wp-json\/wp\/v2\/posts\/399515","targetHints":{"allow":["GET"]}}],"collection":[{"href":"https:\/\/www.europesays.com\/fr\/wp-json\/wp\/v2\/posts"}],"about":[{"href":"https:\/\/www.europesays.com\/fr\/wp-json\/wp\/v2\/types\/post"}],"author":[{"embeddable":true,"href":"https:\/\/www.europesays.com\/fr\/wp-json\/wp\/v2\/users\/2"}],"replies":[{"embeddable":true,"href":"https:\/\/www.europesays.com\/fr\/wp-json\/wp\/v2\/comments?post=399515"}],"version-history":[{"count":0,"href":"https:\/\/www.europesays.com\/fr\/wp-json\/wp\/v2\/posts\/399515\/revisions"}],"wp:featuredmedia":[{"embeddable":true,"href":"https:\/\/www.europesays.com\/fr\/wp-json\/wp\/v2\/media\/399516"}],"wp:attachment":[{"href":"https:\/\/www.europesays.com\/fr\/wp-json\/wp\/v2\/media?parent=399515"}],"wp:term":[{"taxonomy":"category","embeddable":true,"href":"https:\/\/www.europesays.com\/fr\/wp-json\/wp\/v2\/categories?post=399515"},{"taxonomy":"post_tag","embeddable":true,"href":"https:\/\/www.europesays.com\/fr\/wp-json\/wp\/v2\/tags?post=399515"}],"curies":[{"name":"wp","href":"https:\/\/api.w.org\/{rel}","templated":true}]}}