{"id":399531,"date":"2025-09-18T08:47:09","date_gmt":"2025-09-18T08:47:09","guid":{"rendered":"https:\/\/www.europesays.com\/fr\/399531\/"},"modified":"2025-09-18T08:47:09","modified_gmt":"2025-09-18T08:47:09","slug":"christian-clavier-anne-elisabeth-lemoine-mohamed-bouhafsi-reglement-de-comptes-sur-le-plateau-de-c-a-vous","status":"publish","type":"post","link":"https:\/\/www.europesays.com\/fr\/399531\/","title":{"rendered":"Christian Clavier, Anne-\u00c9lisabeth Lemoine, Mohamed Bouhafsi\u00a0: r\u00e8glement de comptes sur le plateau de \u00ab\u00a0C \u00e0 vous\u00a0\u00bb"},"content":{"rendered":"<p>      R\u00e9sum\u00e9<\/p>\n<p>Christian Clavier n&rsquo;a pas manqu\u00e9 d&rsquo;humour sur le plateau de \u00ab\u00a0C \u00e0 vous\u00a0\u00bb ce 17 septembre ne manquant pas de taquiner ouvertement Anne-\u00c9lisabeth Lemoine et son chroniqueur Mohamed Bouhafsi.<\/p>\n<p>        Sommaire<\/p>\n<p>Depuis la rentr\u00e9e, <a href=\"https:\/\/www.public.fr\/bertrand-chameroy-et-anne-elisabeth-lemoine-le-douloureux-coup-bas-qui-fait-polemique\" target=\"_blank\" rel=\"noopener\">Anne-\u00c9lisabeth Lemoine<\/a> a repris les r\u00eanes de \u00ab\u00a0C \u00e0 vous\u00a0\u00bb sur France 5. Une \u00e9mission qu&rsquo;elle anime <strong>depuis 2017. <\/strong>\u00c0 cette occasion, <a href=\"https:\/\/www.public.fr\/un-immense-merci-a-toute-la-redaction-et-a-vous-cher-public-anne-elisabeth-lemoine-et-c-a-vous-cest-fini\" target=\"_blank\" rel=\"noopener\">la journaliste de 55 ans<\/a> \u00e9voque, en premi\u00e8re partie, l&rsquo;actualit\u00e9 \u00ab\u00a0chaude\u00a0\u00bb de la journ\u00e9e ou de la semaine. En revanche, dans un second temps, <strong>l&rsquo;ambiance se veut plus d\u00e9tendue<\/strong> puisque cette derni\u00e8re accueille autour de la table un ou plusieurs invit\u00e9s culturels venus faire la promotion d&rsquo;un film comme ce fut le cas, ce 17\u00a0septembre avec <strong><a href=\"https:\/\/www.google.com\/url?sa=t&amp;source=web&amp;rct=j&amp;opi=89978449&amp;url=https:\/\/vsd.fr\/66665-rayane-bensetti-annonce-une-inquietante-disparition-lex-miss-france-delphine-wespiser-vole-a-son-secours\/&amp;ved=2ahUKEwjA96ugzuGPAxVlWKQEHU4zNb4QFnoECCAQAQ&amp;usg=AOvVaw3o0Muq9mUWVa3E9MoS5sQ7\" target=\"_blank\" rel=\"noopener\">Rayane Bensetti<\/a> et Christian Clavier.<\/strong><\/p>\n<p>En effet, le duo comique est venu faire la <strong>promotion de son prochain film<\/strong>. Intitul\u00e9 Le million, il sortira <strong>dans les salles le 24\u00a0septembre prochain<\/strong>.  Il s&rsquo;agit d&rsquo;une com\u00e9die r\u00e9alis\u00e9e par Gr\u00e9goire Vigneron. L&rsquo;histoire est celle de Stan, incarn\u00e9 par <a href=\"https:\/\/www.google.com\/url?sa=t&amp;source=web&amp;rct=j&amp;opi=89978449&amp;url=https:\/\/vsd.fr\/17303-choc-rayane-bensetti-revele-enfin-la-cause-de-sa-depression\/&amp;ved=2ahUKEwjA96ugzuGPAxVlWKQEHU4zNb4QFnoECBsQAQ&amp;usg=AOvVaw0elHMYSTGcM4upTaxDu1Qg\" target=\"_blank\" rel=\"noopener\">l&rsquo;ex de Denitsa Ikonomova<\/a>, qui pense ne pas obtenir la promotion dont il r\u00eave. Du coup, ce dernier va d\u00e9cider de<strong> voler un million d&rsquo;euros dans le coffre de son patron<\/strong> jou\u00e9 par <a href=\"https:\/\/www.public.fr\/le-plaisir-de-jouer-a-nouveau-ensemble-christian-clavier-annonce-une-grande-nouvelle\" target=\"_blank\" rel=\"noopener\">l&rsquo;ancien membre du Splendid.<\/a><\/p>\n<p><a href=\"https:\/\/www.public.fr\/christian-clavier-dans-le-viseur-de-la-justice-a-cause-de-ses-impots-13-ans-sans-payer\" target=\"_blank\" rel=\"noopener\">Ce dernier <\/a>qui s&rsquo;est montr\u00e9 <strong>particuli\u00e8rement en forme<\/strong> ce 17\u00a0septembre sur le plateau de France 5. En effet, Christian Clavier a <strong>l&rsquo;esprit plut\u00f4t taquin<\/strong> et cela s&rsquo;est confirm\u00e9 alors qu&rsquo;il se trouvait \u00e0 la table de \u00ab\u00a0C \u00e0 vous\u00a0\u00bb. Sa cible\u00a0: Anne-\u00c9lisabeth Lemoine en personne. Une <strong>s\u00e9quence qui a beaucoup amus\u00e9<\/strong> chroniqueurs et convives.<\/p>\n<p>Christian Clavier\u00a0: l&rsquo;arriv\u00e9e de Mohamed Bouhafsi ne le laisse pas indiff\u00e9rent<\/p>\n<p>L&rsquo;an dernier, le 5\u00a0d\u00e9cembre 2024, lors de son passage dans l&rsquo;\u00e9mission de France 5, Christian Clavier avait charri\u00e9 Anne-\u00c9lisabeth Lemoine et <a href=\"https:\/\/www.public.fr\/mohamed-bouhafsi-hospitalise-durgence-alors-quil-doit-remplacer-anne-elisabeth-lemoine-dans-c-a-vous\" target=\"_blank\" rel=\"noopener\">son chroniqueur Mohamed Bouhafsi<\/a> sur leur <strong>suppos\u00e9e rivalit\u00e9<\/strong>. \u00c0 l\u2019\u00e9poque, <a href=\"https:\/\/www.google.com\/url?sa=t&amp;source=web&amp;rct=j&amp;opi=89978449&amp;url=https:\/\/vsd.fr\/54318-christian-clavier-decore-par-emmanuel-macron-la-troupe-du-splendid-debarque-a-lelysee\/&amp;ved=2ahUKEwiN_56PzOGPAxWrSaQEHWSGDDUQFnoECBoQAQ&amp;usg=AOvVaw2S8_4s5K2SWhwhYsoGGgfu\" target=\"_blank\" rel=\"noopener\">l&rsquo;ami de Marie-Anne Chazel<\/a> avait l\u00e2ch\u00e9 un brin devin\u00a0: \u00ab\u00a0<strong>Il va y avoir du changement dans cette \u00e9mission<\/strong>. Je suis content que vous soyez tous l\u00e0 parce que \u00e7a va valser\u00a0\u00bb, s&rsquo;\u00e9tait-il exclam\u00e9 en entrant sur le plateau. <\/p>\n<p>Puis, par la suite, il n&rsquo;avait rien l\u00e2ch\u00e9 face \u00e0 <a href=\"https:\/\/www.public.fr\/anne-elisabeth-lemoine-mohamed-bouhafsi-lui-chipe-sa-place-dans-c-a-vous\" target=\"_blank\" rel=\"noopener\">l&rsquo;animatrice<\/a>. \u00ab\u00a0<strong>Vous pensez que vous allez continuer combien de temps cette \u00e9mission\u00a0?<\/strong>\u00ab\u00a0, avait-il insist\u00e9 avant de s&rsquo;adresser \u00e0 Mohamed Bouhafsi\u00a0: \u00ab\u00a0On m\u2019a dit qu\u2019il avait tr\u00e8s envie de vous remplacer\u00a0\u00bb. Du coup, pour son retour, il <strong>n&rsquo;a pas manqu\u00e9 de revenir \u00e0 cette illusion d\u00e8s son entr\u00e9e en plateau<\/strong>. \u00ab\u00a0Je suis content <a href=\"https:\/\/www.public.fr\/desordonne-chaotique-anne-elisabeth-lemoine-se-confie-comme-jamais-sur-sa-relation-avec-ses-six-freres-et-soeurs\" target=\"_blank\" rel=\"noopener\">Babeth <\/a>que vous soyez l\u00e0 parce qu\u2019il y a eu un moment o\u00f9 j\u2019ai eu le sentiment que l\u2019un de vos collaborateurs allait prendre votre place et <strong>en fait, il l\u2019a prise\u00a0\u00bb. <\/strong><\/p>\n<p>Ce n&rsquo;est pas tout \u00e0 fait vrai m\u00eame si <a href=\"https:\/\/www.public.fr\/mohamed-bouhafsi-remplace-anne-elisabeth-lemoine-dans-c-a-vous-apres-la-nomination-son-long-message-qui-ne-laisse-aucune-place-au-doute\" target=\"_blank\" rel=\"noopener\">Mohamed Bouhafsi<\/a> a pris du galon. En effet, <a href=\"https:\/\/www.google.com\/url?sa=t&amp;source=web&amp;rct=j&amp;opi=89978449&amp;url=https:\/\/vsd.fr\/75473-anne-elisabeth-lemoine-ce-celebre-chroniqueur-accuse-davoir-pris-la-grosse-tete\/&amp;ved=2ahUKEwiI7vD9zuGPAxURTaQEHQ4hCjoQFnoECBcQAQ&amp;usg=AOvVaw3qRP8j_yTVd_DUMTF4qXMn\" target=\"_blank\" rel=\"noopener\">le chroniqueur de 33 ans <\/a>a d\u00e9croch\u00e9 les r\u00eanes du programme <strong>tous les vendredis et samedis <\/strong>en cette rentr\u00e9e. \u00ab\u00a0<strong>Incroyable cet instinct que je peux avoir. <\/strong>Je suis un peu m\u00e9dium. J\u2019ai senti une esp\u00e8ce de tension entre vous\u00a0\u00bb, s&rsquo;est amus\u00e9 Christian Clavier face aux principaux int\u00e9ress\u00e9s.<\/p>\n<p>      Mentionn\u00e9s dans cet article<\/p>\n<p>      Sur le m\u00eame sujet<\/p>\n","protected":false},"excerpt":{"rendered":"R\u00e9sum\u00e9 Christian Clavier n&rsquo;a pas manqu\u00e9 d&rsquo;humour sur le plateau de \u00ab\u00a0C \u00e0 vous\u00a0\u00bb ce 17 septembre ne&hellip;\n","protected":false},"author":2,"featured_media":399532,"comment_status":"","ping_status":"","sticky":false,"template":"","format":"standard","meta":{"footnotes":""},"categories":[1359],"tags":[253,5631,5632,2203,58,59,1011,27,4467,2400,24618,973],"class_list":{"0":"post-399531","1":"post","2":"type-post","3":"status-publish","4":"format-standard","5":"has-post-thumbnail","7":"category-people","8":"tag-acteur","9":"tag-anne-elisabeth-lemoine","10":"tag-c-a-vous","11":"tag-christian-clavier","12":"tag-divertissement","13":"tag-entertainment","14":"tag-fr","15":"tag-france","16":"tag-france-5","17":"tag-france-televisions","18":"tag-mohamed-bouhafsi","19":"tag-people"},"share_on_mastodon":{"url":"https:\/\/pubeurope.com\/@fr\/115224434736905159","error":""},"_links":{"self":[{"href":"https:\/\/www.europesays.com\/fr\/wp-json\/wp\/v2\/posts\/399531","targetHints":{"allow":["GET"]}}],"collection":[{"href":"https:\/\/www.europesays.com\/fr\/wp-json\/wp\/v2\/posts"}],"about":[{"href":"https:\/\/www.europesays.com\/fr\/wp-json\/wp\/v2\/types\/post"}],"author":[{"embeddable":true,"href":"https:\/\/www.europesays.com\/fr\/wp-json\/wp\/v2\/users\/2"}],"replies":[{"embeddable":true,"href":"https:\/\/www.europesays.com\/fr\/wp-json\/wp\/v2\/comments?post=399531"}],"version-history":[{"count":0,"href":"https:\/\/www.europesays.com\/fr\/wp-json\/wp\/v2\/posts\/399531\/revisions"}],"wp:featuredmedia":[{"embeddable":true,"href":"https:\/\/www.europesays.com\/fr\/wp-json\/wp\/v2\/media\/399532"}],"wp:attachment":[{"href":"https:\/\/www.europesays.com\/fr\/wp-json\/wp\/v2\/media?parent=399531"}],"wp:term":[{"taxonomy":"category","embeddable":true,"href":"https:\/\/www.europesays.com\/fr\/wp-json\/wp\/v2\/categories?post=399531"},{"taxonomy":"post_tag","embeddable":true,"href":"https:\/\/www.europesays.com\/fr\/wp-json\/wp\/v2\/tags?post=399531"}],"curies":[{"name":"wp","href":"https:\/\/api.w.org\/{rel}","templated":true}]}}