{"id":399541,"date":"2025-09-18T08:52:13","date_gmt":"2025-09-18T08:52:13","guid":{"rendered":"https:\/\/www.europesays.com\/fr\/399541\/"},"modified":"2025-09-18T08:52:13","modified_gmt":"2025-09-18T08:52:13","slug":"malgre-le-sujet-ultra-corrosif-christian-clavier-fait-un-aveu-sans-tabou","status":"publish","type":"post","link":"https:\/\/www.europesays.com\/fr\/399541\/","title":{"rendered":"malgr\u00e9 le sujet (ultra) corrosif, Christian Clavier fait un aveu sans tabou"},"content":{"rendered":"<p class=\"mb-4 text-lg md:leading-8 break-words\">Figure incontournable du cin\u00e9ma fran\u00e7ais, Christian Clavier a marqu\u00e9 des g\u00e9n\u00e9rations, mais tout a vraiment commenc\u00e9 gr\u00e2ce \u00e0 la folle aventure du Splendid. Dans les ann\u00e9es 70, il retrouve sur sc\u00e8ne G\u00e9rard Jugnot, Thierry Lhermitte, Michel Blanc, Marie-Anne Chazel et Josiane Balasko, une bande d\u2019amis qui va donner naissance \u00e0 des <strong>com\u00e9dies devenues cultes<\/strong>.<\/p>\n<p class=\"mb-4 text-lg md:leading-8 break-words\">Depuis, Christian Clavier a encha\u00een\u00e9 les succ\u00e8s, qu\u2019il soit entour\u00e9 de ses complices ou en solo, avec des films populaires. Et il ne compte pas s\u2019arr\u00eater l\u00e0 ! Le 24 septembre, il sera \u00e0 l\u2019affiche de Le Million aux c\u00f4t\u00e9s de Rayane Bensetti. Pour en parler, il \u00e9tait l\u2019invit\u00e9 d\u2019Anne-\u00c9lisabeth Lemoine dans C \u00e0 Vous ce mercredi 17 septembre.<\/p>\n<p>Christian Clavier et l\u2019IA : une exp\u00e9rience in\u00e9dite<\/p>\n<p class=\"mb-4 text-lg md:leading-8 break-words\">Christian Clavier est revenu sur C \u00e0 Vous sur un projet hors norme qui m\u00e9lange jeu d\u2019acteur et intelligence artificielle. Pour son prochain film, il n\u2019incarne pas directement la m\u00e8re d\u2019un personnage avec un simple maquillage : c\u2019est la technologie qui recr\u00e9e ses traits et son jeu \u00e0 partir d\u2019une actrice doublure. Patrick Cohen lui demande alors : \u00ab\u00a0Et quand on vous l&rsquo;a propos\u00e9, (&#8230;)<\/p>\n<p>Publicit\u00e9<\/p>\n<p>Publicit\u00e9<\/p>\n<p>Publicit\u00e9<\/p>\n<p>Publicit\u00e9<\/p>\n<p class=\"mb-4 text-lg md:leading-8 break-words\"><a data-i13n=\"cpos:1;pos:1\" href=\"https:\/\/www.closermag.fr\/people\/oui-tout-de-suite-malgre-le-sujet-ultra-corrosif-christian-clavier-fait-un-aveu-sans-tabou-3580508\" rel=\"nofollow noopener\" target=\"_blank\" data-ylk=\"slk:Lire la suite sur Closer;cpos:1;pos:1;elm:context_link;itc:0;sec:content-canvas\" class=\"link \">Lire la suite sur Closer<\/a><\/p>\n<p class=\"mb-4 text-lg md:leading-8 break-words\"><a data-i13n=\"cpos:2;pos:1\" href=\"https:\/\/www.closermag.fr\/politique\/donald-trump-au-royaume-uni-melania-fait-un-choix-culotte-pour-le-diner-detat-et-attire-tous-les-regards-3580499\" rel=\"nofollow noopener\" target=\"_blank\" data-ylk=\"slk:Donald Trump au Royaume-Uni : Melania fait un choix culott\u00e9 pour le d\u00eener d\u2019Etat et attire tous les regards;cpos:2;pos:1;elm:context_link;itc:0;sec:content-canvas\" class=\"link \">Donald Trump au Royaume-Uni : Melania fait un choix culott\u00e9 pour le d\u00eener d\u2019Etat et attire tous les regards<\/a><br \/><a data-i13n=\"cpos:3;pos:1\" href=\"https:\/\/www.closermag.fr\/people\/labbe-pierre-malaise-en-plateau-apres-la-reponse-genante-de-laurent-lafitte-3580502\" rel=\"nofollow noopener\" target=\"_blank\" data-ylk=\"slk:\u201cL\u2019abb\u00e9 Pierre\u201d : malaise en plateau apr\u00e8s la r\u00e9ponse g\u00eanante de Laurent Lafitte;cpos:3;pos:1;elm:context_link;itc:0;sec:content-canvas\" class=\"link \">\u201cL\u2019abb\u00e9 Pierre\u201d : malaise en plateau apr\u00e8s la r\u00e9ponse g\u00eanante de Laurent Lafitte<\/a><br \/><a data-i13n=\"cpos:4;pos:1\" href=\"https:\/\/www.closermag.fr\/royautes\/dorures-medailles-et-diademe-kate-et-william-misent-sur-des-tenues-feeriques-pour-leur-diner-detat-3580494\" rel=\"nofollow noopener\" target=\"_blank\" data-ylk=\"slk:Dorures, m\u00e9dailles et diad\u00e8me : Kate et William misent sur des tenues f\u00e9eriques pour leur d\u00eener d\u2019Etat;cpos:4;pos:1;elm:context_link;itc:0;sec:content-canvas\" class=\"link \">Dorures, m\u00e9dailles et diad\u00e8me : Kate et William misent sur des tenues f\u00e9eriques pour leur d\u00eener d\u2019Etat<\/a><br \/><a data-i13n=\"cpos:5;pos:1\" href=\"https:\/\/www.closermag.fr\/people\/marlene-schiappa-bientot-maman-je-sais-que-cest-cyril-hanouna-manque-de-faire-une-enorme-bourde-en-direct-3580486\" rel=\"nofollow noopener\" target=\"_blank\" data-ylk=\"slk:Marl\u00e8ne Schiappa bient\u00f4t maman : \u201cJe sais que c\u2019est\u2026\u201d, Cyril Hanouna manque de faire une \u00e9norme bourde en direct;cpos:5;pos:1;elm:context_link;itc:0;sec:content-canvas\" class=\"link \">Marl\u00e8ne Schiappa bient\u00f4t maman : \u201cJe sais que c\u2019est\u2026\u201d, Cyril Hanouna manque de faire une \u00e9norme bourde en direct<\/a><br \/><a data-i13n=\"cpos:6;pos:1\" href=\"https:\/\/www.closermag.fr\/people\/hanouna-cest-le-parrain-matthieu-delormeau-balance-les-dealers-de-paris-connaissent-cyril-hanouna-3580487\" rel=\"nofollow noopener\" target=\"_blank\" data-ylk=\"slk:\u201cHanouna, c\u2019est le parrain\u201d, Matthieu Delormeau balance, les dealers de Paris connaissent Cyril Hanouna;cpos:6;pos:1;elm:context_link;itc:0;sec:content-canvas\" class=\"link \">\u201cHanouna, c\u2019est le parrain\u201d, Matthieu Delormeau balance, les dealers de Paris connaissent Cyril Hanouna<\/a><\/p>\n","protected":false},"excerpt":{"rendered":"Figure incontournable du cin\u00e9ma fran\u00e7ais, Christian Clavier a marqu\u00e9 des g\u00e9n\u00e9rations, mais tout a vraiment commenc\u00e9 gr\u00e2ce \u00e0&hellip;\n","protected":false},"author":2,"featured_media":399542,"comment_status":"","ping_status":"","sticky":false,"template":"","format":"standard","meta":{"footnotes":""},"categories":[1354],"tags":[2203,8900,58,59,1346,1011,27,15633,41496,41494,3970,1360,45736,36233],"class_list":{"0":"post-399541","1":"post","2":"type-post","3":"status-publish","4":"format-standard","5":"has-post-thumbnail","7":"category-films","8":"tag-christian-clavier","9":"tag-cinema-francais","10":"tag-divertissement","11":"tag-entertainment","12":"tag-films","13":"tag-fr","14":"tag-france","15":"tag-gerard-jugnot","16":"tag-josiane-balasko","17":"tag-marie-anne-chazel","18":"tag-michel-blanc","19":"tag-movies","20":"tag-rayane-bensetti","21":"tag-thierry-lhermitte"},"share_on_mastodon":{"url":"https:\/\/pubeurope.com\/@fr\/115224454380822206","error":""},"_links":{"self":[{"href":"https:\/\/www.europesays.com\/fr\/wp-json\/wp\/v2\/posts\/399541","targetHints":{"allow":["GET"]}}],"collection":[{"href":"https:\/\/www.europesays.com\/fr\/wp-json\/wp\/v2\/posts"}],"about":[{"href":"https:\/\/www.europesays.com\/fr\/wp-json\/wp\/v2\/types\/post"}],"author":[{"embeddable":true,"href":"https:\/\/www.europesays.com\/fr\/wp-json\/wp\/v2\/users\/2"}],"replies":[{"embeddable":true,"href":"https:\/\/www.europesays.com\/fr\/wp-json\/wp\/v2\/comments?post=399541"}],"version-history":[{"count":0,"href":"https:\/\/www.europesays.com\/fr\/wp-json\/wp\/v2\/posts\/399541\/revisions"}],"wp:featuredmedia":[{"embeddable":true,"href":"https:\/\/www.europesays.com\/fr\/wp-json\/wp\/v2\/media\/399542"}],"wp:attachment":[{"href":"https:\/\/www.europesays.com\/fr\/wp-json\/wp\/v2\/media?parent=399541"}],"wp:term":[{"taxonomy":"category","embeddable":true,"href":"https:\/\/www.europesays.com\/fr\/wp-json\/wp\/v2\/categories?post=399541"},{"taxonomy":"post_tag","embeddable":true,"href":"https:\/\/www.europesays.com\/fr\/wp-json\/wp\/v2\/tags?post=399541"}],"curies":[{"name":"wp","href":"https:\/\/api.w.org\/{rel}","templated":true}]}}