{"id":399547,"date":"2025-09-18T08:55:13","date_gmt":"2025-09-18T08:55:13","guid":{"rendered":"https:\/\/www.europesays.com\/fr\/399547\/"},"modified":"2025-09-18T08:55:13","modified_gmt":"2025-09-18T08:55:13","slug":"israel-gele-le-financement-de-ses-cesar-apres-lattribution-dun-prix-a-un-film-juge-propalestinien","status":"publish","type":"post","link":"https:\/\/www.europesays.com\/fr\/399547\/","title":{"rendered":"Isra\u00ebl g\u00e8le le financement de ses C\u00e9sar apr\u00e8s l\u2019attribution d\u2019un prix \u00e0 un film jug\u00e9 \u00ab\u00a0propalestinien\u00a0\u00bb"},"content":{"rendered":"<p>Le ministre de la Culture Miki Zohar, membre du parti dirig\u00e9 par Benyamin Netanyahou, a pris cette d\u00e9cision apr\u00e8s la remise de cinq prix \u00e0 Hayam, un long-m\u00e9trage retra\u00e7ant le p\u00e9riple d\u2019un enfant vivant en Cisjordanie occup\u00e9e.<\/p>\n<p class=\"fig-paragraph\">Le ministre de la Culture isra\u00e9lien Miki Zohar a annonc\u00e9 mercredi le gel du financement de la c\u00e9r\u00e9monie des prix Ophir, les\u00a0<a href=\"http:\/\/www.lefigaro.fr\/cinema\/ceremonie-cesar\/le-comte-de-monte-cristo-remporte-le-cesar-des-lyceens-2025-20250303\" data-fig-type=\"NewsFlash\" data-gtm-custom-categorie=\"navigation\" data-gtm-custom-action=\"crossclick\" data-gtm-custom-label=\"Contextuel\" data-gtm-event=\"customEventSPE\" data-fig-domain=\"LEFIGARO\" target=\"_blank\" rel=\"noopener\">C\u00e9sar\u00a0<\/a>isra\u00e9liens, apr\u00e8s l&rsquo;attribution du prix du meilleur film de fiction \u00e0 Hayam (La mer), film qu&rsquo;il a qualifi\u00e9 de \u00ab\u00a0propalestinien\u00a0\u00bb. Avec ce prix, le film r\u00e9alis\u00e9 par Sha\u00ef Carmeli-Pollak, documentariste qui signe ainsi son premier long m\u00e9trage de fiction, devient automatiquement le candidat isra\u00e9lien pour l&rsquo;Oscar 2026 du meilleur film \u00e9tranger.<\/p>\n<p class=\"fig-paragraph\">\u00ab\u00a0Apr\u00e8s que le film propalestinien Hayam, qui discr\u00e9dite nos soldats h\u00e9ro\u00efques alors qu&rsquo;ils se battent pour nous prot\u00e9ger, a remport\u00e9 le prix du meilleur film lors de la honteuse c\u00e9r\u00e9monie des Ophir 2025, j&rsquo;ai d\u00e9cid\u00e9 d&rsquo;arr\u00eater de financer la c\u00e9r\u00e9monie avec l&rsquo;argent des citoyens isra\u00e9liens\u00a0\u00bb, a annonc\u00e9 Miki Zohar dans un communiqu\u00e9. \u00ab\u00a0\u00c0 compter du budget 2026, cette c\u00e9r\u00e9monie mis\u00e9rable ne sera plus financ\u00e9e par l&rsquo;argent des contribuables\u00a0\u00bb, a-t-il ajout\u00e9.<\/p>\n<p>                                    <a class=\"fig-a11y-skip a11y-hidden\" href=\"#fig-a11y-skip-main-inarticle\"><br \/>\n        Passer la publicit\u00e9<br \/>\n    <\/a><\/p>\n<p class=\"fig-paragraph\">Le drame Hayam raconte le p\u00e9riple d&rsquo;un enfant palestinien de 12 ans, vivant \u00e0 Ramallah, en\u00a0<a href=\"http:\/\/www.lefigaro.fr\/international\/dossier\/cisjordanie-plus-de-50-ans-de-colonisation-israelienne\" data-fig-type=\"Topic\" data-gtm-custom-categorie=\"navigation\" data-gtm-custom-action=\"crossclick\" data-gtm-custom-label=\"Contextuel\" data-gtm-event=\"customEventSPE\" data-fig-domain=\"LEFIGARO\" target=\"_blank\" rel=\"noopener\">Cisjordanie\u00a0<\/a>occup\u00e9e, et qui veut voir la mer \u00e0 Tel-Aviv pour la premi\u00e8re fois de sa vie. Le film a remport\u00e9 cinq Ophir mardi soir, dont celui du meilleur acteur pour le r\u00f4le principal de l&rsquo;enfant, Mohammad Ghazaoui, plus jeune r\u00e9cipiendaire de ce prix. Plusieurs cin\u00e9astes sont arriv\u00e9s v\u00eatus de noir \u00e0 la c\u00e9r\u00e9monie et ont appel\u00e9 \u00e0 la fin de\u00a0<a href=\"http:\/\/www.lefigaro.fr\/international\/un-juif-ne-peut-plus-dire-qu-il-soutient-l-etat-d-israel-dans-une-reunion-de-gauche-comment-la-guerre-de-gaza-fracture-les-juifs-d-amerique-20250918\" data-fig-type=\"Article\" data-gtm-custom-categorie=\"navigation\" data-gtm-custom-action=\"crossclick\" data-gtm-custom-label=\"Contextuel\" data-gtm-event=\"customEventSPE\" data-fig-domain=\"LEFIGARO\" target=\"_blank\" rel=\"noopener\">la guerre \u00e0 Gaza<\/a>.<\/p>\n<p>Critiqu\u00e9 par les professionnels du cin\u00e9ma isra\u00e9lien<\/p>\n<p class=\"fig-paragraph\">\u00ab\u00a0Que ce film prim\u00e9 pr\u00e9sente nos soldats h\u00e9ro\u00efques de mani\u00e8re diffamatoire et mensong\u00e8re alors qu&rsquo;ils se battent et risquent leur vie pour nous prot\u00e9ger, ne surprend plus personne\u00a0\u00bb, affirme le communiqu\u00e9 de Miki Zohar, membre du Likoud, le grand parti de droite dirig\u00e9 par le Premier ministre\u00a0<a href=\"http:\/\/www.lefigaro.fr\/automobile\/benjamin-netanyahu-veut-commander-des-tesla-pour-les-hauts-fonctionnaires-israeliens-20250314\" data-fig-type=\"NewsFlash\" data-gtm-custom-categorie=\"navigation\" data-gtm-custom-action=\"crossclick\" data-gtm-custom-label=\"Contextuel\" data-gtm-event=\"customEventSPE\" data-fig-domain=\"LEFIGARO\" target=\"_blank\" rel=\"noopener\">Benyamin Netanyahou<\/a>. En r\u00e9ponse \u00e0 cette d\u00e9claration, l&rsquo;Acad\u00e9mie isra\u00e9lienne du cin\u00e9ma et de la t\u00e9l\u00e9vision a affirm\u00e9 son \u00ab\u00a0engagement pour l&rsquo;excellence cin\u00e9matographique, la libert\u00e9 artistique et la libert\u00e9 d&rsquo;expression\u00a0\u00bb.<\/p>\n<p class=\"fig-body-link\">\n            \u00c0 lire aussi<br \/>\n        <a class=\"fig-body-link__link\" href=\"http:\/\/www.lefigaro.fr\/cinema\/gal-gadot-attribue-l-echec-de-blanche-neige-a-la-pression-anti-israel-a-hollywood-20250818\" target=\"_blank\" data-fig-type=\"Article\" rel=\"noopener\" data-gtm-custom-categorie=\"navigation\" data-gtm-custom-action=\"crossclick\" data-gtm-custom-label=\"Contextuel\" data-gtm-event=\"customEventSPE\" data-fig-domain=\"LEFIGARO\">Gal Gadot attribue l\u2019\u00e9chec de Blanche-Neige \u00e0 la \u00ab\u00a0pression\u00a0\u00bb anti-Isra\u00ebl \u00e0 Hollywood<br \/>\n    <\/a>\n<\/p>\n<p class=\"fig-paragraph\">Ces derni\u00e8res ann\u00e9es, Miki Zohar a \u00e9t\u00e9 critiqu\u00e9 par des professionnels du cin\u00e9ma isra\u00e9lien pour une s\u00e9rie de mesures qu&rsquo;ils per\u00e7oivent comme une tentative du gouvernement de faire taire toute voix dissidente et de museler la libert\u00e9 d&rsquo;expression. En mars, le ministre avait qualifi\u00e9 l&rsquo;attribution d&rsquo;un Oscar\u00a0<a href=\"http:\/\/www.lefigaro.fr\/culture\/notre-critique-de-no-other-land-pour-quelques-hectares-de-plus-20241112\" data-fig-type=\"Article\" data-gtm-custom-categorie=\"navigation\" data-gtm-custom-action=\"crossclick\" data-gtm-custom-label=\"Contextuel\" data-gtm-event=\"customEventSPE\" data-fig-domain=\"LEFIGARO\" target=\"_blank\" rel=\"noopener\">au documentaire isra\u00e9lo-palestinien No other land<\/a> \u00a0de \u00ab\u00a0triste moment pour le monde du cin\u00e9ma\u00a0\u00bb. Ce film cor\u00e9alis\u00e9 par le Palestinien Basel Adra et l&rsquo;Isra\u00e9lien Yuval Abraham, traite de l&rsquo;occupation isra\u00e9lienne en Cisjordanie vue par des habitants d&rsquo;un village palestinien.<\/p>\n","protected":false},"excerpt":{"rendered":"Le ministre de la Culture Miki Zohar, membre du parti dirig\u00e9 par Benyamin Netanyahou, a pris cette d\u00e9cision&hellip;\n","protected":false},"author":2,"featured_media":399548,"comment_status":"","ping_status":"","sticky":false,"template":"","format":"standard","meta":{"footnotes":""},"categories":[8],"tags":[58,59,1011,27,664,15685,3518],"class_list":{"0":"post-399547","1":"post","2":"type-post","3":"status-publish","4":"format-standard","5":"has-post-thumbnail","7":"category-divertissement","8":"tag-divertissement","9":"tag-entertainment","10":"tag-fr","11":"tag-france","12":"tag-israel","13":"tag-oscars","14":"tag-palestine"},"share_on_mastodon":{"url":"https:\/\/pubeurope.com\/@fr\/115224466195657252","error":""},"_links":{"self":[{"href":"https:\/\/www.europesays.com\/fr\/wp-json\/wp\/v2\/posts\/399547","targetHints":{"allow":["GET"]}}],"collection":[{"href":"https:\/\/www.europesays.com\/fr\/wp-json\/wp\/v2\/posts"}],"about":[{"href":"https:\/\/www.europesays.com\/fr\/wp-json\/wp\/v2\/types\/post"}],"author":[{"embeddable":true,"href":"https:\/\/www.europesays.com\/fr\/wp-json\/wp\/v2\/users\/2"}],"replies":[{"embeddable":true,"href":"https:\/\/www.europesays.com\/fr\/wp-json\/wp\/v2\/comments?post=399547"}],"version-history":[{"count":0,"href":"https:\/\/www.europesays.com\/fr\/wp-json\/wp\/v2\/posts\/399547\/revisions"}],"wp:featuredmedia":[{"embeddable":true,"href":"https:\/\/www.europesays.com\/fr\/wp-json\/wp\/v2\/media\/399548"}],"wp:attachment":[{"href":"https:\/\/www.europesays.com\/fr\/wp-json\/wp\/v2\/media?parent=399547"}],"wp:term":[{"taxonomy":"category","embeddable":true,"href":"https:\/\/www.europesays.com\/fr\/wp-json\/wp\/v2\/categories?post=399547"},{"taxonomy":"post_tag","embeddable":true,"href":"https:\/\/www.europesays.com\/fr\/wp-json\/wp\/v2\/tags?post=399547"}],"curies":[{"name":"wp","href":"https:\/\/api.w.org\/{rel}","templated":true}]}}