{"id":39955,"date":"2025-04-20T22:21:12","date_gmt":"2025-04-20T22:21:12","guid":{"rendered":"https:\/\/www.europesays.com\/fr\/39955\/"},"modified":"2025-04-20T22:21:12","modified_gmt":"2025-04-20T22:21:12","slug":"on-sest-aventure-dans-les-traboules-de-lelectricite","status":"publish","type":"post","link":"https:\/\/www.europesays.com\/fr\/39955\/","title":{"rendered":"on s\u2019est aventur\u00e9 dans les traboules de l\u2019\u00e9lectricit\u00e9"},"content":{"rendered":"<p>Pensez \u00e0 elle la prochaine fois que vous appuyez sur l\u2019interrupteur. Sous nos pieds, la face cach\u00e9e du r\u00e9seau \u00e9lectrique lyonnais se d\u00e9ploie sur plusieurs kilom\u00e8tres de galeries. Un labyrinthe de c\u00e2bles, invisible pour le commun des mortels, mais \u00f4 combien essentiel.<\/p>\n<p>\u00c0 l\u2019image de veines humaines, ces tunnels &#8211; qu\u2019on appelle affectueusement \u201ctraboules de l\u2019\u00e9lectricit\u00e9\u201d &#8211; se ramifient, pour alimenter chaque seconde pr\u00e8s de 600\u00a0000 foyers entre Rh\u00f4ne et Sa\u00f4ne. Essentiel, disait-on. Et, de nos jours, l\u2019ensemble est automatis\u00e9.<\/p>\n<p>Une toile d\u2019araign\u00e9e<\/p>\n<p>Le Progr\u00e8s a pouss\u00e9 les portes d\u2019un poste source de la Presqu\u2019\u00eele, un&#8230;<\/p>\n","protected":false},"excerpt":{"rendered":"Pensez \u00e0 elle la prochaine fois que vous appuyez sur l\u2019interrupteur. Sous nos pieds, la face cach\u00e9e du&hellip;\n","protected":false},"author":2,"featured_media":39956,"comment_status":"","ping_status":"","sticky":false,"template":"","format":"standard","meta":{"footnotes":""},"categories":[1889],"tags":[1111,11,2430,33,2757,893,1777,674,107,1011,27,2428,2756,12,25,2429,4604],"class_list":{"0":"post-39955","1":"post","2":"type-post","3":"status-publish","4":"format-standard","5":"has-post-thumbnail","7":"category-lyon","8":"tag-actu","9":"tag-actualites","10":"tag-auvergne-rhone-alpes","11":"tag-economie","12":"tag-edition-lyon-villeurbanne","13":"tag-energie","14":"tag-eu","15":"tag-europe","16":"tag-fil-info","17":"tag-fr","18":"tag-france","19":"tag-lyon","20":"tag-lyon-bassin","21":"tag-news","22":"tag-republique-francaise","23":"tag-rhone","24":"tag-selection-abonne"},"share_on_mastodon":{"url":"https:\/\/pubeurope.com\/@fr\/114372626567718023","error":""},"_links":{"self":[{"href":"https:\/\/www.europesays.com\/fr\/wp-json\/wp\/v2\/posts\/39955","targetHints":{"allow":["GET"]}}],"collection":[{"href":"https:\/\/www.europesays.com\/fr\/wp-json\/wp\/v2\/posts"}],"about":[{"href":"https:\/\/www.europesays.com\/fr\/wp-json\/wp\/v2\/types\/post"}],"author":[{"embeddable":true,"href":"https:\/\/www.europesays.com\/fr\/wp-json\/wp\/v2\/users\/2"}],"replies":[{"embeddable":true,"href":"https:\/\/www.europesays.com\/fr\/wp-json\/wp\/v2\/comments?post=39955"}],"version-history":[{"count":0,"href":"https:\/\/www.europesays.com\/fr\/wp-json\/wp\/v2\/posts\/39955\/revisions"}],"wp:featuredmedia":[{"embeddable":true,"href":"https:\/\/www.europesays.com\/fr\/wp-json\/wp\/v2\/media\/39956"}],"wp:attachment":[{"href":"https:\/\/www.europesays.com\/fr\/wp-json\/wp\/v2\/media?parent=39955"}],"wp:term":[{"taxonomy":"category","embeddable":true,"href":"https:\/\/www.europesays.com\/fr\/wp-json\/wp\/v2\/categories?post=39955"},{"taxonomy":"post_tag","embeddable":true,"href":"https:\/\/www.europesays.com\/fr\/wp-json\/wp\/v2\/tags?post=39955"}],"curies":[{"name":"wp","href":"https:\/\/api.w.org\/{rel}","templated":true}]}}