{"id":399564,"date":"2025-09-18T09:04:25","date_gmt":"2025-09-18T09:04:25","guid":{"rendered":"https:\/\/www.europesays.com\/fr\/399564\/"},"modified":"2025-09-18T09:04:25","modified_gmt":"2025-09-18T09:04:25","slug":"notre-selection-des-10-visites-incontournables-ou-insolites-du-week-end","status":"publish","type":"post","link":"https:\/\/www.europesays.com\/fr\/399564\/","title":{"rendered":"notre s\u00e9lection des 10 visites incontournables ou insolites du week-end"},"content":{"rendered":"<p>  Parc du Champ-le-B\u0153uf : 170 millions d\u2019ann\u00e9es sous vos pieds<\/p>\n<p>Il y a environ 170 millions d\u2019ann\u00e9es, la mer recouvrait le territoire o\u00f9 s\u2019\u00e9tend aujourd\u2019hui le <a href=\"https:\/\/www.estrepublicain.fr\/culture-loisirs\/2025\/07\/27\/le-travail-des-carriers-mis-en-lumiere-au-sein-du-parc-d-agrement\" target=\"_blank\" rel=\"noopener\">parc du Champ-le-B\u0153uf<\/a> \u00e0 Laxou, pr\u00e8s de Nancy. Les affleurements rocheux, fossiles et traces d\u2019anciennes extractions y t\u00e9moignent de cette histoire g\u00e9ologique. Une visite guid\u00e9e propose de red\u00e9couvrir ce site, embl\u00e8me du g\u00e9opatrimoine local, au-del\u00e0 de ses all\u00e9es verdoyantes et paisibles.<\/p>\n<p class=\"note\">Samedi 20 septembre 2025 de 10 h 30 \u00e0 12 h.<\/p>\n<p>    &#13;<br \/>\n    &#13;<br \/>\n    &#13;<br \/>\n    <a href=\"https:\/\/cdn-s-www.estrepublicain.fr\/images\/475377fc-7b4c-465f-ac45-9c4420d936a1\/NW_raw\/fossiles-et-traces-d-extractions-temoignent-de-la-longuue-histoire-geologique-du-parc-photo-er-1757425421.jpg\" title=\"Fossiles et traces d&#039;extractions t\u00e9moignent de la longuue histoire g\u00e9ologique du parc. Photo ER\" class=\"chocolat-image GA-tracking\" data-ga_type=\"click\" data-ga_category=\"D\u00e9tail\" data-ga_action=\"zoomer\" data-ga_label=\"aggrandir image\" target=\"_blank\" rel=\"noopener\">&#13;<br \/>\n        <img src=\"https:\/\/www.europesays.com\/fr\/wp-content\/uploads\/2025\/09\/fossiles-et-traces-d-extractions-temoignent-de-la-longuue-histoire-geologique-du-parc-photo-er-17574.jpeg\"   alt=\"Fossiles et traces d'extractions t\u00e9moignent de la longuue histoire g\u00e9ologique du parc. Photo ER\" fetchpriority=\"high\" decoding=\"async\" data-mobile=\"NW_listA_M|1757425421\" data-base=\"NW_listA|1757425421\"\/>&#13;<br \/>\n    <\/a>&#13;<\/p>\n<p>Fossiles et traces d&rsquo;extractions t\u00e9moignent de la longuue histoire g\u00e9ologique du parc. Photo ER<\/p>\n<p>  La maison G\u00fcth \u00e0 Hoste : un t\u00e9moignage vivant de la vie paysanne<\/p>\n<p>La maison G\u00fcth, b\u00e2tisse \u00e0 pans de bois du XVII\u1d49 si\u00e8cle, offre une plong\u00e9e dans le quotidien rural de Moselle-Est. Conserv\u00e9e \u00ab en l\u2019\u00e9tat \u00bb, elle pr\u00e9sente une chemin\u00e9e \u00e0 la flamande, un jardin et un petit arboretum, ainsi que des dessins d\u2019Henri Josse dans l\u2019espace d\u2019exposition. Une visite libre permet de d\u00e9couvrir l\u2019architecture traditionnelle et l\u2019histoire d\u2019une maison paysanne authentique, ouverte exceptionnellement pour les Journ\u00e9es du patrimoine.<\/p>\n<p class=\"note\">Samedi 20 et dimanche 21 septembre 2025, 14 h \u2013 18 h. <a href=\"https:\/\/www.lamaisongueth.eu\/fr\/\" target=\"_blank\" rel=\"noopener\">Plus d&rsquo;infos ici.<\/a><\/p>\n<p>    &#13;<br \/>\n    &#13;<br \/>\n    &#13;<br \/>\n    <a href=\"https:\/\/cdn-s-www.estrepublicain.fr\/images\/f7972918-8dc7-4e89-a2a9-ac9a4c9298b7\/NW_raw\/la-maison-guth-maison-paysanne-d-autrefois-photo-stephane-mazzucotelli-1757426211.jpg\" title=\"La Maison G\u00fcth, maison paysanne d\u2019autrefois. Photo St\u00e9phane Mazzucotelli\" class=\"chocolat-image GA-tracking\" data-ga_type=\"click\" data-ga_category=\"D\u00e9tail\" data-ga_action=\"zoomer\" data-ga_label=\"aggrandir image\" target=\"_blank\" rel=\"noopener\">&#13;<br \/>\n        <img src=\"https:\/\/www.europesays.com\/fr\/wp-content\/uploads\/2025\/09\/la-maison-guth-maison-paysanne-d-autrefois-photo-stephane-mazzucotelli-1757426211.jpg\"   alt=\"La Maison G\u00fcth, maison paysanne d\u2019autrefois. Photo St\u00e9phane Mazzucotelli\" fetchpriority=\"high\" decoding=\"async\" data-mobile=\"NW_listA_M|1757426211\" data-base=\"NW_listA|1757426211\"\/>&#13;<br \/>\n    <\/a>&#13;<\/p>\n<p>La Maison G\u00fcth, maison paysanne d\u2019autrefois. Photo St\u00e9phane Mazzucotelli<\/p>\n<p>  A Stenay : visite du mus\u00e9e de la bi\u00e8re, dessins et balade sur les anciens remparts<\/p>\n<p><a href=\"https:\/\/www.estrepublicain.fr\/culture-loisirs\/2025\/09\/13\/le-plein-d-animations-pour-les-journees-du-patrimoine\" target=\"_blank\" rel=\"noopener\">Le week-end promet d&rsquo;\u00eatre riche \u00e0 Stenay !<\/a> Le mus\u00e9e de la bi\u00e8re ouvre ses portes pour une visite guid\u00e9e, mais \u00e9galement pour des ateliers de dessins sur le patrimoine local mais aussi d&rsquo;apr\u00e8s des mod\u00e8les vivants. La r\u00e9servation est recommand\u00e9e. Pour les plus sportifs, \u00e0 partir de la capitanerie, une balade comment\u00e9e est propos\u00e9e le long du trac\u00e9 des anciens remparts de la citadelle et de la ville fortifi\u00e9e, au XVIIe\u00a0si\u00e8cle.<\/p>\n<p class=\"note\">Samedi et dimanche, \u00e0 partir de 10 h 30. <a href=\"https:\/\/journeesdupatrimoine.culture.gouv.fr\/programme#\/search?query=stenay@47.0055508,1.2578112,6.09\" target=\"_blank\" rel=\"noopener\">Plus d&rsquo;infos ici<\/a><\/p>\n<p>    &#13;<br \/>\n    &#13;<br \/>\n    &#13;<br \/>\n    <a href=\"https:\/\/cdn-s-www.estrepublicain.fr\/images\/cdb586f0-711e-4ec9-bc0d-84baef2e1938\/NW_raw\/le-long-du-trace-des-anciens-remparts-de-la-citadelle-et-de-la-ville-fortifiee-balade-guidee-et-commentee-a-la-decouverte-de-stenay-au-xviie-siecle-1758013989.jpg\" title=\"Le long du trac\u00e9 des anciens remparts de la citadelle et de la ville fortifi\u00e9e, balade guid\u00e9e et comment\u00e9e \u00e0 la d\u00e9couverte de Stenay au XVIIe\u00a0si\u00e8cle.\" class=\"chocolat-image GA-tracking\" data-ga_type=\"click\" data-ga_category=\"D\u00e9tail\" data-ga_action=\"zoomer\" data-ga_label=\"aggrandir image\" target=\"_blank\" rel=\"noopener\">&#13;<br \/>\n        <img src=\"https:\/\/www.europesays.com\/fr\/wp-content\/uploads\/2025\/09\/le-long-du-trace-des-anciens-remparts-de-la-citadelle-et-de-la-ville-fortifiee-balade-guidee-et-comm.jpeg\"   alt=\"Le long du trac\u00e9 des anciens remparts de la citadelle et de la ville fortifi\u00e9e, balade guid\u00e9e et comment\u00e9e \u00e0 la d\u00e9couverte de Stenay au XVIIe\u00a0si\u00e8cle.\" fetchpriority=\"high\" decoding=\"async\" data-mobile=\"NW_listA_M|1758013989\" data-base=\"NW_listA|1758013989\"\/>&#13;<br \/>\n    <\/a>&#13;<\/p>\n<p>Le long du trac\u00e9 des anciens remparts de la citadelle et de la ville fortifi\u00e9e, balade guid\u00e9e et comment\u00e9e \u00e0 la d\u00e9couverte de Stenay au XVIIe\u00a0si\u00e8cle.<\/p>\n<p>  Les forts d\u2019Uxegney et de Bois l\u2019Abb\u00e9 ouverts pr\u00e8s d&rsquo;\u00c9pinal<\/p>\n<p>Les forts d\u2019Uxegney et de Bois l\u2019Abb\u00e9 seront ouverts en simultan\u00e9 et seront reli\u00e9s par le train des fort.\u00a0<a href=\"https:\/\/www.vosgesmatin.fr\/societe\/2025\/08\/07\/jade-durand-flon-guide-de-l-ete-au-fort\" target=\"_blank\" rel=\"noopener\">Pour la visite des deux forts<\/a> et le voyage en train, un tarif unique est pr\u00e9vu\u00a0: adulte, 10\u00a0\u20ac\u00a0; de 7 \u00e0 14 ans, 5\u00a0\u20ac. Cet \u00e9t\u00e9, un premier bilan \u00e9tabli d\u00e9but septembre annonce un total de <a href=\"https:\/\/www.vosgesmatin.fr\/societe\/2025\/09\/13\/a-uxegney-les-visites-des-forts-et-les-sorties-du-train-se-poursuivent-cet-automne\" target=\"_blank\" rel=\"noopener\">3 499 visiteurs depuis l\u2019ouverture au mois de mai.<\/a><\/p>\n<p class=\"note\">D\u00e9parts \u00e0 partir de 10 h 30 et jusqu&rsquo;\u00e0 14 h 30. <a href=\"https:\/\/journeesdupatrimoine.culture.gouv.fr\/w\/377623\/evenement\/19017270\/decouvrez-deux-forts-relies-par-un-train-a-vapeur-\" target=\"_blank\" rel=\"noopener\">Plus d&rsquo;infos ici<\/a><\/p>\n<p>    &#13;<br \/>\n    &#13;<br \/>\n    &#13;<br \/>\n    <a href=\"https:\/\/cdn-s-www.estrepublicain.fr\/images\/2908e055-0422-481b-a31a-7124b138c81b\/NW_raw\/le-train-des-forts-tracte-par-sa-locomotive-simonne-photo-d-archives-1758015791.jpg\" title=\"Le train des forts tract\u00e9 par sa locomotive Simonne. Photo d\u2019archives\" class=\"chocolat-image GA-tracking\" data-ga_type=\"click\" data-ga_category=\"D\u00e9tail\" data-ga_action=\"zoomer\" data-ga_label=\"aggrandir image\" target=\"_blank\" rel=\"noopener\">&#13;<br \/>\n        <img src=\"https:\/\/www.europesays.com\/fr\/wp-content\/uploads\/2025\/09\/le-train-des-forts-tracte-par-sa-locomotive-simonne-photo-d-archives-1758015791.jpg\"   alt=\"Le train des forts tract\u00e9 par sa locomotive Simonne. Photo d\u2019archives\" fetchpriority=\"high\" decoding=\"async\" data-mobile=\"NW_listA_M|1758015791\" data-base=\"NW_listA|1758015791\"\/>&#13;<br \/>\n    <\/a>&#13;<\/p>\n<p>Le train des forts tract\u00e9 par sa locomotive Simonne. Photo d\u2019archives<\/p>\n<p>  <strong>Voyagez dans l\u2019histoire de la m\u00e9decine en Lorraine<\/strong><\/p>\n<p>Plongez dans l\u2019univers fascinant du<a href=\"https:\/\/www.estrepublicain.fr\/sante\/2021\/02\/11\/musee-de-la-sante-a-vandoeuvre-plongee-dans-la-medecine-d-antan\" target=\"_blank\" rel=\"noopener\"> mus\u00e9e de la Sant\u00e9 de Lorraine<\/a>, situ\u00e9 \u00e0 l&rsquo;int\u00e9rieur de la Facult\u00e9 de m\u00e9decine \u00e0 Vandoeuvre-l\u00e8s-Nancy. Une visite comment\u00e9e est programm\u00e9e pour vous d\u00e9voiler des tableaux charg\u00e9s d\u2019histoire, des mod\u00e8les anatomiques, des maquettes d\u2019\u00e9tude et des instruments m\u00e9dicaux, pharmaceutiques ou dentaires. Une occasion rare d\u2019explorer l\u2019\u00e9volution des savoirs et pratiques de sant\u00e9.<\/p>\n<p class=\"note\">Samedi 20 septembre 2025 de 14 h 30 \u00e0 16 h 30, sans r\u00e9servation.<\/p>\n<p>    &#13;<br \/>\n    &#13;<br \/>\n    &#13;<br \/>\n    <a href=\"https:\/\/cdn-s-www.estrepublicain.fr\/images\/fd6798cf-07de-4ac1-9ec2-40e18714c4d1\/NW_raw\/le-campus-sante-de-brabois-abrite-un-musee-de-la-sante-de-lorraine-photo-stephanie-cheffer-1757425076.jpg\" title=\"Le Campus Sant\u00e9 de Brabois abrite un mus\u00e9e de la sant\u00e9 de Lorraine.\u00a0Photo St\u00e9phanie Cheffer\" class=\"chocolat-image GA-tracking\" data-ga_type=\"click\" data-ga_category=\"D\u00e9tail\" data-ga_action=\"zoomer\" data-ga_label=\"aggrandir image\" target=\"_blank\" rel=\"noopener\">&#13;<br \/>\n        <img src=\"https:\/\/www.europesays.com\/fr\/wp-content\/uploads\/2025\/09\/le-campus-sante-de-brabois-abrite-un-musee-de-la-sante-de-lorraine-photo-stephanie-cheffer-175742507.jpeg\"   alt=\"Le Campus Sant\u00e9 de Brabois abrite un mus\u00e9e de la sant\u00e9 de Lorraine.\u00a0Photo St\u00e9phanie Cheffer\" fetchpriority=\"high\" decoding=\"async\" data-mobile=\"NW_listA_M|1757425076\" data-base=\"NW_listA|1757425076\"\/>&#13;<br \/>\n    <\/a>&#13;<\/p>\n<p>Le Campus Sant\u00e9 de Brabois abrite un mus\u00e9e de la sant\u00e9 de Lorraine.\u00a0Photo St\u00e9phanie Cheffer<\/p>\n<p>  Longwy : le Puits de Si\u00e8ge, vestige unique du XVII\u1d49 si\u00e8cle<\/p>\n<p>\u00c9rig\u00e9 entre 1679 et 1690 au centre de la place Darche \u00e0 Longwy, le <a href=\"https:\/\/www.republicain-lorrain.fr\/culture-loisirs\/2022\/08\/25\/le-puits-de-siege-piece-maitresse-de-vauban\" target=\"_blank\" rel=\"noopener\">Puits de Si\u00e8ge<\/a> est le seul des cinq puits d\u2019origine encore conserv\u00e9. Profond d\u2019environ 60 m\u00e8tres et jadis actionn\u00e9 par une roue o\u00f9 deux hommes marchaient, il est aujourd\u2019hui class\u00e9 Monument historique et abrite l\u2019Office de tourisme du Grand Longwy.<\/p>\n<p class=\"note\">Samedi 20 et dimanche 21 septembre 2025, de 9 h 30 \u00e0 18 h. Pour plus d&rsquo;informations, appeler au 03 82 24 94 54.<\/p>\n<p>    &#13;<br \/>\n    &#13;<br \/>\n    &#13;<br \/>\n    <a href=\"https:\/\/cdn-s-www.estrepublicain.fr\/images\/fd20f5f1-664a-48db-a28e-5405909290c4\/NW_raw\/le-puits-de-siege-place-darche-a-longwy-photo-rl-1757425532.jpg\" title=\"Le puits de si\u00e8ge, place Darche \u00e0 Longwy. Photo RL\" class=\"chocolat-image GA-tracking\" data-ga_type=\"click\" data-ga_category=\"D\u00e9tail\" data-ga_action=\"zoomer\" data-ga_label=\"aggrandir image\" target=\"_blank\" rel=\"noopener\">&#13;<br \/>\n        <img src=\"https:\/\/www.europesays.com\/fr\/wp-content\/uploads\/2025\/09\/le-puits-de-siege-place-darche-a-longwy-photo-rl-1757425532.jpg\"   alt=\"Le puits de si\u00e8ge, place Darche \u00e0 Longwy. Photo RL\" fetchpriority=\"high\" decoding=\"async\" data-mobile=\"NW_listA_M|1757425532\" data-base=\"NW_listA|1757425532\"\/>&#13;<br \/>\n    <\/a>&#13;<\/p>\n<p>Le puits de si\u00e8ge, place Darche \u00e0 Longwy. Photo RL<\/p>\n<p>  Enqu\u00eatez avec l\u2019inspecteur Bonsens dans les rues de Thionville<\/p>\n<p>Partez \u00e0 la d\u00e9couverte de Thionville sous un angle in\u00e9dit et ludique. Stylo et carnet en main, aidez l\u2019inspecteur Bonsens \u00e0 r\u00e9soudre les \u00e9nigmes de la ville. Qui est la Grosse Suzanne ? Pourquoi la Tour aux Puces porte-t-elle ce nom, et o\u00f9 \u00e9taient vid\u00e9s les anciens pots de chambre ? Au fil des rues et des ruelles anciennes, vous d\u00e9couvrirez le patrimoine historique, les vestiges industriels et les anecdotes et curiosit\u00e9s qui font le charme de la ville.<\/p>\n<p class=\"note\">Dimanche 21 septembre 2025, de 16 h \u00e0 17 h 30.<\/p>\n<p>    &#13;<br \/>\n    &#13;<br \/>\n    &#13;<br \/>\n    <a href=\"https:\/\/cdn-s-www.estrepublicain.fr\/images\/74245281-0851-4dac-a6ff-0e713c539658\/NW_raw\/a-l-occasion-des-journees-europeennes-du-patrimoine-le-pays-thionvillois-tourisme-propose-une-visite-guidee-originale-et-participative-dans-les-rues-de-la-ville-photo-stephane-thevenin-1758013989.jpg\" title=\"\u00c0 l\u2019occasion des Journ\u00e9es europ\u00e9ennes du patrimoine, le Pays Thionvillois Tourisme propose une visite guid\u00e9e originale et participative dans les rues de la ville. Photo St\u00e9phane Th\u00e9venin\" class=\"chocolat-image GA-tracking\" data-ga_type=\"click\" data-ga_category=\"D\u00e9tail\" data-ga_action=\"zoomer\" data-ga_label=\"aggrandir image\" target=\"_blank\" rel=\"noopener\">&#13;<br \/>\n        <img src=\"https:\/\/www.europesays.com\/fr\/wp-content\/uploads\/2025\/09\/a-l-occasion-des-journees-europeennes-du-patrimoine-le-pays-thionvillois-tourisme-propose-une-visite.jpeg\"   alt=\"\u00c0 l\u2019occasion des Journ\u00e9es europ\u00e9ennes du patrimoine, le Pays Thionvillois Tourisme propose une visite guid\u00e9e originale et participative dans les rues de la ville. Photo St\u00e9phane Th\u00e9venin\" fetchpriority=\"high\" decoding=\"async\" data-mobile=\"NW_listA_M|1758013989\" data-base=\"NW_listA|1758013989\"\/>&#13;<br \/>\n    <\/a>&#13;<\/p>\n<p>\u00c0 l\u2019occasion des Journ\u00e9es europ\u00e9ennes du patrimoine, le Pays Thionvillois Tourisme propose une visite guid\u00e9e originale et participative dans les rues de la ville. Photo St\u00e9phane Th\u00e9venin<\/p>\n<p>  Image\u2019Est : le patrimoine visuel du Grand Est d\u00e9voil\u00e9<\/p>\n<p>\u00cates-vous incollable sur le patrimoine visuel de la r\u00e9gion ? Une visite guid\u00e9e d\u2019Image\u2019Est, \u00e0 Nancy, vous ouvre les coulisses de <a href=\"https:\/\/www.estrepublicain.fr\/culture-loisirs\/2025\/02\/10\/image-est-750-autochromes-realises-des-1908-par-paul-michels-sont-visibles-en-ligne\" target=\"_blank\" rel=\"noopener\">l\u2019association<\/a> qui sauvegarde et valorise photos et films du Grand Est. L\u2019occasion de d\u00e9couvrir ses missions, ses locaux et d\u2019explorer l\u2019histoire r\u00e9gionale \u00e0 travers des archives rares et embl\u00e9matiques.<\/p>\n<p class=\"note\">Samedi 20 septembre 2025 de 10 h \u00e0 12 h. Pour plus d&rsquo;informations, \u00e9crire \u00e0 : blaise.aurora@image-est.fr.<\/p>\n<p>    &#13;<br \/>\n    &#13;<br \/>\n    &#13;<br \/>\n    <a href=\"https:\/\/cdn-s-www.estrepublicain.fr\/images\/9c0b6444-29fe-4190-96d3-e6b0e7d81555\/NW_raw\/10-000-films-sont-conserves-au-pole-patrimoine-de-l-association-image-est-a-nancy-photo-jean-christophe-vincent-1757435860.jpg\" title=\"10 000 films sont conserv\u00e9s au p\u00f4le patrimoine de l&#039;association Image&#039;Est, \u00e0 Nancy. Photo Jean-Christophe Vincent\" class=\"chocolat-image GA-tracking\" data-ga_type=\"click\" data-ga_category=\"D\u00e9tail\" data-ga_action=\"zoomer\" data-ga_label=\"aggrandir image\" target=\"_blank\" rel=\"noopener\">&#13;<br \/>\n        <img src=\"https:\/\/www.europesays.com\/fr\/wp-content\/uploads\/2025\/09\/10-000-films-sont-conserves-au-pole-patrimoine-de-l-association-image-est-a-nancy-photo-jean-christo.jpeg\"   alt=\"10 000 films sont conserv\u00e9s au p\u00f4le patrimoine de l'association Image'Est, \u00e0 Nancy. Photo Jean-Christophe Vincent\" fetchpriority=\"high\" decoding=\"async\" data-mobile=\"NW_listA_M|1757435860\" data-base=\"NW_listA|1757435860\"\/>&#13;<br \/>\n    <\/a>&#13;<\/p>\n<p>10 000 films sont conserv\u00e9s au p\u00f4le patrimoine de l&rsquo;association Image&rsquo;Est, \u00e0 Nancy. Photo Jean-Christophe Vincent<\/p>\n<p>  Palais de Justice de Metz : l\u2019envers de la justice r\u00e9v\u00e9l\u00e9<\/p>\n<p>Le Palais de Justice, ancien palais du gouverneur des Trois-\u00c9v\u00each\u00e9s, d\u00e9voile ses secrets lors des Journ\u00e9es du patrimoine. La visite comment\u00e9e permet de d\u00e9couvrir la cour d\u2019assises et les audiences correctionnelles en salle historique, un acc\u00e8s rare au c\u0153ur du fonctionnement de la justice. Entre sculptures militaires, all\u00e9gories classiques et architecture n\u00e9oclassique en pierre de Jaumont, cette visite offre une plong\u00e9e originale dans l\u2019histoire judiciaire et les coulisses d\u2019un monument embl\u00e9matique de Metz.<\/p>\n<p class=\"note\">Samedi 20 septembre 2025, 10 h \u2013 17 h. R\u00e9servation <a href=\"https:\/\/my.weezevent.com\/jep-palais-de-justice-de-metz-200925-presentation-de-la-cour-dassises\" target=\"_blank\" rel=\"noopener\">par ici<\/a>.<\/p>\n<p>    &#13;<br \/>\n    &#13;<br \/>\n    &#13;<br \/>\n    <a href=\"https:\/\/cdn-s-www.estrepublicain.fr\/images\/f4b4a1ae-9b95-4dcd-8909-c3327b16f3c4\/NW_raw\/photo-karim-siari-1757435860.jpg\" title=\"Photo Karim Siari\" class=\"chocolat-image GA-tracking\" data-ga_type=\"click\" data-ga_category=\"D\u00e9tail\" data-ga_action=\"zoomer\" data-ga_label=\"aggrandir image\" target=\"_blank\" rel=\"noopener\">&#13;<br \/>\n        <img src=\"https:\/\/www.europesays.com\/fr\/wp-content\/uploads\/2025\/09\/photo-karim-siari-1757435860.jpg\"   alt=\"Photo Karim Siari\" fetchpriority=\"high\" decoding=\"async\" data-mobile=\"NW_listA_M|1757435860\" data-base=\"NW_listA|1757435860\"\/>&#13;<br \/>\n    <\/a>&#13;<\/p>\n<p>Photo Karim Siari<\/p>\n<p>  Raon-l\u2019\u00c9tape : un escape game \u00e0 la m\u00e9diath\u00e8que<\/p>\n<p>Deux animations sont propos\u00e9es gratuitement, ax\u00e9es sur le patrimoine architectural. Tout d\u2019abord, un escape game est propos\u00e9 \u00e0 la m\u00e9diath\u00e8que de Raon-l\u2019\u00c9tape o\u00f9 les participants auront une heure pour retrouver la malle perdue.<\/p>\n<p>Au programme \u00e9galement, un rallye photos \u00e0 travers la cit\u00e9 raonnaise avec l\u2019association Eco-Tourisme AKM o\u00f9 il faudra retrouver l\u2019emplacement des 10 photos prises \u00e0 travers \u00e0 la ville.<\/p>\n<p class=\"note\">\u00a0Samedi 20\u00a0septembre \u00e0 14\u00a0h. Inscription obligatoire et souhait\u00e9e.<\/p>\n<p>    &#13;<br \/>\n    &#13;<br \/>\n    &#13;<br \/>\n    <a href=\"https:\/\/cdn-s-www.estrepublicain.fr\/images\/2c9beb9d-5e4f-48c8-9e36-1f64dcc92090\/NW_raw\/un-rallye-photos-est-organise-a-travers-la-cite-raonnaise-photo-david-henry-1758015002.jpg\" title=\"Un rallye photos est organis\u00e9 \u00e0 travers la cit\u00e9 raonnaise. Photo David Henry\" class=\"chocolat-image GA-tracking\" data-ga_type=\"click\" data-ga_category=\"D\u00e9tail\" data-ga_action=\"zoomer\" data-ga_label=\"aggrandir image\" target=\"_blank\" rel=\"noopener\">&#13;<br \/>\n        <img src=\"https:\/\/www.europesays.com\/fr\/wp-content\/uploads\/2025\/09\/un-rallye-photos-est-organise-a-travers-la-cite-raonnaise-photo-david-henry-1758015002.jpg\"   alt=\"Un rallye photos est organis\u00e9 \u00e0 travers la cit\u00e9 raonnaise. Photo David Henry\" fetchpriority=\"high\" decoding=\"async\" data-mobile=\"NW_listA_M|1758015002\" data-base=\"NW_listA|1758015002\"\/>&#13;<br \/>\n    <\/a>&#13;<\/p>\n<p>Un rallye photos est organis\u00e9 \u00e0 travers la cit\u00e9 raonnaise. Photo David Henry<\/p>\n<p>  Salines Royales de Dieuze : l\u2019histoire du sel en Lorraine<\/p>\n<p>Les Salines Royales de Dieuze r\u00e9v\u00e8lent des si\u00e8cles d\u2019exploitation du sel, source de richesse pour la r\u00e9gion du Saulnois. La visite guid\u00e9e permet de d\u00e9couvrir le Puits Sal\u00e9, les anciens magasins \u00e0 sel, l\u2019espace mus\u00e9ographique et le jardin des Gabelous, tout en assistant \u00e0 une d\u00e9monstration de fabrication du sel. Un parcours qui allie patrimoine architectural, histoire et savoir-faire traditionnel.<\/p>\n<p class=\"note\">Samedi 20 septembre de 14 h \u00e0 17 h et dimanche 21 septembre de 10 h \u00e0 18 h<\/p>\n<p>    &#13;<br \/>\n    &#13;<br \/>\n    &#13;<br \/>\n    <a href=\"https:\/\/cdn-s-www.estrepublicain.fr\/images\/022b937a-498d-4730-a01b-ff801804b406\/NW_raw\/a-l-interieur-des-salines-royales-de-dieuze-photo-stephanie-paquet-1757426211.jpg\" title=\"A\u00a0l&#039;Int\u00e9rieur des salines royales de Dieuze. Photo St\u00e9phanie Paquet\" class=\"chocolat-image GA-tracking\" data-ga_type=\"click\" data-ga_category=\"D\u00e9tail\" data-ga_action=\"zoomer\" data-ga_label=\"aggrandir image\" target=\"_blank\" rel=\"noopener\">&#13;<br \/>\n        <img src=\"https:\/\/www.europesays.com\/fr\/wp-content\/uploads\/2025\/09\/a-l-interieur-des-salines-royales-de-dieuze-photo-stephanie-paquet-1757426211.jpg\"   alt=\"A\u00a0l'Int\u00e9rieur des salines royales de Dieuze. Photo St\u00e9phanie Paquet\" fetchpriority=\"high\" decoding=\"async\" data-mobile=\"NW_listA_M|1757426211\" data-base=\"NW_listA|1757426211\"\/>&#13;<br \/>\n    <\/a>&#13;<\/p>\n<p>A\u00a0l&rsquo;Int\u00e9rieur des salines royales de Dieuze. Photo St\u00e9phanie Paquet<\/p>\n","protected":false},"excerpt":{"rendered":"Parc du Champ-le-B\u0153uf : 170 millions d\u2019ann\u00e9es sous vos pieds Il y a environ 170 millions d\u2019ann\u00e9es, la&hellip;\n","protected":false},"author":2,"featured_media":399565,"comment_status":"","ping_status":"","sticky":false,"template":"","format":"standard","meta":{"footnotes":""},"categories":[9635],"tags":[1111,11,1687,1704,1777,674,107,1011,27,775,1702,1703,12,2661,3456,25,273,104,5711],"class_list":{"0":"post-399564","1":"post","2":"type-post","3":"status-publish","4":"format-standard","5":"has-post-thumbnail","7":"category-nancy","8":"tag-actu","9":"tag-actualites","10":"tag-culture-loisirs","11":"tag-edition-nancy-et-agglomeration","12":"tag-eu","13":"tag-europe","14":"tag-fil-info","15":"tag-fr","16":"tag-france","17":"tag-grand-est","18":"tag-nancy","19":"tag-nancy-ville-54b","20":"tag-news","21":"tag-patrimoine-culturel","22":"tag-region-lorraine","23":"tag-republique-francaise","24":"tag-selection-de-la-redaction","25":"tag-societe","26":"tag-vandoeuvre-les-nancy"},"share_on_mastodon":{"url":"https:\/\/pubeurope.com\/@fr\/115224508836055669","error":""},"_links":{"self":[{"href":"https:\/\/www.europesays.com\/fr\/wp-json\/wp\/v2\/posts\/399564","targetHints":{"allow":["GET"]}}],"collection":[{"href":"https:\/\/www.europesays.com\/fr\/wp-json\/wp\/v2\/posts"}],"about":[{"href":"https:\/\/www.europesays.com\/fr\/wp-json\/wp\/v2\/types\/post"}],"author":[{"embeddable":true,"href":"https:\/\/www.europesays.com\/fr\/wp-json\/wp\/v2\/users\/2"}],"replies":[{"embeddable":true,"href":"https:\/\/www.europesays.com\/fr\/wp-json\/wp\/v2\/comments?post=399564"}],"version-history":[{"count":0,"href":"https:\/\/www.europesays.com\/fr\/wp-json\/wp\/v2\/posts\/399564\/revisions"}],"wp:featuredmedia":[{"embeddable":true,"href":"https:\/\/www.europesays.com\/fr\/wp-json\/wp\/v2\/media\/399565"}],"wp:attachment":[{"href":"https:\/\/www.europesays.com\/fr\/wp-json\/wp\/v2\/media?parent=399564"}],"wp:term":[{"taxonomy":"category","embeddable":true,"href":"https:\/\/www.europesays.com\/fr\/wp-json\/wp\/v2\/categories?post=399564"},{"taxonomy":"post_tag","embeddable":true,"href":"https:\/\/www.europesays.com\/fr\/wp-json\/wp\/v2\/tags?post=399564"}],"curies":[{"name":"wp","href":"https:\/\/api.w.org\/{rel}","templated":true}]}}