{"id":39957,"date":"2025-04-20T22:22:09","date_gmt":"2025-04-20T22:22:09","guid":{"rendered":"https:\/\/www.europesays.com\/fr\/39957\/"},"modified":"2025-04-20T22:22:09","modified_gmt":"2025-04-20T22:22:09","slug":"textor-il-faut-reflechir-sur-larbitrage-ligue-1-j30-asse-lyon-2-1","status":"publish","type":"post","link":"https:\/\/www.europesays.com\/fr\/39957\/","title":{"rendered":"Textor : \u00ab\u00a0Il faut r\u00e9fl\u00e9chir sur l\u2019arbitrage\u00a0\u00bb &#8211; Ligue 1 &#8211; J30 &#8211; ASSE-Lyon (2-1)"},"content":{"rendered":"<p>Le cowboy a raison.<\/p>\n<p>Pr\u00e9sent au micro de DAZN apr\u00e8s <a target=\"_blank\" href=\"https:\/\/www.sofoot.com\/articles\/ligue-1-vainquer-de-lyon-saint-etienne-soffre-le-derby-le-plus-long\" rel=\"nofollow noopener\"><strong>la d\u00e9faite de Lyon contre Saint-\u00c9tienne dans le derby (2-1)<\/strong><\/a> ce dimanche soir, <strong>John Textor, le pr\u00e9sident de l\u2019OL, n\u2019 a pas m\u00e2ch\u00e9 ses mots concernant l\u2019arbitrage de monsieur Fran\u00e7ois Letexier<\/strong>. L\u2019arbitre a en effet annul\u00e9 le carton rouge pourtant logique de Lucas Stassin, coupable d\u2019une grosse semelle sur Corentin Tolisso : \u00ab<strong>\u202fC\u2019est arriv\u00e9 \u00e0 huit reprises ces deux derni\u00e8res saisons que notre club soit mal arbitr\u00e9 par le VAR<\/strong>\u00a0\u00bb,\u00a0a ainsi pos\u00e9 un John Textor plut\u00f4t calme.<\/p>\n<p><img decoding=\"async\" loading=\"lazy\" class=\"\" src=\"https:\/\/www.europesays.com\/fr\/wp-content\/uploads\/2025\/04\/1745187728_679_grande.jpg\" alt=\"\" width=\"983\" height=\"1563\"\/><\/p>\n<p>Sans parler de jeu, le dirigeant a donc tenu \u00e0 d\u00e9fendre son \u00e9quipe : \u00ab<strong>\u202fHuit erreurs pour une seule \u00e9quipe\u2026 Il faut r\u00e9fl\u00e9chir sur l\u2019arbitrage.<\/strong>\u202f\u00bb\u00a0Textor avait d\u00e9j\u00e0 fustig\u00e9 la prestation de monsieur Letexier sur les r\u00e9seaux sociaux, en cours de partie.<\/p>\n<p>En attendant la r\u00e9ponse de Nasser Al Khela\u00effi.<\/p>\n<p>\t\t\t\t\t\t\t\t\t\t<a class=\"lien-connexe\" href=\"https:\/\/www.sofoot.com\/articles\/ligue-1-vainquer-de-lyon-saint-etienne-soffre-le-derby-le-plus-long\" rel=\"nofollow noopener\" target=\"_blank\">Saint-\u00c9tienne s\u2019offre le derby le plus long<\/a>\t\t\t\t\t<\/p>\n","protected":false},"excerpt":{"rendered":"Le cowboy a raison. Pr\u00e9sent au micro de DAZN apr\u00e8s la d\u00e9faite de Lyon contre Saint-\u00c9tienne dans le&hellip;\n","protected":false},"author":2,"featured_media":39958,"comment_status":"","ping_status":"","sticky":false,"template":"","format":"standard","meta":{"footnotes":""},"categories":[1889],"tags":[1111,47,11,61,2430,69,65,64,1777,674,63,1011,27,68,66,2428,12,62,70,25,67],"class_list":{"0":"post-39957","1":"post","2":"type-post","3":"status-publish","4":"format-standard","5":"has-post-thumbnail","7":"category-lyon","8":"tag-actu","9":"tag-actualite","10":"tag-actualites","11":"tag-actus-football","12":"tag-auvergne-rhone-alpes","13":"tag-bundesliga","14":"tag-championnats-europeens","15":"tag-equipe-de-france","16":"tag-eu","17":"tag-europe","18":"tag-football","19":"tag-fr","20":"tag-france","21":"tag-ligua","22":"tag-ligue-1","23":"tag-lyon","24":"tag-news","25":"tag-news-foot","26":"tag-premier-league","27":"tag-republique-francaise","28":"tag-serie-a"},"share_on_mastodon":{"url":"https:\/\/pubeurope.com\/@fr\/114372630659503037","error":""},"_links":{"self":[{"href":"https:\/\/www.europesays.com\/fr\/wp-json\/wp\/v2\/posts\/39957","targetHints":{"allow":["GET"]}}],"collection":[{"href":"https:\/\/www.europesays.com\/fr\/wp-json\/wp\/v2\/posts"}],"about":[{"href":"https:\/\/www.europesays.com\/fr\/wp-json\/wp\/v2\/types\/post"}],"author":[{"embeddable":true,"href":"https:\/\/www.europesays.com\/fr\/wp-json\/wp\/v2\/users\/2"}],"replies":[{"embeddable":true,"href":"https:\/\/www.europesays.com\/fr\/wp-json\/wp\/v2\/comments?post=39957"}],"version-history":[{"count":0,"href":"https:\/\/www.europesays.com\/fr\/wp-json\/wp\/v2\/posts\/39957\/revisions"}],"wp:featuredmedia":[{"embeddable":true,"href":"https:\/\/www.europesays.com\/fr\/wp-json\/wp\/v2\/media\/39958"}],"wp:attachment":[{"href":"https:\/\/www.europesays.com\/fr\/wp-json\/wp\/v2\/media?parent=39957"}],"wp:term":[{"taxonomy":"category","embeddable":true,"href":"https:\/\/www.europesays.com\/fr\/wp-json\/wp\/v2\/categories?post=39957"},{"taxonomy":"post_tag","embeddable":true,"href":"https:\/\/www.europesays.com\/fr\/wp-json\/wp\/v2\/tags?post=39957"}],"curies":[{"name":"wp","href":"https:\/\/api.w.org\/{rel}","templated":true}]}}