{"id":399590,"date":"2025-09-18T09:21:10","date_gmt":"2025-09-18T09:21:10","guid":{"rendered":"https:\/\/www.europesays.com\/fr\/399590\/"},"modified":"2025-09-18T09:21:10","modified_gmt":"2025-09-18T09:21:10","slug":"un-policier-municipal-place-en-detention-pour-viol-sur-mineur","status":"publish","type":"post","link":"https:\/\/www.europesays.com\/fr\/399590\/","title":{"rendered":"Un policier municipal plac\u00e9 en d\u00e9tention pour viol sur mineur"},"content":{"rendered":"<p>Un <a href=\"https:\/\/www.20minutes.fr\/dossier\/police_municipale\" class=\"c-link c-link--is-underlined\" target=\"_blank\" rel=\"noopener\">policier municipal<\/a> ni\u00e7ois a \u00e9t\u00e9 plac\u00e9 en d\u00e9tention provisoire dimanche dernier dans une enqu\u00eate pour <a href=\"https:\/\/www.20minutes.fr\/dossier\/viol\" class=\"c-link c-link--is-underlined\" target=\"_blank\" rel=\"noopener\">viol<\/a> sur <a href=\"https:\/\/www.20minutes.fr\/dossier\/mineur\" class=\"c-link c-link--is-underlined\" target=\"_blank\" rel=\"noopener\">mineur<\/a> apr\u00e8s que celui-ci a entretenu une relation intime avec une jeune fille de 13 ans, rapporte <a href=\"https:\/\/www.nicematin.com\/justice\/il-avait-noue-une-relation-intime-avec-une-adolescente-de-13-ans-un-policier-municipal-nicois-place-en-detention-pour-viol-sur-mineure-1002032\" rel=\"nofollow noopener\" target=\"_blank\" class=\"c-link c-link--is-underlined\">Nice Matin<\/a>.<\/p>\n<p>C\u2019est la m\u00e8re de celle-ci, \u00e9galement polici\u00e8re municipale \u00e0 Nice mais partie pour Grasse qui a signal\u00e9 les faits lorsqu\u2019elle a d\u00e9couvert la relation de ce trentenaire ex-coll\u00e8gue avec sa fille.<\/p>\n<p>Po\u00e8mes et photos pornographiques<\/p>\n<p>Le mis en cause et la jeune <a href=\"https:\/\/www.20minutes.fr\/dossier\/adolescent\" class=\"c-link c-link--is-underlined\" target=\"_blank\" rel=\"noopener\">adolescente <\/a>s\u2019\u00e9taient rencontr\u00e9s par l\u2019interm\u00e9diaire de la m\u00e8re qui dans le cadre de son travail de polici\u00e8re \u00e0 <a href=\"https:\/\/www.20minutes.fr\/nice\/\" class=\"c-link c-link--is-underlined\" target=\"_blank\" rel=\"noopener\">Nice <\/a>d\u00e9jeunait r\u00e9guli\u00e8rement avec sa fille et le <a href=\"https:\/\/www.20minutes.fr\/dossier\/policier\" class=\"c-link c-link--is-underlined\" target=\"_blank\" rel=\"noopener\">policier <\/a>trentenaire.<\/p>\n<p>Peu apr\u00e8s son d\u00e9part pour Grasse et alors que sa fille avait \u00e9t\u00e9 plac\u00e9e en internat \u00e0 Nice, la m\u00e8re d\u00e9couvre la semaine derni\u00e8re que sa fille poss\u00e8de un second t\u00e9l\u00e9phone contenant \u00ab\u00a0des po\u00e8mes, des photos de lui, y compris pornographiques\u00a0\u00bb, poursuit le quotidien azur\u00e9en. Et la jeune fille d\u2019avouer sa \u00ab\u00a0relation amoureuse\u00a0\u00bb avec le policier de 17 ans son a\u00een\u00e9 qui dure depuis quatre mois.<\/p>\n<p>La m\u00e8re file alors voir ses anciens coll\u00e8gues de la police municipale de Nice qui place en garde \u00e0 vue le mis en cause \u00e0 la brigade des mineurs du service local de police judiciaire.<\/p>\n<\/p>\n<p>Le procureur de la R\u00e9publique Damien Martinelli a confirm\u00e9 \u00e0 Nice Matin l\u2019existence d\u2019une proc\u00e9dure pour \u00ab\u00a0viol sur mineur de [moins de] 15 ans\u00a0\u00bb. Depuis\u00a02021, la loi pr\u00e9voit qu\u2019il ne peut y avoir de consentement entre un adulte et une mineur d\u00e8s lors que la diff\u00e9rence d\u2019\u00e2ge est d\u2019au moins cinq ans.<\/p>\n<p>Plac\u00e9 en d\u00e9tention provisoire, le trentenaire a \u00e9t\u00e9 mis en examen pour viol sur mineur de 15 ans par un majeur avec diff\u00e9rence d\u2019\u00e2ge d\u2019au moins 5 ans, agression sexuelle et corruption de mineur de 15 ans.<\/p>\n","protected":false},"excerpt":{"rendered":"Un policier municipal ni\u00e7ois a \u00e9t\u00e9 plac\u00e9 en d\u00e9tention provisoire dimanche dernier dans une enqu\u00eate pour viol sur&hellip;\n","protected":false},"author":2,"featured_media":399591,"comment_status":"","ping_status":"","sticky":false,"template":"","format":"standard","meta":{"footnotes":""},"categories":[2819],"tags":[1111,47,11,1084,2898,1777,674,118,8686,1011,27,1123,12,2401,883,1072,2872,10910,882,25,1265,797],"class_list":{"0":"post-399590","1":"post","2":"type-post","3":"status-publish","4":"format-standard","5":"has-post-thumbnail","7":"category-nice","8":"tag-actu","9":"tag-actualite","10":"tag-actualites","11":"tag-adolescent","12":"tag-alpes-maritimes","13":"tag-eu","14":"tag-europe","15":"tag-faits-divers","16":"tag-faits-divers-nice","17":"tag-fr","18":"tag-france","19":"tag-mineur","20":"tag-news","21":"tag-nice","22":"tag-paca","23":"tag-police","24":"tag-police-municipale","25":"tag-policier","26":"tag-provence-alpes-cote-dazur","27":"tag-republique-francaise","28":"tag-viol","29":"tag-violences-faites-aux-femmes"},"share_on_mastodon":{"url":"https:\/\/pubeurope.com\/@fr\/115224568423301466","error":""},"_links":{"self":[{"href":"https:\/\/www.europesays.com\/fr\/wp-json\/wp\/v2\/posts\/399590","targetHints":{"allow":["GET"]}}],"collection":[{"href":"https:\/\/www.europesays.com\/fr\/wp-json\/wp\/v2\/posts"}],"about":[{"href":"https:\/\/www.europesays.com\/fr\/wp-json\/wp\/v2\/types\/post"}],"author":[{"embeddable":true,"href":"https:\/\/www.europesays.com\/fr\/wp-json\/wp\/v2\/users\/2"}],"replies":[{"embeddable":true,"href":"https:\/\/www.europesays.com\/fr\/wp-json\/wp\/v2\/comments?post=399590"}],"version-history":[{"count":0,"href":"https:\/\/www.europesays.com\/fr\/wp-json\/wp\/v2\/posts\/399590\/revisions"}],"wp:featuredmedia":[{"embeddable":true,"href":"https:\/\/www.europesays.com\/fr\/wp-json\/wp\/v2\/media\/399591"}],"wp:attachment":[{"href":"https:\/\/www.europesays.com\/fr\/wp-json\/wp\/v2\/media?parent=399590"}],"wp:term":[{"taxonomy":"category","embeddable":true,"href":"https:\/\/www.europesays.com\/fr\/wp-json\/wp\/v2\/categories?post=399590"},{"taxonomy":"post_tag","embeddable":true,"href":"https:\/\/www.europesays.com\/fr\/wp-json\/wp\/v2\/tags?post=399590"}],"curies":[{"name":"wp","href":"https:\/\/api.w.org\/{rel}","templated":true}]}}