{"id":399594,"date":"2025-09-18T09:23:28","date_gmt":"2025-09-18T09:23:28","guid":{"rendered":"https:\/\/www.europesays.com\/fr\/399594\/"},"modified":"2025-09-18T09:23:28","modified_gmt":"2025-09-18T09:23:28","slug":"la-mairie-de-nantes-va-hisser-le-drapeau-palestinien-malgre-lopposition-de-la-droite","status":"publish","type":"post","link":"https:\/\/www.europesays.com\/fr\/399594\/","title":{"rendered":"La mairie de Nantes va hisser le drapeau palestinien malgr\u00e9 l\u2019opposition de la droite"},"content":{"rendered":"<p>La mairie de Nantes hissera le <a href=\"https:\/\/www.20minutes.fr\/societe\/4158763-20250616-gaza-drapeau-palestinien-mairie-saint-denis-oppose-neutralite-services-publics\" target=\"_blank\" class=\"c-link c-link--is-underlined\" rel=\"noopener\">drapeau palestinien<\/a> le 22\u00a0septembre, jour de la <a href=\"https:\/\/www.20minutes.fr\/monde\/4165213-20250724-emmanuel-macron-annonce-france-va-reconnaitre-etat-palestine-septembre-onu\" class=\"c-link c-link--is-underlined\" target=\"_blank\" rel=\"noopener\">reconnaissance<\/a> pr\u00e9vue par la France de l\u2019Etat palestinien, comme l\u2019a propos\u00e9 le premier secr\u00e9taire du parti socialiste (PS) <a href=\"https:\/\/www.20minutes.fr\/monde\/israel\/4173107-20250915-gaza-olivier-faure-appelle-hisser-drapeau-palestinien-mairies-22-septembre\" target=\"_blank\" class=\"c-link c-link--is-underlined\" rel=\"noopener\">Olivier Faure<\/a>.<\/p>\n<p>\u00ab\u00a0Oui je vais le faire \u00e0 Nantes\u00a0\u00bb, a affirm\u00e9 au micro de <a href=\"https:\/\/www.youtube.com\/watch?v=R7Wu78d-tHI\" target=\"_blank\" class=\"c-link c-link--is-underlined\" rel=\"noopener\">Franceinfo<\/a> la maire de la cit\u00e9 des ducs et num\u00e9ro\u00a02 du parti <a href=\"https:\/\/www.20minutes.fr\/dossier\/johanna_rolland\" target=\"_blank\" class=\"c-link c-link--is-underlined\" rel=\"noopener\">Johanna Rolland<\/a>, mentionnant une \u00ab\u00a0mesure symbolique\u00a0\u00bb. \u00ab\u00a0La commune, c\u2019est l\u2019\u00e9chelon d\u00e9mocratique de base de la R\u00e9publique. [\u2026] Je crois que \u00e7a a du sens, je le ferai sans d\u00e9tour\u00a0\u00bb, a-t-elle assur\u00e9.<\/p>\n<p>Johanna Rolland \u00ab\u00a0nourrit un climat d\u2019intimidation\u00a0\u00bb<\/p>\n<p>Une annonce qui n\u2019a pas manqu\u00e9 de faire r\u00e9agir l\u2019opposition nantaise. Sur son compte Facebook, le conseiller municipal Foulques Chombart de Lauwe s\u2019est oppos\u00e9 \u00e0 cette d\u00e9cision\u00a0: \u00ab\u00a0Il s\u2019agit d\u2019un acte partisan et dangereux pour la coh\u00e9sion nationale\u00a0\u00bb, a-t-il \u00e9crit, accusant la maire socialiste de \u00ab\u00a0nourrir un climat d\u2019intimidation\u00a0\u00bb.<\/p>\n<\/p>\n<p>Sur son compte X, le candidat aux prochaines \u00e9lections municipales de la ville de Nantes, Julien Bainvel s\u2019est indign\u00e9. \u00ab\u00a0Je m\u2019oppose fermement \u00e0 cette annonce\u00a0\u00bb, a-t-il comment\u00e9, \u00ab\u00a0la justice administrative a ordonn\u00e9 r\u00e9cemment, et \u00e0 plusieurs reprises, <a href=\"https:\/\/www.20minutes.fr\/politique\/4173280-20250915-drapeaux-palestiniens-mairies-critique-faure-recoit-soutien-ironique-melenchon\" target=\"_blank\" class=\"c-link c-link--is-underlined\" rel=\"noopener\">le retrait de drapeaux palestiniens<\/a> du fronton des mairies, au motif qu\u2019ils portaient gravement atteinte au principe de neutralit\u00e9 des services publics.\u00a0\u00bb<\/p>\n","protected":false},"excerpt":{"rendered":"La mairie de Nantes hissera le drapeau palestinien le 22\u00a0septembre, jour de la reconnaissance pr\u00e9vue par la France&hellip;\n","protected":false},"author":2,"featured_media":399595,"comment_status":"","ping_status":"","sticky":false,"template":"","format":"standard","meta":{"footnotes":""},"categories":[2818],"tags":[1111,47,11,3259,8421,1777,674,1011,27,6945,3047,766,12,4393,3518,2636,316,25,104],"class_list":{"0":"post-399594","1":"post","2":"type-post","3":"status-publish","4":"format-standard","5":"has-post-thumbnail","7":"category-nantes","8":"tag-actu","9":"tag-actualite","10":"tag-actualites","11":"tag-conflit-israelo-palestinien","12":"tag-etat-palestinien","13":"tag-eu","14":"tag-europe","15":"tag-fr","16":"tag-france","17":"tag-johanna-rolland","18":"tag-loire-atlantique","19":"tag-nantes","20":"tag-news","21":"tag-olivier-faure","22":"tag-palestine","23":"tag-pays-de-la-loire","24":"tag-politique","25":"tag-republique-francaise","26":"tag-societe"},"share_on_mastodon":{"url":"https:\/\/pubeurope.com\/@fr\/115224576311765622","error":""},"_links":{"self":[{"href":"https:\/\/www.europesays.com\/fr\/wp-json\/wp\/v2\/posts\/399594","targetHints":{"allow":["GET"]}}],"collection":[{"href":"https:\/\/www.europesays.com\/fr\/wp-json\/wp\/v2\/posts"}],"about":[{"href":"https:\/\/www.europesays.com\/fr\/wp-json\/wp\/v2\/types\/post"}],"author":[{"embeddable":true,"href":"https:\/\/www.europesays.com\/fr\/wp-json\/wp\/v2\/users\/2"}],"replies":[{"embeddable":true,"href":"https:\/\/www.europesays.com\/fr\/wp-json\/wp\/v2\/comments?post=399594"}],"version-history":[{"count":0,"href":"https:\/\/www.europesays.com\/fr\/wp-json\/wp\/v2\/posts\/399594\/revisions"}],"wp:featuredmedia":[{"embeddable":true,"href":"https:\/\/www.europesays.com\/fr\/wp-json\/wp\/v2\/media\/399595"}],"wp:attachment":[{"href":"https:\/\/www.europesays.com\/fr\/wp-json\/wp\/v2\/media?parent=399594"}],"wp:term":[{"taxonomy":"category","embeddable":true,"href":"https:\/\/www.europesays.com\/fr\/wp-json\/wp\/v2\/categories?post=399594"},{"taxonomy":"post_tag","embeddable":true,"href":"https:\/\/www.europesays.com\/fr\/wp-json\/wp\/v2\/tags?post=399594"}],"curies":[{"name":"wp","href":"https:\/\/api.w.org\/{rel}","templated":true}]}}