{"id":399606,"date":"2025-09-18T09:29:12","date_gmt":"2025-09-18T09:29:12","guid":{"rendered":"https:\/\/www.europesays.com\/fr\/399606\/"},"modified":"2025-09-18T09:29:12","modified_gmt":"2025-09-18T09:29:12","slug":"lille-agit-pour-le-coeur-des-lilloises-actualites","status":"publish","type":"post","link":"https:\/\/www.europesays.com\/fr\/399606\/","title":{"rendered":"Lille agit pour le c\u0153ur des Lilloises \/ Actualit\u00e9s"},"content":{"rendered":"<p>L\u2019objectif est d\u2019offrir un d\u00e9pistage des maladies cardio-vasculaires aux femmes en situation de pr\u00e9carit\u00e9 et des conseils de pr\u00e9vention \u00e0 toutes.<\/p>\n<p>On pense souvent que l\u2019infarctus touche les hommes \u00e0 l\u2019approche de la cinquantaine. Pourtant, en France, les maladies cardio-vasculaires sont la premi\u00e8re cause de mortalit\u00e9 des femmes. Chaque jour, elles tuent 200 femmes dans l\u2019Hexagone, avec une augmentation chaque ann\u00e9e du nombre de femmes hospitalis\u00e9es pour un infarctus du myocarde.<\/p>\n<p>Le mode vie<\/p>\n<p>Les femmes sont touch\u00e9es de plus en plus jeunes. Depuis vingt ans, leur mode de vie a chang\u00e9. Plus de tabac, d\u2019alcool, de stress et de moins en moins d\u2019activit\u00e9 physique associ\u00e9e \u00e0 une mauvaise alimentation. R\u00e9sultat, les facteurs de risque d\u2019accident cardiaque que sont le diab\u00e8te et l\u2019hypertension ne cessent d\u2019augmenter. Elles sont \u00e9galement soumises \u00e0 des situations \u00e0 risques sp\u00e9cifiques aux trois phases cl\u00e9s de leur vie hormonale : contraception, grossesse et m\u00e9nopause.<\/p>\n<p><strong>Les plus touch\u00e9es \u00e9tant les femmes en situation de pr\u00e9carit\u00e9. Pourtant dans 8 cas sur 10, ces d\u00e9c\u00e8s pourraient \u00eatre \u00e9vit\u00e9s gr\u00e2ce \u00e0 un parcours de d\u00e9pistage.<\/strong><\/p>\n<p>Mis en place par le <strong>fonds de dotation Agir pour le c\u0153ur des femme<\/strong>s, le Bus du c\u0153ur est un projet \u00e0 la fois soci\u00e9tal et m\u00e9dical. \u00ab C\u2019est une action citoyenne qui, gr\u00e2ce \u00e0 la pr\u00e9vention, permet de rep\u00e9rer les femmes \u00e0 risque et d\u2019\u00e9viter qu\u2019elles entrent dans la maladie \u00bb, note le Pr Claire Mounier-Vehier, cardiologue au CHU de Lille, cofondatrice d\u2019Agir pour le c\u0153ur des femmes, et conseill\u00e8re municipale en charge de la pr\u00e9vention et de la sant\u00e9 des femmes.<\/p>\n<p>Trois mots<\/p>\n<p>L\u2019ambition du Bus du c\u0153ur se r\u00e9sume en trois mots : <strong>alerter<\/strong> les femmes sur les sp\u00e9cificit\u00e9s des maladies cardio-vasculaires, <strong>anticiper<\/strong> en allant se faire d\u00e9pister et <strong>agir<\/strong> en se soignant. Le message est de dire aux femmes : \u00e9coutez-vous, prenez soin de vous et ne vous oubliez pas. Parce qu\u2019on n\u2019a qu\u2019un seul c\u0153ur et qu\u2019il faut en prendre soin !<\/p>\n<p><strong>Par Sabine Duez<\/strong><\/p>\n<p>Le programme 2025<\/p>\n<p>Du 6 au 8 octobre 2025, place Rihour. Des stands d&rsquo;information sont en acc\u00e8s libre pour tous le lundi de 14h \u00e0 18h, les mardi et mercredi de 9h \u00e0 18h avec des professionnels de sant\u00e9 sur les th\u00e9matiques suivantes :<\/p>\n<ul class=\"listPuce\">\n<li>les maladies cardio-vasculaires<\/li>\n<li>l&rsquo;alimentation et la di\u00e9t\u00e9tique<\/li>\n<li>l&rsquo;activit\u00e9 physique<\/li>\n<li>les consommations \u00e0 risque<\/li>\n<li>les gestes qui sauvent<\/li>\n<li>la gestion du stress<\/li>\n<li>&#8230;<\/li>\n<\/ul>\n<p>\nPlus d&rsquo;infos :<br \/><a href=\"https:\/\/www.lille.fr\/Actualites\/mailto:service.sante@mairie-lille.fr\" title=\"Cliquez pour ouvrir votre messagerie\" target=\"_self\" class=\"lien_interne\" rel=\"noopener\">service.sante@mairie-lille.fr<\/a><br \/>T\u00e9l\u00a0: 03 20 49 56 14.<\/p>\n","protected":false},"excerpt":{"rendered":"L\u2019objectif est d\u2019offrir un d\u00e9pistage des maladies cardio-vasculaires aux femmes en situation de pr\u00e9carit\u00e9 et des conseils de&hellip;\n","protected":false},"author":2,"featured_media":399607,"comment_status":"","ping_status":"","sticky":false,"template":"","format":"standard","meta":{"footnotes":""},"categories":[2815],"tags":[1111,11,4763,1777,674,1011,27,811,1307,5415,12,25],"class_list":{"0":"post-399606","1":"post","2":"type-post","3":"status-publish","4":"format-standard","5":"has-post-thumbnail","7":"category-lille","8":"tag-actu","9":"tag-actualites","10":"tag-agenda","11":"tag-eu","12":"tag-europe","13":"tag-fr","14":"tag-france","15":"tag-hauts-de-france","16":"tag-lille","17":"tag-mairie","18":"tag-news","19":"tag-republique-francaise"},"share_on_mastodon":{"url":"https:\/\/pubeurope.com\/@fr\/115224599847346872","error":""},"_links":{"self":[{"href":"https:\/\/www.europesays.com\/fr\/wp-json\/wp\/v2\/posts\/399606","targetHints":{"allow":["GET"]}}],"collection":[{"href":"https:\/\/www.europesays.com\/fr\/wp-json\/wp\/v2\/posts"}],"about":[{"href":"https:\/\/www.europesays.com\/fr\/wp-json\/wp\/v2\/types\/post"}],"author":[{"embeddable":true,"href":"https:\/\/www.europesays.com\/fr\/wp-json\/wp\/v2\/users\/2"}],"replies":[{"embeddable":true,"href":"https:\/\/www.europesays.com\/fr\/wp-json\/wp\/v2\/comments?post=399606"}],"version-history":[{"count":0,"href":"https:\/\/www.europesays.com\/fr\/wp-json\/wp\/v2\/posts\/399606\/revisions"}],"wp:featuredmedia":[{"embeddable":true,"href":"https:\/\/www.europesays.com\/fr\/wp-json\/wp\/v2\/media\/399607"}],"wp:attachment":[{"href":"https:\/\/www.europesays.com\/fr\/wp-json\/wp\/v2\/media?parent=399606"}],"wp:term":[{"taxonomy":"category","embeddable":true,"href":"https:\/\/www.europesays.com\/fr\/wp-json\/wp\/v2\/categories?post=399606"},{"taxonomy":"post_tag","embeddable":true,"href":"https:\/\/www.europesays.com\/fr\/wp-json\/wp\/v2\/tags?post=399606"}],"curies":[{"name":"wp","href":"https:\/\/api.w.org\/{rel}","templated":true}]}}