{"id":39961,"date":"2025-04-20T22:24:12","date_gmt":"2025-04-20T22:24:12","guid":{"rendered":"https:\/\/www.europesays.com\/fr\/39961\/"},"modified":"2025-04-20T22:24:12","modified_gmt":"2025-04-20T22:24:12","slug":"quelles-perturbations-prevoir-avec-la-ratp-et-la-sncf-cette-semaine-3","status":"publish","type":"post","link":"https:\/\/www.europesays.com\/fr\/39961\/","title":{"rendered":"Quelles perturbations pr\u00e9voir avec la RATP et la SNCF cette semaine ?"},"content":{"rendered":"<p><strong>TRANSPORTS &#8211; Du 21 au 27 avril, plusieurs changements vont modifier les lignes franciliennes et parsiennes<\/strong><\/p>\n<p>Si vous prenez les transports en commun dans la capitale et en \u00cele-de-France, consultez les changements qui seront \u00e0 pr\u00e9voir cette semaine, entre le lundi 21 et le dimanche 27 avril 2025. La ligne L du Transilien sera la plus touch\u00e9e, mais \u00e9galement le RER et Tramway. Voici l\u2019essentiel des perturbations en cette deuxi\u00e8me semaine de vacances de P\u00e2ques.<\/p>\n<p>M\u00e9tro<\/p>\n<ul class=\"caas-list caas-list-bullet\">\n<li>\n<p>Ligne 5 : du lundi 21 au mercredi 23 avril, le trafic sera interrompu entre Bastille et Place d\u2019Italie (travaux). Des bus de substitution seront mis en place.<\/p>\n<\/li>\n<li>\n<p>Ligne 6 : Du samedi 26 au dimanche 27 avril, le trafic est interrompu entre Trocad\u00e9ro et Charles de Gaulle \u2013 Etoile (travaux). Des bus de substitution seront mis en place.<\/p>\n<\/li>\n<li>\n<p>Ligne 10 : du lundi 21 au jeudi 24 avril, d\u00e8s 22 heures, le trafic sera interrompu sur l\u2019ensemble de la ligne (travaux). Des bus de substitution seront mis en place.<\/p>\n<\/li>\n<li>\n<p>Ligne 12 : le samedi 27 avril d\u00e8s 22 heures, le trafic est interrompu sur l\u2019ensemble de la ligne (travaux). Des bus de substitution seront mis en place.<\/p>\n<\/li>\n<li>\n<p>Ligne 14 : du lundi 21 au mardi 22 avril, d\u00e8s 22 heures, le trafic sera interrompu entre Maison Blanche et Saint-Denis \u2013 Pleyel (travaux). Des bus de substitution seront mis en place entre Gare de Lyon et Olympiades. Le 23 avril, d\u00e8s 22 heures, le trafic sera interrompu sur l\u2019ensemble de la ligne (travaux). Des bus de substitution seront mis en place.<\/p>\n<\/li>\n<\/ul>\n<p>RER<\/p>\n<p>RER A : Du mardi 22 avril au vendredi 25 avril, d\u00e8s 22h15, le trafic est interrompu entre Sartrouville et Cergy-Le Haut par Poissy ((&#8230;)<\/p>\n<p><a href=\"https:\/\/www.20minutes.fr\/paris\/4149515-20250420-paris-ile-france-perturbations-prevoir-ratp-sncf-semaine?at_medium=RSS+feed&amp;at_campaign=ynews&amp;utm_source=yahoo&amp;utm_medium=rss&amp;utm_campaign=news_feed&amp;utm_content=read_more_link\" rel=\"nofollow noopener\" target=\"_blank\" data-ylk=\"slk:Lire la suite sur 20minutes;elm:context_link;itc:0;sec:content-canvas\" class=\"link \">Lire la suite sur 20minutes<\/a><\/p>\n<p>\u00c0 lire aussi :<br \/><a href=\"https:\/\/www.20minutes.fr\/societe\/4149374-20250418-greve-sncf-pont-8-mai-menace-mouvement-social-ampleur?at_medium=RSS+feed&amp;at_campaign=ynews&amp;utm_source=yahoo&amp;utm_medium=rss&amp;utm_campaign=news_feed&amp;utm_content=related_content_link\" rel=\"nofollow noopener\" target=\"_blank\" data-ylk=\"slk:Gr\u00e8ve SNCF : Le pont du 8 mai est-il menac\u00e9 par un mouvement social d\u2019ampleur ?;elm:context_link;itc:0;sec:content-canvas\" class=\"link \">Gr\u00e8ve SNCF : Le pont du 8 mai est-il menac\u00e9 par un mouvement social d\u2019ampleur ?<\/a><br \/><a href=\"https:\/\/www.20minutes.fr\/monde\/chine\/4149261-20250418-droits-douane-navires-fabriques-chine-devront-payer-nouveaux-frais-pouvoir-accoster-etats-unis?at_medium=RSS+feed&amp;at_campaign=ynews&amp;utm_source=yahoo&amp;utm_medium=rss&amp;utm_campaign=news_feed&amp;utm_content=related_content_link\" rel=\"nofollow noopener\" target=\"_blank\" data-ylk=\"slk:Droits de douane : Les navires fabriqu\u00e9s en Chine devront payer de nouveaux frais pour pouvoir accoster aux Etats-Unis;elm:context_link;itc:0;sec:content-canvas\" class=\"link \">Droits de douane : Les navires fabriqu\u00e9s en Chine devront payer de nouveaux frais pour pouvoir accoster aux Etats-Unis<\/a><\/p>\n","protected":false},"excerpt":{"rendered":"TRANSPORTS &#8211; Du 21 au 27 avril, plusieurs changements vont modifier les lignes franciliennes et parsiennes Si vous&hellip;\n","protected":false},"author":2,"featured_media":39962,"comment_status":"","ping_status":"","sticky":false,"template":"","format":"standard","meta":{"footnotes":""},"categories":[1592],"tags":[1111,11,1777,674,1011,27,662,4909,12,626,25,12377],"class_list":{"0":"post-39961","1":"post","2":"type-post","3":"status-publish","4":"format-standard","5":"has-post-thumbnail","7":"category-ile-de-france","8":"tag-actu","9":"tag-actualites","10":"tag-eu","11":"tag-europe","12":"tag-fr","13":"tag-france","14":"tag-ile-de-france","15":"tag-la-capitale","16":"tag-news","17":"tag-paris","18":"tag-republique-francaise","19":"tag-samedi-27-avril"},"share_on_mastodon":{"url":"https:\/\/pubeurope.com\/@fr\/114372638363917575","error":""},"_links":{"self":[{"href":"https:\/\/www.europesays.com\/fr\/wp-json\/wp\/v2\/posts\/39961","targetHints":{"allow":["GET"]}}],"collection":[{"href":"https:\/\/www.europesays.com\/fr\/wp-json\/wp\/v2\/posts"}],"about":[{"href":"https:\/\/www.europesays.com\/fr\/wp-json\/wp\/v2\/types\/post"}],"author":[{"embeddable":true,"href":"https:\/\/www.europesays.com\/fr\/wp-json\/wp\/v2\/users\/2"}],"replies":[{"embeddable":true,"href":"https:\/\/www.europesays.com\/fr\/wp-json\/wp\/v2\/comments?post=39961"}],"version-history":[{"count":0,"href":"https:\/\/www.europesays.com\/fr\/wp-json\/wp\/v2\/posts\/39961\/revisions"}],"wp:featuredmedia":[{"embeddable":true,"href":"https:\/\/www.europesays.com\/fr\/wp-json\/wp\/v2\/media\/39962"}],"wp:attachment":[{"href":"https:\/\/www.europesays.com\/fr\/wp-json\/wp\/v2\/media?parent=39961"}],"wp:term":[{"taxonomy":"category","embeddable":true,"href":"https:\/\/www.europesays.com\/fr\/wp-json\/wp\/v2\/categories?post=39961"},{"taxonomy":"post_tag","embeddable":true,"href":"https:\/\/www.europesays.com\/fr\/wp-json\/wp\/v2\/tags?post=39961"}],"curies":[{"name":"wp","href":"https:\/\/api.w.org\/{rel}","templated":true}]}}