{"id":399610,"date":"2025-09-18T09:31:22","date_gmt":"2025-09-18T09:31:22","guid":{"rendered":"https:\/\/www.europesays.com\/fr\/399610\/"},"modified":"2025-09-18T09:31:22","modified_gmt":"2025-09-18T09:31:22","slug":"une-manifestante-frappee-et-jetee-a-terre-par-des-crs","status":"publish","type":"post","link":"https:\/\/www.europesays.com\/fr\/399610\/","title":{"rendered":"une manifestante frapp\u00e9e et jet\u00e9e \u00e0 terre par des CRS"},"content":{"rendered":"<p>            Par<br \/>\n        <strong><br \/>\n            <a href=\"https:\/\/actu.fr\/auteur\/fabien-binacchi\" title=\"Consulter tous les articles de Fabien Binacchi\" target=\"_blank\" rel=\"noopener\">Fabien Binacchi<\/a><br \/>\n        <\/strong><\/p>\n<p>        Publi\u00e9 le<\/p>\n<p>            18 sept. 2025 \u00e0 11h05        <\/p>\n<p>Une vid\u00e9o de l\u2019Agence France Presse (AFP), diffus\u00e9e par plusieurs m\u00e9dias dont actu.fr, fait le tour des r\u00e9seaux sociaux. Enregistr\u00e9e \u00e0 <a href=\"https:\/\/actu.fr\/marseille\/\" target=\"_blank\" rel=\"noopener\">Marseille<\/a> dans le cadre <a href=\"https:\/\/actu.fr\/provence-alpes-cote-d-azur\/marseille_13055\/direct-greve-du-18-septembre-a-marseille-suivez-les-manifestations-dans-les-bouches-du-rhone_63177314.html\" target=\"_blank\" rel=\"noopener\">des manifestations organis\u00e9es ce jeudi 18 septembre au matin,<\/a> la s\u00e9quence montre une jeune femme seule \u00eatre <strong>frapp\u00e9e et bouscul\u00e9e par des CRS.<\/strong> Elle tombe plusieurs fois \u00e0 terre.<\/p>\n<p class=\" wall-content\">Interrog\u00e9e par actu Marseille sur cette intervention muscl\u00e9e, la pr\u00e9fecture de police des Bouches-du-Rh\u00f4ne n\u2019a pas donn\u00e9 suite dans l\u2019imm\u00e9diat.<\/p>\n<p>Un coup de pied au niveau des fesses<\/p>\n<p class=\" wall-content\">C\u2019\u00e9tait au petit matin, aux premi\u00e8res lueurs de l\u2019aube. Il est environ 6h30\u2009: un groupe d\u00e9boule <strong>dans le quartier de la Joliette (2e arrondissement),<\/strong> tout pr\u00e8s du centre commercial Les Terrasses du port.<\/p>\n<p class=\" wall-content\"><a href=\"https:\/\/www.instagram.com\/p\/DOvGiypCGbf\/embed\" title=\"Ouvrir le lien sur Instagram\" target=\"_blank\" rel=\"noopener\">Visualiser le contenu sur Instagram<\/a><\/p>\n<p class=\" wall-content\">Au niveau du boulevard de Dunkerque, le long des voies du tramway, les forces de l\u2019ordre sont pr\u00e9sentes en nombre et <strong>des bombes lacrymog\u00e8nes<\/strong> <strong>sont d\u00e9clench\u00e9es pour tenter de disperser les manifestants.<\/strong><\/p>\n<p class=\" wall-content\">Un vid\u00e9aste de l\u2019AFP est \u00e9galement pr\u00e9sent. Il capte une sc\u00e8ne. Une jeune femme, le visage non dissimul\u00e9, est \u00e0 terre. Un CRS lui ass\u00e8ne un coup de pied au niveau des fesses. Elle se rel\u00e8ve. \u00ab\u2009Casse-toi, casse-toi\u2009\u00bb, lui r\u00e9p\u00e8te un deuxi\u00e8me policier qui la pousse dans le dos, la faisant chuter \u00e0 nouveau. <strong>\u00ab\u2009Pardon, pardon\u2009\u00bb,<\/strong> l\u00e2che-t-elle au sol, ramassant un tote bag.<\/p>\n<p>\u00ab\u2009Quelle honte ces deux flics\u2009\u00bb<\/p>\n<p class=\" wall-content\">Dans les commentaires de notre publication sur Instagram, les internautes sont en grande majorit\u00e9 choqu\u00e9s. <strong>\u00ab\u2009Elle n\u2019a rien d\u2019une casseuse alors pourquoi la violenter comme \u00e7a\u2009\u00bb,<\/strong> \u00e9crit un d\u2019eux. \u00ab\u2009Quelle honte ces deux flics\u2009\u00bb, abonde un autre.<\/p>\n<p class=\" wall-content\">Sollicit\u00e9e par actu Marseille, la pr\u00e9fecture de police des Bouches-du-Rh\u00f4ne n\u2019a pas r\u00e9pondu dans l\u2019imm\u00e9diat.<\/p>\n<p>Votre r\u00e9gion, votre actu !<\/p>\n<p>Recevez chaque jour les infos qui comptent pour vous.<\/p>\n<p>\t<a href=\"https:\/\/actu.fr\/newsletter\" class=\"ac-btn ac-btn--corner ac-btn--medium ac-btn--blue800\" target=\"_blank\" rel=\"noopener\">S&rsquo;incrire<\/a><\/p>\n<p class=\" wall-content\">Un peu plus t\u00f4t dans la matin\u00e9e, les autorit\u00e9s se f\u00e9licitaient d\u2019avoir \u00ab\u2009repouss\u00e9 une tentative de blocage\u2009\u00bb dans le secteur avec <strong>100\u00a0personnes contr\u00f4l\u00e9es et \u00ab\u206022 interpellations \u00e0 ce stade\u2009\u00bb.<\/strong> Sur X, elles pr\u00e9cisaient que \u00ab\u2009le dispositif de s\u00e9curit\u00e9 sera implacable contre toute tentative de casse et de blocage\u2009\u00bb.<\/p>\n<p class=\" wall-content\">Personnalisez votre actualit\u00e9 en ajoutant vos villes et m\u00e9dias en favori avec <a href=\"https:\/\/moncompte.actu.fr\" title=\"D\u00e9couvez Mon Actu\" rel=\"nofollow noopener\" data-trk=\"{&quot;cta&quot;:{&quot;action&quot;:&quot;https:\\\/\\\/moncompte.actu.fr&quot;,&quot;category&quot;:&quot;mon compte&quot;,&quot;from&quot;:&quot;article footer&quot;,&quot;name&quot;:&quot;Mon actu&quot;,&quot;type&quot;:&quot;cta&quot;}}\" target=\"_blank\">Mon Actu<\/a>.<\/p>\n<p>                    <script async src=\"\/\/www.instagram.com\/embed.js\"><\/script><\/p>\n","protected":false},"excerpt":{"rendered":"Par Fabien Binacchi Publi\u00e9 le 18 sept. 2025 \u00e0 11h05 Une vid\u00e9o de l\u2019Agence France Presse (AFP), diffus\u00e9e&hellip;\n","protected":false},"author":2,"featured_media":399611,"comment_status":"","ping_status":"","sticky":false,"template":"","format":"standard","meta":{"footnotes":""},"categories":[2814],"tags":[1111,11,1777,674,118,1011,27,52713,1272,884,12,1072,882,25],"class_list":{"0":"post-399610","1":"post","2":"type-post","3":"status-publish","4":"format-standard","5":"has-post-thumbnail","7":"category-marseille","8":"tag-actu","9":"tag-actualites","10":"tag-eu","11":"tag-europe","12":"tag-faits-divers","13":"tag-fr","14":"tag-france","15":"tag-greve-du-18-septembre","16":"tag-manifestations","17":"tag-marseille","18":"tag-news","19":"tag-police","20":"tag-provence-alpes-cote-dazur","21":"tag-republique-francaise"},"share_on_mastodon":{"url":"https:\/\/pubeurope.com\/@fr\/115224607745061164","error":""},"_links":{"self":[{"href":"https:\/\/www.europesays.com\/fr\/wp-json\/wp\/v2\/posts\/399610","targetHints":{"allow":["GET"]}}],"collection":[{"href":"https:\/\/www.europesays.com\/fr\/wp-json\/wp\/v2\/posts"}],"about":[{"href":"https:\/\/www.europesays.com\/fr\/wp-json\/wp\/v2\/types\/post"}],"author":[{"embeddable":true,"href":"https:\/\/www.europesays.com\/fr\/wp-json\/wp\/v2\/users\/2"}],"replies":[{"embeddable":true,"href":"https:\/\/www.europesays.com\/fr\/wp-json\/wp\/v2\/comments?post=399610"}],"version-history":[{"count":0,"href":"https:\/\/www.europesays.com\/fr\/wp-json\/wp\/v2\/posts\/399610\/revisions"}],"wp:featuredmedia":[{"embeddable":true,"href":"https:\/\/www.europesays.com\/fr\/wp-json\/wp\/v2\/media\/399611"}],"wp:attachment":[{"href":"https:\/\/www.europesays.com\/fr\/wp-json\/wp\/v2\/media?parent=399610"}],"wp:term":[{"taxonomy":"category","embeddable":true,"href":"https:\/\/www.europesays.com\/fr\/wp-json\/wp\/v2\/categories?post=399610"},{"taxonomy":"post_tag","embeddable":true,"href":"https:\/\/www.europesays.com\/fr\/wp-json\/wp\/v2\/tags?post=399610"}],"curies":[{"name":"wp","href":"https:\/\/api.w.org\/{rel}","templated":true}]}}