{"id":399621,"date":"2025-09-18T09:37:15","date_gmt":"2025-09-18T09:37:15","guid":{"rendered":"https:\/\/www.europesays.com\/fr\/399621\/"},"modified":"2025-09-18T09:37:15","modified_gmt":"2025-09-18T09:37:15","slug":"houbigant-inaugure-ses-premiers-flagships-a-paris-et-a-cannes","status":"publish","type":"post","link":"https:\/\/www.europesays.com\/fr\/399621\/","title":{"rendered":"Houbigant inaugure ses premiers flagships \u00e0 Paris et \u00e0 Cannes"},"content":{"rendered":"<p>\n                                        <b>Traduit par<\/b><br \/>\n                                        <br \/>Cl\u00e9mentine Martin\n                                    <\/p>\n<p>\n                                    <b>Publi\u00e9 le<\/b><br \/>\n                                    <\/p>\n<p>                                        18 septembre 2025<\/p>\n<p class=\"article-content col-md-8 offset-md-1\">\n                                La maison de parfumerie fran\u00e7aise Houbigant c\u00e9l\u00e8bre son 250e anniversaire et inaugure ses premiers flagships en propre \u00e0 Paris et Cannes.<\/p>\n<p><img decoding=\"async\" class=\"news-image\" style=\"width:100%;\" src=\"https:\/\/www.europesays.com\/fr\/wp-content\/uploads\/2025\/09\/6ae7.jpg\" alt=\"Houbigant c\u00e9l\u00e8bre son 250e anniversaire et inaugure ses premiers flagships \u00e0 Paris et Cannes\" loading=\"lazy\"\/>Houbigant c\u00e9l\u00e8bre son 250e anniversaire et inaugure ses premiers flagships \u00e0 Paris et Cannes &#8211; Houbigant<\/p>\n<p class=\"col-md-8 offset-md-1 article-content--texte\">Fond\u00e9e en 1775, Houbigant est l&rsquo;une des plus anciennes maisons de parfumerie au monde et a notamment compt\u00e9 parmi ses illustres clients Napol\u00e9on, Marie-Antoinette et Guy de Maupassant. En 2005, la maison a \u00e9t\u00e9 reprise par la famille Perris. Depuis, Elisabetta et Gian Luca Perris d\u00e9veloppent la marque en France et \u00e0 l&rsquo;international.<\/p>\n<p>Les concepts des boutiques, imagin\u00e9s par l&rsquo;architecte florentin Filippo Burresi, rendent hommage \u00e0 l&rsquo;h\u00e9ritage de la marque et s&rsquo;inspirent de la grandeur des palais parisiens et des demeures historiques. La \u00ab\u00a0boiserie Houbigant\u00a0\u00bb, \u00e9l\u00e9ment signature des boutiques, r\u00e9interpr\u00e8te le lambris \u00e0 la fran\u00e7aise avec des murs aux tonalit\u00e9s champagne et des finitions blanches bross\u00e9es \u00e0 la main, tandis que des \u00e9tag\u00e8res en verre cercl\u00e9es de laiton exposent les parfums de la marque comme des \u0153uvres d&rsquo;art.<\/p>\n<p class=\"col-md-8 offset-md-1 article-content--texte\">La boutique parisienne, situ\u00e9e au 62 rue Fran\u00e7ois-Ier, marque le retour d&rsquo;Houbigant dans la capitale apr\u00e8s cinquante ans d&rsquo;absence. D&rsquo;une superficie de 80 m\u00e8tres carr\u00e9s, elle pr\u00e9sente l&rsquo;int\u00e9gralit\u00e9 de la collection de parfums, aux c\u00f4t\u00e9s de Perris Monte Carlo, Perris Portofino et des soins Perris Swiss Laboratory.<\/p>\n<p>\u00c0 Cannes, la boutique de 150 m\u00e8tres carr\u00e9s, situ\u00e9e sur le prestigieux boulevard de la <a class=\"fnwAddLinks\" href=\"https:\/\/fr.fashionnetwork.com\/tags-croisette\" title=\"Croisette\" rel=\"nofollow noopener\" target=\"_blank\">Croisette<\/a>, renforce la pr\u00e9sence d&rsquo;Houbigant au c\u0153ur de l&rsquo;une des destinations de luxe les plus exclusives au monde. La griffe y propose \u00e9galement les collections signature de la maison, aux c\u00f4t\u00e9s des marques Perris.<\/p>\n<p>Avec l&rsquo;ouverture de ces deux flagships, Houbigant positionne ses points de vente comme des espaces de d\u00e9couverte, d&rsquo;exp\u00e9riences personnalis\u00e9es et d&rsquo;\u00e9v\u00e9nements exclusifs, renfor\u00e7ant ainsi la fid\u00e9lit\u00e9 de sa client\u00e8le et son rayonnement international.\n                            <\/p>\n<p>\n                                Cet article est une traduction automatique.<br \/>\n                                    <a href=\"https:\/\/us.fashionnetwork.com\/news\/Houbigant-opens-first-flagship-stores-in-paris-and-cannes,1764252.html\" rel=\"nofollow noopener\" target=\"_blank\">Cliquez ici<\/a> pour consulter l&rsquo;article d&rsquo;origine.\n                            <\/p>\n<p>\n                                Tous droits de reproduction et de repr\u00e9sentation r\u00e9serv\u00e9s.<br \/>\u00a9 2025 FashionNetwork.com\n                            <\/p>\n","protected":false},"excerpt":{"rendered":"Traduit par Cl\u00e9mentine Martin Publi\u00e9 le 18 septembre 2025 La maison de parfumerie fran\u00e7aise Houbigant c\u00e9l\u00e8bre son 250e&hellip;\n","protected":false},"author":2,"featured_media":399622,"comment_status":"","ping_status":"","sticky":false,"template":"","format":"standard","meta":{"footnotes":""},"categories":[1888],"tags":[1111,1928,11,1927,2424,537,2423,7307,1777,674,1011,27,2425,985,5386,12,1926,2298,626,1925,2426,2427,25,2421,2422],"class_list":{"0":"post-399621","1":"post","2":"type-post","3":"status-publish","4":"format-standard","5":"has-post-thumbnail","7":"category-paris","8":"tag-actu","9":"tag-actu-paris","10":"tag-actualites","11":"tag-actualites-paris","12":"tag-beaute","13":"tag-contact","14":"tag-cosmetiques","15":"tag-croisette","16":"tag-eu","17":"tag-europe","18":"tag-fr","19":"tag-france","20":"tag-luxe","21":"tag-mode","22":"tag-monte-carlo","23":"tag-news","24":"tag-news-paris","25":"tag-parfum","26":"tag-paris","27":"tag-paris-news","28":"tag-professionnel","29":"tag-professionnels","30":"tag-republique-francaise","31":"tag-reseau","32":"tag-textile"},"share_on_mastodon":{"url":"https:\/\/pubeurope.com\/@fr\/115224631400948986","error":""},"_links":{"self":[{"href":"https:\/\/www.europesays.com\/fr\/wp-json\/wp\/v2\/posts\/399621","targetHints":{"allow":["GET"]}}],"collection":[{"href":"https:\/\/www.europesays.com\/fr\/wp-json\/wp\/v2\/posts"}],"about":[{"href":"https:\/\/www.europesays.com\/fr\/wp-json\/wp\/v2\/types\/post"}],"author":[{"embeddable":true,"href":"https:\/\/www.europesays.com\/fr\/wp-json\/wp\/v2\/users\/2"}],"replies":[{"embeddable":true,"href":"https:\/\/www.europesays.com\/fr\/wp-json\/wp\/v2\/comments?post=399621"}],"version-history":[{"count":0,"href":"https:\/\/www.europesays.com\/fr\/wp-json\/wp\/v2\/posts\/399621\/revisions"}],"wp:featuredmedia":[{"embeddable":true,"href":"https:\/\/www.europesays.com\/fr\/wp-json\/wp\/v2\/media\/399622"}],"wp:attachment":[{"href":"https:\/\/www.europesays.com\/fr\/wp-json\/wp\/v2\/media?parent=399621"}],"wp:term":[{"taxonomy":"category","embeddable":true,"href":"https:\/\/www.europesays.com\/fr\/wp-json\/wp\/v2\/categories?post=399621"},{"taxonomy":"post_tag","embeddable":true,"href":"https:\/\/www.europesays.com\/fr\/wp-json\/wp\/v2\/tags?post=399621"}],"curies":[{"name":"wp","href":"https:\/\/api.w.org\/{rel}","templated":true}]}}